{"id":7854,"date":"2025-10-29T20:27:56","date_gmt":"2025-10-29T19:27:56","guid":{"rendered":"https:\/\/blogsaverroes.juntadeandalucia.es\/blogdeaula\/?p=7854"},"modified":"2025-11-03T20:33:00","modified_gmt":"2025-11-03T19:33:00","slug":"juntos-brillamos-mas-la-fuerza-del-equipo","status":"publish","type":"post","link":"https:\/\/blogsaverroes.juntadeandalucia.es\/blogdeaula\/2025\/10\/29\/juntos-brillamos-mas-la-fuerza-del-equipo\/","title":{"rendered":"Juntos brillamos m\u00e1s: la fuerza del equipo"},"content":{"rendered":"<p class=\"ng-star-inserted\" style=\"text-align: justify\"><span class=\"ng-star-inserted\">Hoy en 4\u00ba de Primaria hemos encendido una luz muy especial: la de nuestro equipo. A trav\u00e9s de una jornada dedicada a fortalecer la convivencia, hemos descubierto el incre\u00edble poder que tenemos cuando trabajamos unidos.<\/span><\/p>\n<p class=\"ng-star-inserted\" style=\"text-align: justify\"><span class=\"ng-star-inserted\">Todo comenz\u00f3 con el inspirador v\u00eddeo \u201cEn equipo avanzamos, todos brillamos\u201d, que nos sirvi\u00f3 para reflexionar sobre una idea clave: ayudarnos nos hace m\u00e1s fuertes a todos. Despu\u00e9s, pasamos a la acci\u00f3n con la din\u00e1mica \u201cLa fuerza de nuestra clase\u201d.<\/span><\/p>\n<p class=\"ng-star-inserted\" style=\"text-align: justify\"><span class=\"ng-star-inserted\">En un ejercicio de confianza, cada alumno y alumna comparti\u00f3 su superpoder secreto: \u00bfqu\u00e9 aporto yo al grupo? Surgieron la alegr\u00eda, la creatividad, la calma, la organizaci\u00f3n&#8230; \u00a1un mont\u00f3n de talentos! Nos dimos cuenta de que cada persona es una pieza \u00fanica y esencial en nuestro puzle.<\/span><\/p>\n<p class=\"ng-star-inserted\" style=\"text-align: justify\"><span class=\"ng-star-inserted\">La gran lecci\u00f3n del d\u00eda ha sido mirar a nuestros compa\u00f1eros y compa\u00f1eras y no solo ver amigos, sino tambi\u00e9n maestros de los que podemos aprender cada d\u00eda. Porque la verdadera fuerza de nuestra clase no est\u00e1 en uno solo, \u00a1sino en la suma de todos! \ud83e\udd1d\u2728<\/span><\/p>\nngg_shortcode_0_placeholder\n","protected":false},"excerpt":{"rendered":"<p>Hoy en 4\u00ba de Primaria hemos encendido una luz muy especial: la de nuestro equipo. A trav\u00e9s de una jornada dedicada a fortalecer la convivencia,&hellip;<\/p>\n","protected":false},"author":7619,"featured_media":7863,"comment_status":"open","ping_status":"open","sticky":false,"template":"","format":"standard","meta":{"ngg_post_thumbnail":0,"footnotes":""},"categories":[706903],"tags":[1241426,1241425],"aioseo_notices":[],"_links":{"self":[{"href":"https:\/\/blogsaverroes.juntadeandalucia.es\/blogdeaula\/wp-json\/wp\/v2\/posts\/7854"}],"collection":[{"href":"https:\/\/blogsaverroes.juntadeandalucia.es\/blogdeaula\/wp-json\/wp\/v2\/posts"}],"about":[{"href":"https:\/\/blogsaverroes.juntadeandalucia.es\/blogdeaula\/wp-json\/wp\/v2\/types\/post"}],"author":[{"embeddable":true,"href":"https:\/\/blogsaverroes.juntadeandalucia.es\/blogdeaula\/wp-json\/wp\/v2\/users\/7619"}],"replies":[{"embeddable":true,"href":"https:\/\/blogsaverroes.juntadeandalucia.es\/blogdeaula\/wp-json\/wp\/v2\/comments?post=7854"}],"version-history":[{"count":1,"href":"https:\/\/blogsaverroes.juntadeandalucia.es\/blogdeaula\/wp-json\/wp\/v2\/posts\/7854\/revisions"}],"predecessor-version":[{"id":7864,"href":"https:\/\/blogsaverroes.juntadeandalucia.es\/blogdeaula\/wp-json\/wp\/v2\/posts\/7854\/revisions\/7864"}],"wp:featuredmedia":[{"embeddable":true,"href":"https:\/\/blogsaverroes.juntadeandalucia.es\/blogdeaula\/wp-json\/wp\/v2\/media\/7863"}],"wp:attachment":[{"href":"https:\/\/blogsaverroes.juntadeandalucia.es\/blogdeaula\/wp-json\/wp\/v2\/media?parent=7854"}],"wp:term":[{"taxonomy":"category","embeddable":true,"href":"https:\/\/blogsaverroes.juntadeandalucia.es\/blogdeaula\/wp-json\/wp\/v2\/categories?post=7854"},{"taxonomy":"post_tag","embeddable":true,"href":"https:\/\/blogsaverroes.juntadeandalucia.es\/blogdeaula\/wp-json\/wp\/v2\/tags?post=7854"}],"curies":[{"name":"wp","href":"https:\/\/api.w.org\/{rel}","templated":true}]}}