{"id":143,"date":"2015-11-15T14:37:18","date_gmt":"2015-11-15T14:37:18","guid":{"rendered":"http:\/\/blogsaverroes.juntadeandalucia.es\/blogdereligion\/?p=143"},"modified":"2016-03-28T11:39:18","modified_gmt":"2016-03-28T10:39:18","slug":"san-juan-bautista24-de-junio","status":"publish","type":"post","link":"https:\/\/blogsaverroes.juntadeandalucia.es\/blogdereligion\/?p=143","title":{"rendered":"San Juan Bautista(24 de Junio)."},"content":{"rendered":"<div class=\"texte\">\n<p class=\"spip\">Este es el \u00fanico santo al cual se le celebra la fiesta el d\u00eda de su nacimiento.<\/p>\n<p class=\"spip\">San Juan Bautista naci\u00f3 seis meses antes de Jesucristo (de hoy en seis meses &#8211; el 24 de diciembre &#8211; estaremos celebrando el nacimiento de nuestro Redentor, Jes\u00fas).<\/p>\n<p class=\"spip\">El cap\u00edtulo primero del evangelio de San Lucas nos cuenta de la siguiente manera el nacimiento de Juan: Zacar\u00edas era un sacerdote jud\u00edo que estaba casado con Santa Isabel, y no ten\u00edan hijos porque ella era est\u00e9ril. Siendo ya viejos, un d\u00eda cuando estaba \u00e9l en el Templo, se le apareci\u00f3 un \u00e1ngel de pie a la derecha del altar.<\/p>\n<p class=\"spip\">Al verlo se asust\u00f3, mas el \u00e1ngel le dijo: \u00abNo tengas miedo, Zacar\u00edas; pues vengo a decirte que t\u00fa ver\u00e1s al Mes\u00edas, y que tu mujer va a tener un hijo, que ser\u00e1 su precursor, a quien pondr\u00e1s por nombre Juan. No beber\u00e1 vino ni cosa que pueda embriagar y ya desde el vientre de su madre ser\u00e1 lleno del Esp\u00edritu Santo, y convertir\u00e1 a muchos para Dios\u00bb.<\/p>\n<p class=\"spip\">Pero Zacar\u00edas respondi\u00f3 al \u00e1ngel: \u00ab\u00bfC\u00f3mo podr\u00e9 asegurarme que eso es verdad, pues mi mujer ya es vieja y yo tambi\u00e9n?\u00bb.<\/p>\n<\/div>\n<p class=\"spip\"><a href=\"http:\/\/blogsaverroes.juntadeandalucia.es\/blogdereligion\/files\/2015\/11\/jb1.jpg\"><img loading=\"lazy\" decoding=\"async\" class=\" size-medium wp-image-753 aligncenter\" src=\"http:\/\/blogsaverroes.juntadeandalucia.es\/blogdereligion\/files\/2015\/11\/jb1-300x167.jpg\" alt=\"jb1\" width=\"300\" height=\"167\" srcset=\"https:\/\/blogsaverroes.juntadeandalucia.es\/blogdereligion\/files\/2015\/11\/jb1-300x167.jpg 300w, https:\/\/blogsaverroes.juntadeandalucia.es\/blogdereligion\/files\/2015\/11\/jb1-700x393.jpg 700w, https:\/\/blogsaverroes.juntadeandalucia.es\/blogdereligion\/files\/2015\/11\/jb1.jpg 900w\" sizes=\"(max-width: 300px) 100vw, 300px\" \/><\/a><\/p>\n<div class=\"texte\">\n<p class=\"spip\">El \u00e1ngel le dijo: \u00abYo soy Gabriel, que asisto al trono de Dios, de quien he sido enviado a traerte esta nueva. Mas por cuanto t\u00fa no has dado cr\u00e9dito a mis palabras, quedar\u00e1s mudo y no volver\u00e1s a hablar hasta que todo esto se cumpla\u00bb.<\/p>\n<p class=\"spip\">Seis meses despu\u00e9s, el mismo \u00e1ngel se apareci\u00f3 a la Sant\u00edsima Virgen comunic\u00e1ndole que iba a ser Madre del Hijo de Dios, y tambi\u00e9n le dio la noticia del embarazo de su prima Isabel.<\/p>\n<p class=\"spip\">Llena de gozo corri\u00f3 a ponerse a disposici\u00f3n de su prima para ayudarle en aquellos momentos. Y habiendo entrado en su casa la salud\u00f3. En aquel momento, el ni\u00f1o Juan salt\u00f3 de alegr\u00eda en el vientre de su madre, porque acababa de recibir la gracia del Esp\u00edritu Santo al contacto del Hijo de Dios que estaba en el vientre de la Virgen.   Tambi\u00e9n Santa Isabel se sinti\u00f3 llena del Esp\u00edritu Santo y, con esp\u00edritu prof\u00e9tico, exclam\u00f3: \u00abBendita t\u00fa eres entre todas las mujeres y bendito es el fruto de tu vientre. \u00bfDe d\u00f3nde me viene a m\u00ed tanta dicha de que la Madre de mi Se\u00f1or venga a verme? Pues en ese instante que la voz de tu salutaci\u00f3n lleg\u00f3 a mis o\u00eddos, la criatura que hay en mi vientre se puso a dar saltos de j\u00fabilo. \u00a1Oh, bienaventurada eres T\u00fa que has cre\u00eddo! Porque sin falta se cumplir\u00e1n todas las cosas que se te han dicho de parte del Se\u00f1or\u00bb. Y permaneci\u00f3 la Virgen en casa de su prima aproximadamente tres meses; hasta que naci\u00f3 San Juan.<\/p>\n<p class=\"spip\"><a href=\"http:\/\/blogsaverroes.juntadeandalucia.es\/blogdereligion\/files\/2015\/11\/jb2.jpeg\"><img loading=\"lazy\" decoding=\"async\" class=\" size-full wp-image-754 aligncenter\" src=\"http:\/\/blogsaverroes.juntadeandalucia.es\/blogdereligion\/files\/2015\/11\/jb2.jpeg\" alt=\"jb2\" width=\"251\" height=\"200\" \/><\/a><\/p>\n<p class=\"spip\">De la infancia de San Juan nada sabemos. Tal vez, siendo a\u00fan un muchacho y hu\u00e9rfano de padres, huy\u00f3 al desierto lleno del Esp\u00edritu de Dios porque el contacto con la naturaleza le acercaba m\u00e1s a Dios. Vivi\u00f3 toda su juventud dedicado nada m\u00e1s a la penitencia y a la oraci\u00f3n.<\/p>\n<p class=\"spip\">Como vestido s\u00f3lo llevaba una piel de camello, y como alimento, aquello que la Providencia pusiera a su alcance: frutas silvestres, ra\u00edces, y principalmente langostas y miel silvestre. Solamente le preocupaba el Reino de Dios.<\/p>\n<p class=\"spip\">Cuando Juan ten\u00eda m\u00e1s o menos treinta a\u00f1os, se fue a la ribera del Jord\u00e1n, conducido por el Esp\u00edritu Santo, para predicar un bautismo de penitencia.<\/p>\n<p class=\"spip\">Juan no conoc\u00eda a Jes\u00fas; pero el Esp\u00edritu Santo le dijo que le ver\u00eda en el Jord\u00e1n, y le dio esta se\u00f1al para que lo reconociera: \u00abAquel sobre quien vieres que me poso en forma de paloma, Ese es\u00bb.<\/p>\n<p class=\"spip\">Habiendo llegado al Jord\u00e1n, se puso a predicar a las gentes dici\u00e9ndoles: Haced frutos dignos de penitencia y no est\u00e9is confiados diciendo: Tenemos por padre a Abraham, porque yo os aseguro que Dios es capaz de hacer nacer de estas piedras hijos de Abraham. Mirad que ya est\u00e1 el hacha puesta a la ra\u00edz de los \u00e1rboles, y todo \u00e1rbol que no d\u00e9 buen fruto, ser\u00e1 cortado y arrojado al fuego\u00bb.<\/p>\n<p class=\"spip\"><a href=\"http:\/\/blogsaverroes.juntadeandalucia.es\/blogdereligion\/files\/2015\/11\/jb3.jpeg\"><img loading=\"lazy\" decoding=\"async\" class=\" size-full wp-image-755 aligncenter\" src=\"http:\/\/blogsaverroes.juntadeandalucia.es\/blogdereligion\/files\/2015\/11\/jb3.jpeg\" alt=\"jb3\" width=\"203\" height=\"248\" \/><\/a><\/p>\n<p class=\"spip\">Y las gentes le preguntaron: \u00ab\u00bfQu\u00e9 es lo que debemos hacer?\u00bb. Y contestaba: \u00abEl que tenga dos t\u00fanicas que reparta con quien no tenga ninguna; y el que tenga alimentos que haga lo mismo\u00bb\u2026<\/p>\n<p class=\"spip\">\u00abYo a la verdad os bautizo con agua para moveros a la penitencia; pero el que ha de venir despu\u00e9s de m\u00ed es m\u00e1s poderoso que yo, y yo no soy digno ni siquiera de soltar la correa de sus sandalias. El es el que ha de bautizaros en el Esp\u00edritu Santo\u2026\u00bb<\/p>\n<p class=\"spip\">Los jud\u00edos empezaron a sospechar si el era el Cristo que ten\u00eda que venir y enviaron a unos sacerdotes a preguntarle \u00ab\u00bfTu qui\u00e9n eres?\u00bb El confes\u00f3 claramente: \u00abYo no soy el Cristo\u00bb Insistieron: \u00ab\u00bfPues c\u00f3mo bautizas?\u00bb Respondi\u00f3 Juan, diciendo: \u00abYo bautizo con agua, pero en medio de vosotros est\u00e1 Uno a quien vosotros no conoc\u00e9is. El es el que ha de venir despu\u00e9s de m\u00ed\u2026\u00bb<\/p>\n<p class=\"spip\">Por este tiempo vino Jes\u00fas de Galilea al Jord\u00e1n en busca de Juan para ser bautizado. Juan se resist\u00eda a ello diciendo: \u00ab\u00a1Yo debo ser bautizado por Ti y T\u00fa vienes a m\u00ed! A lo cual respondi\u00f3 Jes\u00fas, diciendo: \u00abD\u00e9jame hacer esto ahora, as\u00ed es como conviene que nosotros cumplamos toda justicia\u00bb. Entonces Juan condescendi\u00f3 con El.<\/p>\n<p class=\"spip\">Habiendo sido bautizado Jes\u00fas, al momento de salir del agua, y mientras hac\u00eda oraci\u00f3n, se abrieron los cielos y se vio al Esp\u00edritu de Dios que bajaba en forma de paloma y permaneci\u00f3 sobre El. Y en aquel momento se oy\u00f3 una voz del cielo que dec\u00eda: \u00abEste es mi Hijo muy amado, en quien tengo todas mis complacencias\u00bb.<\/p>\n<p class=\"spip\">Al d\u00eda siguiente vio Juan a Jes\u00fas que ven\u00eda a su encuentro, y al verlo dijo a los que estaban con \u00e9l: \u00abHe aqu\u00ed el Cordero de Dios, que quita el pecado del mundo. Este es aqu\u00e9l de quien yo os dije: Detr\u00e1s de m\u00ed vendr\u00e1 un var\u00f3n, que se ha puesto delante de m\u00ed, porque exist\u00eda antes que yo\u00bb.<\/p>\n<p class=\"spip\">\n<p class=\"spip\">Entonces Juan atestigu\u00f3, diciendo: \u00abHe visto al Esp\u00edritu en forma de paloma descender del cielo y posarse sobre El. Yo no le conoc\u00eda, pero el que me envi\u00f3 a bautizar con agua, me dijo: Aqu\u00e9l sobre quien vieres que baja el Esp\u00edritu Santo y posa sobre El, \u00e9se es el que ha de bautizar con el Esp\u00edritu Santo. Yo lo he visto, y por eso doy testimonio de que El es el Hijo de Dios\u00bb.<\/p>\n<p class=\"spip\">Herod\u00edas era la mujer de Filipo, hermano de Herodes. Herod\u00edas se divorci\u00f3 de su esposo y se cas\u00f3 con Herodes, y entonces Juan fue con \u00e9l y le recrimin\u00f3 diciendo: \u00abNo te es l\u00edcito tener por mujer a la que es de tu hermano\u00bb; y le echaba en cara las cosas malas que hab\u00eda hecho.<\/p>\n<p class=\"spip\">\n<p class=\"spip\">Entonces Herodes, instigado por la ad\u00faltera, mand\u00f3 gente hasta el Jord\u00e1n para traerlo preso, queriendo matarle, mas no se atrevi\u00f3 sabiendo que era hombre justo y santo, y le proteg\u00eda, pues estaba muy perplejo y preocupado por lo que le dec\u00eda.<\/p>\n<p class=\"spip\"><a href=\"http:\/\/blogsaverroes.juntadeandalucia.es\/blogdereligion\/files\/2015\/11\/jb4.jpg\"><img loading=\"lazy\" decoding=\"async\" class=\" size-medium wp-image-756 aligncenter\" src=\"http:\/\/blogsaverroes.juntadeandalucia.es\/blogdereligion\/files\/2015\/11\/jb4-300x150.jpg\" alt=\"jb4\" width=\"300\" height=\"150\" srcset=\"https:\/\/blogsaverroes.juntadeandalucia.es\/blogdereligion\/files\/2015\/11\/jb4-300x150.jpg 300w, https:\/\/blogsaverroes.juntadeandalucia.es\/blogdereligion\/files\/2015\/11\/jb4.jpg 500w\" sizes=\"(max-width: 300px) 100vw, 300px\" \/><\/a><\/p>\n<p class=\"spip\">Herod\u00edas le odiaba a muerte y s\u00f3lo deseaba encontrar la ocasi\u00f3n de quitarlo de en medio, pues tal vez tem\u00eda que a Herodes le remordiera la conciencia y la despidiera siguiendo el consejo de Juan.<\/p>\n<p class=\"spip\">Sin comprenderlo, ella iba a ser la ocasi\u00f3n de que Juan fuera el primer m\u00e1rtir que muri\u00f3 en defensa de la indisolubilidad del matrimonio y en contra del divorcio.<\/p>\n<p class=\"spip\">Estando Juan en la c\u00e1rcel y viendo que algunos de sus disc\u00edpulos ten\u00edan dudas respecto a Jes\u00fas, los mand\u00f3 a El para que El mismo los fortaleciera en la fe.<\/p>\n<p class=\"spip\">Llegando donde El estaba, le preguntaron diciendo: \u00abJuan el Bautista nos ha enviado a Ti a preguntarte si eres T\u00fa el que ten\u00eda que venir, o esperamos a otro\u00bb.<\/p>\n<p class=\"spip\">En aquel momento cur\u00f3 Jes\u00fas a muchos enfermos. Y, respondiendo, les dijo: \u00abId y contad a Juan las cosas que hab\u00e9is visto y o\u00eddo: Los ciegos ven, los cojos andan, los sordos oyen, los muertos resucitan, y a los pobres se les anuncia el Evangelio\u2026\u00bb<\/p>\n<p class=\"spip\">\n<p class=\"spip\">As\u00ed que fueron los disc\u00edpulos de Juan, empez\u00f3 Jes\u00fas a decir: \u00ab\u00bfQu\u00e9 salisteis a ver en el desierto? \u00bfAlguna ca\u00f1a sacudida por el viento? o \u00bfQu\u00e9 salisteis a ver? \u00bfAlg\u00fan profeta? Si, ciertamente, Yo os lo aseguro; y m\u00e1s que un profeta. Pues de El es de quien est\u00e1 escrito: Mira que yo te env\u00edo mi mensajero delante de Ti para que te prepare el camino. Por tanto os digo: Entre los nacidos de mujer, nadie ha sido mayor que Juan el Bautista\u2026\u00bb<\/p>\n<p class=\"spip\">Lleg\u00f3 el cumplea\u00f1os de Herodes y celebr\u00f3 un gran banquete, invitando a muchos personajes importantes. Y al final del banquete entr\u00f3 la hija de Herod\u00edas y bail\u00f3 en presencia de todos, de forma que agrad\u00f3 mucho a los invitados y principalmente al propio Herodes.<\/p>\n<p class=\"spip\">Entonces el rey jur\u00f3 a la muchacha: \u00abP\u00eddeme lo que quieras y te lo dar\u00e9, aunque sea la mitad de mi reino\u00bb.<\/p>\n<p class=\"spip\">Ella sali\u00f3 fuera y pregunt\u00f3 a su madre: \u00ab\u00bfQu\u00e9 le pedir\u00e9?\u00bb La ad\u00faltera, que vio la ocasi\u00f3n de conseguir al rey lo que tanto ansiaba, le contest\u00f3: \u00abP\u00eddele la cabeza de Juan el Bautista\u00bb. La muchacha entr\u00f3 de nuevo y en seguida dijo al rey: \u00abQuiero que me des ahora mismo en una bandeja la cabeza de Juan el Bautista\u00bb.<\/p>\n<p class=\"spip\">\n<p class=\"spip\">Entonces se dio cuenta el rey de su error, y se puso muy triste porque tem\u00eda matar al Bautista; pero a causa del juramento, no quiso desairarla, y, llamando a su guardia personal, orden\u00f3 que fuesen a la c\u00e1rcel, lo decapitasen y le entregaran a la muchacha la cabeza de Juan en la forma que ella lo hab\u00eda solicitado.<\/p>\n<p class=\"spip\">Biograf\u00eda copiada de la p\u00e1gina web de Aciprensa.com, desde aqu\u00ed les damos las gracias.<\/p>\n<\/div>\n","protected":false},"excerpt":{"rendered":"<p>Este es el \u00fanico santo al cual se le celebra la fiesta el d\u00eda de su nacimiento. San Juan Bautista naci\u00f3 seis meses antes de Jesucristo (de hoy en seis meses &#8211; el 24 de diciembre &#8211; estaremos celebrando el nacimiento de nuestro Redentor, Jes\u00fas). El cap\u00edtulo primero del evangelio de San Lucas nos cuenta &hellip; <\/p>\n<p><a class=\"more-link btn\" href=\"https:\/\/blogsaverroes.juntadeandalucia.es\/blogdereligion\/?p=143\">Seguir leyendo<\/a><\/p>\n","protected":false},"author":2163,"featured_media":0,"comment_status":"open","ping_status":"open","sticky":false,"template":"","format":"standard","meta":{"ngg_post_thumbnail":0,"footnotes":""},"categories":[251],"tags":[],"aioseo_notices":[],"_links":{"self":[{"href":"https:\/\/blogsaverroes.juntadeandalucia.es\/blogdereligion\/index.php?rest_route=\/wp\/v2\/posts\/143"}],"collection":[{"href":"https:\/\/blogsaverroes.juntadeandalucia.es\/blogdereligion\/index.php?rest_route=\/wp\/v2\/posts"}],"about":[{"href":"https:\/\/blogsaverroes.juntadeandalucia.es\/blogdereligion\/index.php?rest_route=\/wp\/v2\/types\/post"}],"author":[{"embeddable":true,"href":"https:\/\/blogsaverroes.juntadeandalucia.es\/blogdereligion\/index.php?rest_route=\/wp\/v2\/users\/2163"}],"replies":[{"embeddable":true,"href":"https:\/\/blogsaverroes.juntadeandalucia.es\/blogdereligion\/index.php?rest_route=%2Fwp%2Fv2%2Fcomments&post=143"}],"version-history":[{"count":3,"href":"https:\/\/blogsaverroes.juntadeandalucia.es\/blogdereligion\/index.php?rest_route=\/wp\/v2\/posts\/143\/revisions"}],"predecessor-version":[{"id":757,"href":"https:\/\/blogsaverroes.juntadeandalucia.es\/blogdereligion\/index.php?rest_route=\/wp\/v2\/posts\/143\/revisions\/757"}],"wp:attachment":[{"href":"https:\/\/blogsaverroes.juntadeandalucia.es\/blogdereligion\/index.php?rest_route=%2Fwp%2Fv2%2Fmedia&parent=143"}],"wp:term":[{"taxonomy":"category","embeddable":true,"href":"https:\/\/blogsaverroes.juntadeandalucia.es\/blogdereligion\/index.php?rest_route=%2Fwp%2Fv2%2Fcategories&post=143"},{"taxonomy":"post_tag","embeddable":true,"href":"https:\/\/blogsaverroes.juntadeandalucia.es\/blogdereligion\/index.php?rest_route=%2Fwp%2Fv2%2Ftags&post=143"}],"curies":[{"name":"wp","href":"https:\/\/api.w.org\/{rel}","templated":true}]}}