{"id":263,"date":"2015-11-16T11:12:57","date_gmt":"2015-11-16T11:12:57","guid":{"rendered":"http:\/\/blogsaverroes.juntadeandalucia.es\/blogdereligion\/?p=263"},"modified":"2024-05-28T08:40:01","modified_gmt":"2024-05-28T07:40:01","slug":"lucas","status":"publish","type":"post","link":"https:\/\/blogsaverroes.juntadeandalucia.es\/blogdereligion\/?p=263","title":{"rendered":"Lucas."},"content":{"rendered":"<table border=\"0\" width=\"100%\" align=\"center\">\n<tbody>\n<tr>\n<td rowspan=\"2\"><b>Lucas<\/b> naci\u00f3 en Antioqu\u00eda, era un hombre culto dedicado a la medicina. Fue compa\u00f1ero de Pablo en su segundo y tercer viaje y en sus dos cautividades romanas.<br \/>\nEscribi\u00f3 su Evangelio en griego hacia el a\u00f1o 85. Tambi\u00e9n escribi\u00f3 el libro de los \u00abHechos de los Ap\u00f3stoles\u00bb en el que cuenta la vida de las primeras comunidades cristianas.<\/p>\n<p><b>S\u00cdMBOLO<\/b>: un toro<\/p>\n<p><b>DESTINATARIOS<\/b>: cristianos de origen pagano, de Grecia, Asia Menor y Alejandr\u00eda.<\/td>\n<td width=\"22%\">\n<div align=\"center\"><img loading=\"lazy\" decoding=\"async\" src=\"http:\/\/ntic.educacion.es\/w3\/eos\/MaterialesEducativos\/primaria\/religion_catolica\/biblia\/nuevo\/personajes\/imagenes\/lucas.gif\" alt=\"\" width=\"91\" height=\"27\"><\/div>\n<\/td>\n<\/tr>\n<tr>\n<td width=\"22%\">\n<table border=\"1\" width=\"100%\">\n<tbody>\n<tr>\n<td height=\"174\"><img loading=\"lazy\" decoding=\"async\" src=\"http:\/\/ntic.educacion.es\/w3\/eos\/MaterialesEducativos\/primaria\/religion_catolica\/biblia\/nuevo\/evangelios\/lucas.gif\" alt=\"\" width=\"165\" height=\"169\"><\/td>\n<\/tr>\n<\/tbody>\n<\/table>\n<\/td>\n<\/tr>\n<tr>\n<td colspan=\"2\"><img loading=\"lazy\" decoding=\"async\" class=\"size-medium wp-image-1289 aligncenter\" src=\"https:\/\/blogsaverroes.juntadeandalucia.es\/blogdereligion\/files\/2015\/11\/lucas-300x243.jpg\" alt=\"\" width=\"300\" height=\"243\" srcset=\"https:\/\/blogsaverroes.juntadeandalucia.es\/blogdereligion\/files\/2015\/11\/lucas-300x243.jpg 300w, https:\/\/blogsaverroes.juntadeandalucia.es\/blogdereligion\/files\/2015\/11\/lucas-768x621.jpg 768w, https:\/\/blogsaverroes.juntadeandalucia.es\/blogdereligion\/files\/2015\/11\/lucas.jpg 1024w, https:\/\/blogsaverroes.juntadeandalucia.es\/blogdereligion\/files\/2015\/11\/lucas-700x566.jpg 700w, https:\/\/blogsaverroes.juntadeandalucia.es\/blogdereligion\/files\/2015\/11\/lucas-24x19.jpg 24w, https:\/\/blogsaverroes.juntadeandalucia.es\/blogdereligion\/files\/2015\/11\/lucas-36x29.jpg 36w, https:\/\/blogsaverroes.juntadeandalucia.es\/blogdereligion\/files\/2015\/11\/lucas-48x39.jpg 48w\" sizes=\"(max-width: 300px) 100vw, 300px\" \/><\/p>\n<p><b>MENSAJE<\/b>: ofrece un orden cronol\u00f3gico e hist\u00f3rico m\u00e1s exacto y representa la catequesis de Pablo a los gentiles.<br \/>\nTrata m\u00e1s extensamente la infancia de Jes\u00fas y es el que m\u00e1s habla de la Virgen Mar\u00eda y de todas las mujeres que rodean a Jes\u00fas.<br \/>\nNos presenta una dimensi\u00f3n universal de la religi\u00f3n cristiana.<br \/>\nSe le llama el \u00ab<b>Evangelio de la Misericordia<\/b>\u00bb porque ha recogido la actitud bondadosa de Jes\u00fas con los pecadores.<b>\u00a1JESUCRISTO ES EL SALVADOR DEL MUNDO!<\/b><\/td>\n<\/tr>\n<\/tbody>\n<\/table>\n<p>&nbsp;<\/p>\n","protected":false},"excerpt":{"rendered":"<p>Lucas naci\u00f3 en Antioqu\u00eda, era un hombre culto dedicado a la medicina. Fue compa\u00f1ero de Pablo en su segundo y tercer viaje y en sus dos cautividades romanas. Escribi\u00f3 su Evangelio en griego hacia el a\u00f1o 85. Tambi\u00e9n escribi\u00f3 el libro de los \u00abHechos de los Ap\u00f3stoles\u00bb en el que cuenta la vida de las &hellip; <\/p>\n<p><a class=\"more-link btn\" href=\"https:\/\/blogsaverroes.juntadeandalucia.es\/blogdereligion\/?p=263\">Seguir leyendo<\/a><\/p>\n","protected":false},"author":2163,"featured_media":0,"comment_status":"open","ping_status":"open","sticky":false,"template":"","format":"standard","meta":{"ngg_post_thumbnail":0,"footnotes":""},"categories":[358166],"tags":[],"aioseo_notices":[],"_links":{"self":[{"href":"https:\/\/blogsaverroes.juntadeandalucia.es\/blogdereligion\/index.php?rest_route=\/wp\/v2\/posts\/263"}],"collection":[{"href":"https:\/\/blogsaverroes.juntadeandalucia.es\/blogdereligion\/index.php?rest_route=\/wp\/v2\/posts"}],"about":[{"href":"https:\/\/blogsaverroes.juntadeandalucia.es\/blogdereligion\/index.php?rest_route=\/wp\/v2\/types\/post"}],"author":[{"embeddable":true,"href":"https:\/\/blogsaverroes.juntadeandalucia.es\/blogdereligion\/index.php?rest_route=\/wp\/v2\/users\/2163"}],"replies":[{"embeddable":true,"href":"https:\/\/blogsaverroes.juntadeandalucia.es\/blogdereligion\/index.php?rest_route=%2Fwp%2Fv2%2Fcomments&post=263"}],"version-history":[{"count":5,"href":"https:\/\/blogsaverroes.juntadeandalucia.es\/blogdereligion\/index.php?rest_route=\/wp\/v2\/posts\/263\/revisions"}],"predecessor-version":[{"id":2082,"href":"https:\/\/blogsaverroes.juntadeandalucia.es\/blogdereligion\/index.php?rest_route=\/wp\/v2\/posts\/263\/revisions\/2082"}],"wp:attachment":[{"href":"https:\/\/blogsaverroes.juntadeandalucia.es\/blogdereligion\/index.php?rest_route=%2Fwp%2Fv2%2Fmedia&parent=263"}],"wp:term":[{"taxonomy":"category","embeddable":true,"href":"https:\/\/blogsaverroes.juntadeandalucia.es\/blogdereligion\/index.php?rest_route=%2Fwp%2Fv2%2Fcategories&post=263"},{"taxonomy":"post_tag","embeddable":true,"href":"https:\/\/blogsaverroes.juntadeandalucia.es\/blogdereligion\/index.php?rest_route=%2Fwp%2Fv2%2Ftags&post=263"}],"curies":[{"name":"wp","href":"https:\/\/api.w.org\/{rel}","templated":true}]}}