{"id":72,"date":"2015-11-15T12:17:12","date_gmt":"2015-11-15T12:17:12","guid":{"rendered":"http:\/\/blogsaverroes.juntadeandalucia.es\/blogdereligion\/?p=72"},"modified":"2023-05-18T10:03:37","modified_gmt":"2023-05-18T09:03:37","slug":"arquitectura-y-fiestas-religiosas-del-valle-del-guadiato","status":"publish","type":"post","link":"https:\/\/blogsaverroes.juntadeandalucia.es\/blogdereligion\/?p=72","title":{"rendered":"ARQUITECTURA Y FIESTAS RELIGIOSAS DEL VALLE DEL GUADIATO"},"content":{"rendered":"<p>&nbsp;<\/p>\n<p style=\"text-align: center\"><a href=\"http:\/\/blogsaverroes.juntadeandalucia.es\/blogdereligion\/files\/2015\/11\/Guadito2.jpg\"><img loading=\"lazy\" decoding=\"async\" class=\"alignnone size-full wp-image-75\" src=\"http:\/\/blogsaverroes.juntadeandalucia.es\/blogdereligion\/files\/2015\/11\/Guadito2.jpg\" alt=\"Guadito2\" width=\"243\" height=\"208\"><\/a><\/p>\n<p><strong>Aldeas.<\/strong><br \/>\nFiestas y costumbres.<br \/>\n<em>Pedan\u00edas de Belmez:<\/em><\/p>\n<p>Do\u00f1a Rama: Verbena en honor a la Virgen de la Candelaria, primera semana de febrero, \u00abQuema de Judas\u00bb, el S\u00e1bado Santo y fiestas mayores en el mes de agosto.<\/p>\n<p>El Hoyo: Fiestas mayores en honor a la Virgen de Los Reyes, el \u00faltimo fin de semana de agosto.<\/p>\n<p><em>Pedan\u00edas de Fuente Obejuna:<\/em><\/p>\n<p>Alcornocal: fiestas mayores, entre el 14 y 17 de julio.<\/p>\n<p>Argall\u00f3n: Verbena de San Juan, 24 de junio.<\/p>\n<p>La Coronada: fiestas mayores, entre el 7 y el 9 de septiembre.<\/p>\n<p>Ca\u00f1ada del Gamo: romer\u00eda y feria de San Jos\u00e9, 19 de marzo.<\/p>\n<p>Cardenchosa y Los Morenos: fiestas mayores, entre el 16 y 19 de agosto.<\/p>\n<p>Cuenca: Semana Santa y fiestas mayores durante la primera semana de agosto.<\/p>\n<p>Navalcuervo: fiestas mayores, durante la segunda semana de agosto.<\/p>\n<p>Ojuelos Altos: fiestas mayores en la primera semana de agosto.<\/p>\n<p>Ojuelos Bajos: fiesta y romer\u00eda el d\u00eda de San Isidro, 15 de mayo.<\/p>\n<p>El Porvenir: fiestas mayores durante la segunda semana de julio.<\/p>\n<p>Los P\u00e1nchez: fiesta de las Cruces, en la primera semana de mayo.<\/p>\n<p>Piconcillo: fiestas mayores en honor a la Virgen del Carmen, 12 de julio.<\/p>\n<p>Posadilla: verbena de San Pedro, 29 de junio.<\/p>\n<p style=\"text-align: center\"><a href=\"http:\/\/blogsaverroes.juntadeandalucia.es\/blogdereligion\/files\/2015\/11\/Guadito3.jpg\"><img loading=\"lazy\" decoding=\"async\" class=\"alignnone size-full wp-image-76\" src=\"http:\/\/blogsaverroes.juntadeandalucia.es\/blogdereligion\/files\/2015\/11\/Guadito3.jpg\" alt=\"Guadito3\" width=\"172\" height=\"200\"><\/a><\/p>\n<p><strong>Pe\u00f1arroya &#8211; Pueblonuevo<\/strong><br \/>\nArquit\u00e9ctura religiosa<br \/>\nIglesia de Ntra. Sra. del Rosario: responde a la planta tradicional de los edificios religiosos de la Sierra cordobesa, con planta de una sola nave separada mediante un arco rebajado de la cabecera, cuadrada y cubierta con c\u00fapula. De su imaginer\u00eda destaca la talla en madera policromada de Nuestra Se\u00f1ora del Rosario, datada a finales del siglo XV. Parroquia de El Salvador: construida entre 1930 y 1960, presenta planta de cruz latina con b\u00f3vedas de medio ca\u00f1\u00f3n y c\u00fapula en el centro del crucero. De su ornamentaci\u00f3n destaca el estilo neobarroco y el antiguo monumento eucar\u00edstico de la Catedral de C\u00f3rdoba, proyectado por Hern\u00e1n Ruiz III a finales del siglo XVI, adaptado e instalado en este edificio en 1990. Forma parte de su Tesoro una importante custodia renacentista, realizada en plata, donada a la di\u00f3cesis en 1641.<\/p>\n<p>Parroquia de Santa B\u00e1rbara: construida al pairo del desarrollo industrial de la poblaci\u00f3n, fue inaugurada en 1878, aunque la construcci\u00f3n definitiva data de 1913; presenta planta de una sola nave abovedada con medios ca\u00f1ones; de su decoraci\u00f3n destacan las yeser\u00edas, muy propias de la \u00e9poca y del estilo franc\u00e9s, con reminiscencias barrocas. De entre la imaginer\u00eda conservada en el templo, datada en esta centuria, destaca la imagen de la Virgen del Carmen.<br \/>\nParroquia de San Miguel: construida en 1960, fue concebida con planta de tres naves no muy altas, con techos rasos y ricas molduras en los arcos y pilares. En ella se venera la imagen de la Virgen de la Amargura. Fiestas y costumbres.<\/p>\n<p><img loading=\"lazy\" decoding=\"async\" class=\"size-medium wp-image-1559 aligncenter\" src=\"https:\/\/blogsaverroes.juntadeandalucia.es\/blogdereligion\/files\/2015\/11\/guadiato11-300x300.jpg\" alt=\"\" width=\"300\" height=\"300\" srcset=\"https:\/\/blogsaverroes.juntadeandalucia.es\/blogdereligion\/files\/2015\/11\/guadiato11-300x300.jpg 300w, https:\/\/blogsaverroes.juntadeandalucia.es\/blogdereligion\/files\/2015\/11\/guadiato11-150x150.jpg 150w, https:\/\/blogsaverroes.juntadeandalucia.es\/blogdereligion\/files\/2015\/11\/guadiato11-100x100.jpg 100w, https:\/\/blogsaverroes.juntadeandalucia.es\/blogdereligion\/files\/2015\/11\/guadiato11-432x432.jpg 432w, https:\/\/blogsaverroes.juntadeandalucia.es\/blogdereligion\/files\/2015\/11\/guadiato11-268x268.jpg 268w, https:\/\/blogsaverroes.juntadeandalucia.es\/blogdereligion\/files\/2015\/11\/guadiato11-24x24.jpg 24w, https:\/\/blogsaverroes.juntadeandalucia.es\/blogdereligion\/files\/2015\/11\/guadiato11-36x36.jpg 36w, https:\/\/blogsaverroes.juntadeandalucia.es\/blogdereligion\/files\/2015\/11\/guadiato11-48x48.jpg 48w, https:\/\/blogsaverroes.juntadeandalucia.es\/blogdereligion\/files\/2015\/11\/guadiato11.jpg 450w\" sizes=\"(max-width: 300px) 100vw, 300px\" \/><\/p>\n<p>Destaca por su curiosidad y particularidad el hecho de que una misma poblaci\u00f3n celebre dos Semanas Santas distintas, la de Pe\u00f1arroya y la Pueblonuevo. Pascua de Resurrecci\u00f3n: se realizan excursiones al campo, en las cercan\u00edas del r\u00edo Guadiato, conocidas como Pascuas del r\u00edo. Procesiones del Cristo de la Expiraci\u00f3n y Nuestra Se\u00f1ora de los Dolores: conocida como la de los mineros, las im\u00e1genes de esta procesi\u00f3n son portadas a hombros por mineros vestidos con su atuendo habitual, monos azules y cascos con l\u00e1mpara. Fiestas de Ntra. Sra. de la Asunci\u00f3n (Feria de Pueblonuevo): 15 al 18 de agosto. En ella desfilan con su colorido y alegr\u00eda habitual los gigantes y cabezudos. Fiestas de la Virgen del Rosario (Feria de Pe\u00f1arroya): 7 al 12 de octubre. Hasta hace poco ten\u00edan una fuerte tradici\u00f3n como mercado ganadero. Santa B\u00e1rbara: 4 de diciembre. Su cultura y tradici\u00f3n minera hacen de la festividad de la patrona de los mineros una festividad importante en la localidad.<br \/>\n<strong>Belmez<\/strong><br \/>\nArquitectura religiosa<br \/>\nIglesia Parroquial de Ntra. Sra. de la Anunciaci\u00f3n: destaca su torre mud\u00e9jar y el espl\u00e9ndido retablo mayor renacentista; fue construida en el siglo XIII, con una sola nave, aunque sus posteriores remodelaciones, iniciadas a partir de mediados del siglo XVI, le dan ese aspecto barroco que presenta en la actualidad.<br \/>\nDe su Tesoro es digno de destacar un c\u00e1liz de sobria decoraci\u00f3n renacentista datado en el siglo XVII y otro de mediados del siglo XVIII con decoraci\u00f3n rococ\u00f3, as\u00ed como dos custodias de bronce dorado del siglo XVII. o Ermita de Ntra. Sra. del Castillo: tambi\u00e9n datada en \u00e9poca medieval y de una sola nave, su primitiva cubierta de madera fue reemplazada por una b\u00f3veda de lunetos. o Ermita de la Virgen de los Remedios: dedicada a la advocaci\u00f3n de la patrona de la localidad, est\u00e1 datada en el siglo XVI. Fiestas y costumbres.<\/p>\n<p>&nbsp;<\/p>\n<p style=\"text-align: center\"><a href=\"http:\/\/blogsaverroes.juntadeandalucia.es\/blogdereligion\/files\/2015\/11\/Guadito1.jpg\"><img loading=\"lazy\" decoding=\"async\" class=\"alignnone size-medium wp-image-74\" src=\"http:\/\/blogsaverroes.juntadeandalucia.es\/blogdereligion\/files\/2015\/11\/Guadito1-300x225.jpg\" alt=\"Guadito1\" width=\"300\" height=\"225\" srcset=\"https:\/\/blogsaverroes.juntadeandalucia.es\/blogdereligion\/files\/2015\/11\/Guadito1-300x225.jpg 300w, https:\/\/blogsaverroes.juntadeandalucia.es\/blogdereligion\/files\/2015\/11\/Guadito1.jpg 350w\" sizes=\"(max-width: 300px) 100vw, 300px\" \/><\/a><\/p>\n<p style=\"text-align: left\">Romer\u00eda de San Isidro: 15 de mayo. La procesi\u00f3n del Santo es acompa\u00f1ada por carretas y carrozas, caballer\u00edas y bicicletas adornadas, que tras recorrer las calles del pueblo se dirigen en romer\u00eda a los Meztos o a la Fuente del Corcho. Fiestas Mayores: del 7 al 11 de septiembre. En honor a la Virgen de los Remedios. Santa B\u00e1rbara: 4 de diciembre. Especialmente celebrada por los mineros. Quema de los Tomillos: noche del 19 de enero.<\/p>\n<p><strong>Espiel<\/strong><br \/>\nArquit\u00e9ctura religiosa<br \/>\nParroquia de San Sebasti\u00e1n: datada en el siglo XV, su planta original compuesta por una espaciosa nave \u00fanica con arcos transversales, que serv\u00edan como apoyo de la cubierta a dos aguas, ha sufrido numerosas remodelaciones a los largo del tiempo. De entre las piezas que componen su Tesoro destaca una rica muestra de plater\u00eda cordobesa de los siglos XVII, XVIII y XIX.<br \/>\nErmita de la Virgen de La Estrella: situada en un paraje natural de indiscutible belleza esta ermita, que coincide en fecha de ejecuci\u00f3n y planta con la iglesia matriz, se diferencia de \u00e9sta en que mantiene su prestancia genuina y r\u00fastica, al conservar a\u00fan su cubierta original de madera. Su cabecera est\u00e1 presidida por un retablo de principios del siglo XI. Fiestas y costumbres.<\/p>\n<p><img loading=\"lazy\" decoding=\"async\" class=\"size-medium wp-image-1568 aligncenter\" src=\"https:\/\/blogsaverroes.juntadeandalucia.es\/blogdereligion\/files\/2015\/11\/guadiato99-300x169.jpg\" alt=\"\" width=\"300\" height=\"169\" srcset=\"https:\/\/blogsaverroes.juntadeandalucia.es\/blogdereligion\/files\/2015\/11\/guadiato99-300x169.jpg 300w, https:\/\/blogsaverroes.juntadeandalucia.es\/blogdereligion\/files\/2015\/11\/guadiato99-768x432.jpg 768w, https:\/\/blogsaverroes.juntadeandalucia.es\/blogdereligion\/files\/2015\/11\/guadiato99-1024x576.jpg 1024w, https:\/\/blogsaverroes.juntadeandalucia.es\/blogdereligion\/files\/2015\/11\/guadiato99-700x393.jpg 700w, https:\/\/blogsaverroes.juntadeandalucia.es\/blogdereligion\/files\/2015\/11\/guadiato99-24x14.jpg 24w, https:\/\/blogsaverroes.juntadeandalucia.es\/blogdereligion\/files\/2015\/11\/guadiato99-36x20.jpg 36w, https:\/\/blogsaverroes.juntadeandalucia.es\/blogdereligion\/files\/2015\/11\/guadiato99-48x27.jpg 48w, https:\/\/blogsaverroes.juntadeandalucia.es\/blogdereligion\/files\/2015\/11\/guadiato99.jpg 1600w\" sizes=\"(max-width: 300px) 100vw, 300px\" \/><br \/>\nSan Sebasti\u00e1n: 20 de enero. La noche previa, los j\u00f3venes de la localidad suben al monte a recoger el tomillo con el que se encienden hogueras en las diferentes plazas y rincones del pueblo, alrededor de las que se baila y se salta hasta altas horas de la madrugada. Domingo de Resurrecci\u00f3n: es costumbre la confecci\u00f3n de mu\u00f1ecos con la imagen de Judas, que se cuelgan de los balcones de las casas para ser apaleados. Romer\u00eda de la Virgen de la Estrella: noche del \u00faltimo domingo de abril. Se celebra la romer\u00eda en honor a la patrona; previamente, el s\u00e1bado, se anuncia el inicio de las fiestas al son del redoble del tambor y de un baile t\u00edpico de ni\u00f1os, conocido como patatum.<\/p>\n<p>&nbsp;<\/p>\n<p style=\"text-align: center\"><a href=\"http:\/\/blogsaverroes.juntadeandalucia.es\/blogdereligion\/files\/2015\/11\/Guadito4.jpg\"><img loading=\"lazy\" decoding=\"async\" class=\"alignnone size-full wp-image-77\" src=\"http:\/\/blogsaverroes.juntadeandalucia.es\/blogdereligion\/files\/2015\/11\/Guadito4.jpg\" alt=\"Guadito4\" width=\"259\" height=\"194\"><\/a><\/p>\n<p style=\"text-align: left\"><strong>Fuente Obejuna<\/strong><br \/>\nArquit\u00e9ctura religiosa<br \/>\nLa Ermita de San Bartolom\u00e9. La presencia visigoda s\u00f3lo ha dejado restos apreciables en la Ermita de San Bartolom\u00e9, enclavada en un paraje de singular belleza, en pleno coraz\u00f3n de la Sierra de los Santos, que, a juzgar por su decoraci\u00f3n y car\u00e1cter suntuario debi\u00f3 ejercer quiz\u00e1 un cierto papel comarcal. Nos encontramos, sin lugar a dudas, ante la construcci\u00f3n monumental m\u00e1s antigua conservada en la comarca, si tenemos en cuenta un documento manuscrito conservado en el Archivo Parroquial de Fuente Obejuna, fechado en el a\u00f1o 1611. No es descartable la hip\u00f3tesis que relaciona la ermita con una comunidad de monjes templarios y que con anterioridad pudo haber sido el antiguo Monasterio de San Salvador de Pinna Mellaria, citado por San Eulogio de Toledo y en el que fueron enterrados durante el Califato los m\u00e1rtires moz\u00e1rabes Santa Sabigoto, San Aurelio y San Jorge (\u2020 852) y San Pedro (\u2020 855), de ah\u00ed quiz\u00e1 el origen del top\u00f3nimo de los Santos de la sierra en la que se encuentra enclavado.<\/p>\n<p><img loading=\"lazy\" decoding=\"async\" class=\"size-medium wp-image-1567 aligncenter\" src=\"https:\/\/blogsaverroes.juntadeandalucia.es\/blogdereligion\/files\/2015\/11\/guadiato88-300x225.jpg\" alt=\"\" width=\"300\" height=\"225\" srcset=\"https:\/\/blogsaverroes.juntadeandalucia.es\/blogdereligion\/files\/2015\/11\/guadiato88-300x225.jpg 300w, https:\/\/blogsaverroes.juntadeandalucia.es\/blogdereligion\/files\/2015\/11\/guadiato88-768x576.jpg 768w, https:\/\/blogsaverroes.juntadeandalucia.es\/blogdereligion\/files\/2015\/11\/guadiato88-1024x768.jpg 1024w, https:\/\/blogsaverroes.juntadeandalucia.es\/blogdereligion\/files\/2015\/11\/guadiato88-700x525.jpg 700w, https:\/\/blogsaverroes.juntadeandalucia.es\/blogdereligion\/files\/2015\/11\/guadiato88-24x18.jpg 24w, https:\/\/blogsaverroes.juntadeandalucia.es\/blogdereligion\/files\/2015\/11\/guadiato88-36x27.jpg 36w, https:\/\/blogsaverroes.juntadeandalucia.es\/blogdereligion\/files\/2015\/11\/guadiato88-48x36.jpg 48w, https:\/\/blogsaverroes.juntadeandalucia.es\/blogdereligion\/files\/2015\/11\/guadiato88.jpg 1600w\" sizes=\"(max-width: 300px) 100vw, 300px\" \/><\/p>\n<p>Iglesia Ntra. Sra. del Castillo: situada en la parte m\u00e1s alta de la localidad, su factura g\u00f3tica la data a finales del siglo XV. Su planta aparece dividida en tres naves rematadas cada una de ellas en cabeceras de testero recto, destacando por su anchura la central. Presenta como principal peculiaridad arquitect\u00f3nica su cubierta con b\u00f3vedas g\u00f3ticas, sexpartitas en la nave central y de crucer\u00edas simples en las laterales. De entre su riqueza ornamental destaca el retablo mayor, obra renacentista de finales del siglo XVI y la decoraci\u00f3n mural que desde 1950 se ha venido descubriendo en sus muros; asimismo dentro de la orfebrer\u00eda destaca la custodia parroquial que es considerada como uno de los m\u00e1s bellos ejemplares del Renacimiento cordob\u00e9s.<br \/>\nErmita del Nazareno: datada a comienzos del siglo XIV, presenta planta de tres naves, rematadas con sus correspondientes cabeceras, y separadas entre s\u00ed por arcos apuntados de estilo mud\u00e9jar. Ermita de la Caridad: de una sola nave, conserva a\u00fan hoy su interesante cabecera mud\u00e9jar; el resto del edificio fue objeto de una reforma en el siglo XVIII.<br \/>\nErmita de Gracia: situada en las proximidades de la localidad y dedicada a la advocaci\u00f3n de su patrona, este edificio, de una sola nave con arcos transversales apuntados elevados sobre pilares, ha sido datado en el siglo XV. Sus muros interiores aparecen literalmente \u00abforrados\u00bb de fotograf\u00edas de soldados, por ser costumbre entre los mozos de la localidad el encomendarse a la Virgen cuando marchan al servicio militar. Ermita de San Sebasti\u00e1n: dedicada al patr\u00f3n del municipio, presenta la misma planta y cronolog\u00eda que el edificio anterior.<\/p>\n<p><img loading=\"lazy\" decoding=\"async\" class=\"size-full wp-image-1561 aligncenter\" src=\"https:\/\/blogsaverroes.juntadeandalucia.es\/blogdereligion\/files\/2015\/11\/guadiato33.jpg\" alt=\"\" width=\"275\" height=\"183\" srcset=\"https:\/\/blogsaverroes.juntadeandalucia.es\/blogdereligion\/files\/2015\/11\/guadiato33.jpg 275w, https:\/\/blogsaverroes.juntadeandalucia.es\/blogdereligion\/files\/2015\/11\/guadiato33-24x16.jpg 24w, https:\/\/blogsaverroes.juntadeandalucia.es\/blogdereligion\/files\/2015\/11\/guadiato33-36x24.jpg 36w, https:\/\/blogsaverroes.juntadeandalucia.es\/blogdereligion\/files\/2015\/11\/guadiato33-48x32.jpg 48w\" sizes=\"(max-width: 275px) 100vw, 275px\" \/><\/p>\n<p>Convento de la Presentaci\u00f3n de Mar\u00eda: la fundaci\u00f3n del convento por la Congregaci\u00f3n de las Madres Concepcionistas data del a\u00f1o 1532, y el templo, de una sola nave abovedada y con cabecera cubierta con c\u00fapula, fue erigido en el siglo XVII.<br \/>\nConvento de los Padres Franciscanos: la Orden de los Franciscanos, instalada en la localidad desde 1520 -con el fin de dar asistencia pastoral a los numerosos n\u00facleos de poblaci\u00f3n existentes en el t\u00e9rmino municipal a principios de esta centuria-, mantuvo como sede principal de su convento la denominada Huerta del Perrengue hasta el a\u00f1o 1594 en que se traslada a su enclave actual. Pero la \u00e9poca de m\u00e1ximo esplendor de la congregaci\u00f3n en Fuente Obejuna fue el siglo XVIII, durante el cual los Padres Franciscanos impartieron estudios de Teolog\u00eda Moral, Filosof\u00eda, Artes y Teolog\u00eda; ya en este periodo, como actualmente, el convento contaba con dos claustros, enfermer\u00eda, celdas y oficinas. Adem\u00e1s de la iglesia, de planta de cruz latina con b\u00f3vedas de medio ca\u00f1\u00f3n y c\u00fapula, destaca el camar\u00edn del altar mayor, realizado entre 1765 y 1782, con planta trilobulada y una rica decoraci\u00f3n rococ\u00f3.<\/p>\n<p><img loading=\"lazy\" decoding=\"async\" class=\"size-medium wp-image-1560 aligncenter\" src=\"https:\/\/blogsaverroes.juntadeandalucia.es\/blogdereligion\/files\/2015\/11\/guadiato222-300x200.jpg\" alt=\"\" width=\"300\" height=\"200\" srcset=\"https:\/\/blogsaverroes.juntadeandalucia.es\/blogdereligion\/files\/2015\/11\/guadiato222-300x200.jpg 300w, https:\/\/blogsaverroes.juntadeandalucia.es\/blogdereligion\/files\/2015\/11\/guadiato222-24x16.jpg 24w, https:\/\/blogsaverroes.juntadeandalucia.es\/blogdereligion\/files\/2015\/11\/guadiato222-36x24.jpg 36w, https:\/\/blogsaverroes.juntadeandalucia.es\/blogdereligion\/files\/2015\/11\/guadiato222-48x32.jpg 48w, https:\/\/blogsaverroes.juntadeandalucia.es\/blogdereligion\/files\/2015\/11\/guadiato222.jpg 470w\" sizes=\"(max-width: 300px) 100vw, 300px\" \/><\/p>\n<p>Fiestas y costumbres.<br \/>\nRomer\u00eda de la Virgen de Gracia: \u00faltimo domingo de abril. Carrozas y caballistas acompa\u00f1an a la Virgen hasta su ermita. Fiestas Locales: segunda semana de agosto. Feria de San Miguel: \u00faltimo fin de semana de septiembre. Feria agr\u00edcola y ganadera con gran tradici\u00f3n en la comarca. Romer\u00edas y fiestas de las Aldeas: (Vid. Las Aldeas de Sierra Morena).<br \/>\nComo algo excepcional y \u00fanico de esta villa podemos considerar la representaci\u00f3n de la obra literaria de Lope de Vega, Fuenteovejuna, representada en el mes de agosto, bianualmente, por los propios mellarienses.<\/p>\n<p style=\"text-align: center\"><a href=\"http:\/\/blogsaverroes.juntadeandalucia.es\/blogdereligion\/files\/2015\/11\/Guadito-0.jpg\"><img loading=\"lazy\" decoding=\"async\" class=\"alignnone size-full wp-image-73\" src=\"http:\/\/blogsaverroes.juntadeandalucia.es\/blogdereligion\/files\/2015\/11\/Guadito-0.jpg\" alt=\"Guadito 0\" width=\"274\" height=\"184\"><\/a><\/p>\n<p style=\"text-align: left\"><strong>La Granjuela<\/strong><br \/>\nArquit\u00e9ctura religiosa<br \/>\nIglesia de Ntra. Sra. del Valle: construida en 1950 por arquitectos de la Comisar\u00eda de Regiones Devastadas, tras la destrucci\u00f3n durante la Guerra Civil del templo original -de cuya existencia se tienen datos en el siglo XVI-, presenta planta de una sola nave enmarcada por arcos transversales de ladrillo sobre columnas y, en su exterior, elementos y formas que recuerdan el estilo barroco; su torre, dispuesta de forma oblicua, recuerda a las iglesias cordobesas de San Andr\u00e9s y San Lorenzo. De su imaginer\u00eda destaca la imagen de Ntra. Sra. del Valle, obra de alg\u00fan taller castellano de principios del siglo XIX. Fiestas y costumbres.<br \/>\nRomer\u00eda de San Isidro: domingo siguiente al 15 de mayo. La romer\u00eda, en honor al Santo, se celebra en el lugar conocido como El Lozadal. Feria de la Virgen del Valle: primeros d\u00edas del mes de agosto. En honor a la patrona.<\/p>\n<p><img loading=\"lazy\" decoding=\"async\" class=\"size-medium wp-image-1563 aligncenter\" src=\"https:\/\/blogsaverroes.juntadeandalucia.es\/blogdereligion\/files\/2015\/11\/guadiato44-282x300.jpg\" alt=\"\" width=\"282\" height=\"300\" srcset=\"https:\/\/blogsaverroes.juntadeandalucia.es\/blogdereligion\/files\/2015\/11\/guadiato44-282x300.jpg 282w, https:\/\/blogsaverroes.juntadeandalucia.es\/blogdereligion\/files\/2015\/11\/guadiato44-34x36.jpg 34w, https:\/\/blogsaverroes.juntadeandalucia.es\/blogdereligion\/files\/2015\/11\/guadiato44-45x48.jpg 45w, https:\/\/blogsaverroes.juntadeandalucia.es\/blogdereligion\/files\/2015\/11\/guadiato44.jpg 329w\" sizes=\"(max-width: 282px) 100vw, 282px\" \/><\/p>\n<p><strong>Obejo<\/strong><br \/>\nArquitectura religiosa<br \/>\nParroquia de San Pedro Abad: su planta, datada en los albores de la Reconquista, est\u00e1 dividida en tres naves separadas por arcos peraltados apoyados en columnas de m\u00e1rmol, rematadas en capiteles califales. Fue objeto de importantes remodelaciones y ampliaciones durante el siglo XVII, momento al que pertenece la torre de ladrillo y mamposter\u00eda.<\/p>\n<p style=\"text-align: center\"><a href=\"http:\/\/blogsaverroes.juntadeandalucia.es\/blogdereligion\/files\/2015\/11\/obejo.jpg\"><img loading=\"lazy\" decoding=\"async\" class=\"alignnone size-medium wp-image-51\" src=\"http:\/\/blogsaverroes.juntadeandalucia.es\/blogdereligion\/files\/2015\/11\/obejo-300x158.jpg\" alt=\"obejo\" width=\"300\" height=\"158\" srcset=\"https:\/\/blogsaverroes.juntadeandalucia.es\/blogdereligion\/files\/2015\/11\/obejo-300x158.jpg 300w, https:\/\/blogsaverroes.juntadeandalucia.es\/blogdereligion\/files\/2015\/11\/obejo.jpg 310w\" sizes=\"(max-width: 300px) 100vw, 300px\" \/><\/a><\/p>\n<p style=\"text-align: left\">Ermita de San Benito: su construcci\u00f3n, datada en el siglo XVIII, presenta planta de una sola nave cubierta por b\u00f3veda de medios ca\u00f1ones, rematada en la cabecera con un tramo cubierto por b\u00f3veda va\u00edda, que recibe su apoyo de un arco de secci\u00f3n c\u00f3ncava. Por su parte baja, el edificio aparece rematado por un p\u00f3rtico de tres arcos levantados sobre arcos prism\u00e1ticos.<\/p>\n<p>Fiestas y costumbres.<br \/>\nRomer\u00eda de San Benito: domingo m\u00e1s pr\u00f3ximo al 24 de marzo y s\u00e1bado m\u00e1s pr\u00f3ximo al 21 de julio (Fiestas Patronales). Una de las tradiciones culturales que merece especial atenci\u00f3n es la \u201cDanza de las Espadas\u201d, en honor de su patr\u00f3n San Benito, danza tambi\u00e9n llamada del \u00abpatat\u00fas\u00bb o \u00abbachimach\u00eda\u00bb (que simboliza el arte guerrero de los pueblos b\u00e1rbaros y que significa \u201ccasi saltando\u201d).Los danzantes van ataviados con camisa blanca, pantal\u00f3n corto, faja y unas polainas de cuero. Mientras la procesi\u00f3n avanza, los danzantes \u201cbailan acompa\u00f1ados de espadas de hierro que en ocasiones enlazan unas con o otras para hacer un carril por el cual bailan sin parar de saltar, de ah\u00ed su nombre\u201d. A mitad de recorrido se produce el momento m\u00e1s esperado de todos, el conocido \u201cpatat\u00fa\u201d, acto en el cual el resto de danzantes simulan ahorcar al maestro de danza, utilizando para esto sus espadas dispuestas unas contra otras, quedando la cabeza del maestro apresada entre todas ellas. Pero la alegr\u00eda que expresa esta danza se ve recompensada con la huida final del maestro de su trampa, que escapa de entre los hierros y sale saltando, sigui\u00e9ndole en su camino de regreso a la ermita el resto de compa\u00f1eros. A su llegada, los bailarines dejan de danzar para hacer un pasillo al santo que entra de nuevo en la ermita, acabando hasta el siguiente a\u00f1o la procesi\u00f3n y la Danza de las Espadas, pero qu\u00e9 mejor modo de hacerlo que repartiendo, a todos los all\u00ed presentes, bu\u00f1uelos caseros acompa\u00f1ados de vino de Montilla para paliar los efectos del calor. San Antonio Abad: 17 de enero.<\/p>\n<p><strong>Valsequillo<\/strong><br \/>\nArquitectura religiosa<br \/>\nLa iglesia de la Inmaculada Concepci\u00f3n de Valsequillo muestra una concepci\u00f3n de la Arquitectura que Regiones utiliza, correspondiente a una iglesia de una gran nave, con entrada sotocoro y una capilla mayor o presbiterio independiente, ligeramente elevada sobre el resto del templo y con las dependencias parroquiales en una cruj\u00eda que flanquea la nave por cada uno de sus lados y capillas en alg\u00fan caso, as\u00ed como una logia lateral y un baptisterio. Podemos decir, as\u00ed, que est\u00e1n compuestas exteriormente de una fachada, un cuerpo de nave principal, cubierto a dos aguas, un presbiterio m\u00e1s elevado y una logia adosada.<br \/>\nFiestas y costumbres.<br \/>\nRomer\u00eda de la Virgen de F\u00e1tima: segundo domingo de mayo. Alegre y participativa esta romer\u00eda se celebra en el paraje de El Torruco, en donde se halla la ermita. Corpus Christi: esa noche los mozos declaran su amor a las j\u00f3venes de la localidad colgando en sus ventanas ramas de eucalipto y flores. Ferias Locales: fin de semana m\u00e1s pr\u00f3ximo al 22 de agosto.<\/p>\n<p><img loading=\"lazy\" decoding=\"async\" class=\"size-medium wp-image-1564 aligncenter\" src=\"https:\/\/blogsaverroes.juntadeandalucia.es\/blogdereligion\/files\/2015\/11\/guadiato55-300x225.jpg\" alt=\"\" width=\"300\" height=\"225\" srcset=\"https:\/\/blogsaverroes.juntadeandalucia.es\/blogdereligion\/files\/2015\/11\/guadiato55.jpg 300w, https:\/\/blogsaverroes.juntadeandalucia.es\/blogdereligion\/files\/2015\/11\/guadiato55-24x18.jpg 24w, https:\/\/blogsaverroes.juntadeandalucia.es\/blogdereligion\/files\/2015\/11\/guadiato55-36x27.jpg 36w, https:\/\/blogsaverroes.juntadeandalucia.es\/blogdereligion\/files\/2015\/11\/guadiato55-48x36.jpg 48w\" sizes=\"(max-width: 300px) 100vw, 300px\" \/><\/p>\n<p><strong>Villanueva del Rey<\/strong><br \/>\nArquitectura religiosa<br \/>\nIglesia de la Inmaculada Concepci\u00f3n: edificada en el siglo XVI, su planta presenta la estructura t\u00edpica de las iglesias serranas, con una sola nave y cabecera cuadrada. Ha sido objeto de importantes remodelaciones de la que quiz\u00e1 sea la m\u00e1s importante la ampliaci\u00f3n experimentada en el siglo XVIII. Entre sus elementos decorativos despunta el sagrario del presbiterio, realizado en madera y datado en el siglo XVI, y otro de madera tallada y dorada,posiblemente de finales del siglo XVIII.<br \/>\nAsimismo son dignas de destacar dos custodias, una renacentista realizada en plata y la otra,de plata dorada, que conserva el mismo estilo renacentista, aunque del siglo XVII.<\/p>\n<p style=\"text-align: center\"><a href=\"http:\/\/blogsaverroes.juntadeandalucia.es\/blogdereligion\/files\/2015\/11\/Guadito5.jpg\"><img loading=\"lazy\" decoding=\"async\" class=\"alignnone size-full wp-image-78\" src=\"http:\/\/blogsaverroes.juntadeandalucia.es\/blogdereligion\/files\/2015\/11\/Guadito5.jpg\" alt=\"Guadito5\" width=\"128\" height=\"96\"><\/a><\/p>\n<p>Ermita de Santiago: situada en la entrada a la poblaci\u00f3n, se dedica a la advocaci\u00f3n del patr\u00f3n local; su planta, como tantas otras iglesias del Valle presenta una sola nave rematada en cabecera cuadrada.<br \/>\nFiestas y costumbres.<br \/>\nRomer\u00eda de San Isidro: 15 de mayo. La romer\u00eda se desarrolla en la Dehesa Boyal, a la que los romeros acuden con carrozas. Feria de Santiago: alrededor del 20 y 23 de agosto. En honor del patr\u00f3n de la localidad.<\/p>\n<p><img loading=\"lazy\" decoding=\"async\" class=\"size-medium wp-image-1565 aligncenter\" src=\"https:\/\/blogsaverroes.juntadeandalucia.es\/blogdereligion\/files\/2015\/11\/guadiato66-300x225.jpg\" alt=\"\" width=\"300\" height=\"225\" srcset=\"https:\/\/blogsaverroes.juntadeandalucia.es\/blogdereligion\/files\/2015\/11\/guadiato66-300x225.jpg 300w, https:\/\/blogsaverroes.juntadeandalucia.es\/blogdereligion\/files\/2015\/11\/guadiato66-24x18.jpg 24w, https:\/\/blogsaverroes.juntadeandalucia.es\/blogdereligion\/files\/2015\/11\/guadiato66-36x27.jpg 36w, https:\/\/blogsaverroes.juntadeandalucia.es\/blogdereligion\/files\/2015\/11\/guadiato66-48x36.jpg 48w, https:\/\/blogsaverroes.juntadeandalucia.es\/blogdereligion\/files\/2015\/11\/guadiato66.jpg 640w\" sizes=\"(max-width: 300px) 100vw, 300px\" \/>D\u00eda de la Candelar\u00eda:Se celebra la quema\u00bb le\u00f1a\u00bb el 2 de Febrero,celebrando la Virgen De La Candelaria.<\/p>\n<p><strong>Villaharta<\/strong><br \/>\nArquitectura religiosa<br \/>\nParroquia de Nuestra Se\u00f1ora de la Piedad: construida en 1828, su interior, con reminiscencias barrocas, presenta una sola nave cubierta con b\u00f3veda de medio ca\u00f1\u00f3n con lunetos, flanqueada por nichos laterales de medio punto. En su exterior se refleja claramente el gusto neocl\u00e1sico de la \u00e9poca, con su torre de ladrillo rojo y la portada con pilastras toscanas. De su ornamentaci\u00f3n interior destaca el retablo barroco de la Virgen de Bel\u00e9n, procedente del cercano Monasterio de Pedrique. Fiestas y costumbres.<br \/>\nVirgen del Carmen: fin de semana m\u00e1s pr\u00f3ximo al 16 de julio. Virgen de la Candelaria: primera semana de febrero. Se encienden hogueras de tomillo en las plazas y calles de la localidad, alrededor de las cuales los vecinos danzan y cantan viejas canciones populares.<\/p>\n<p><img loading=\"lazy\" decoding=\"async\" class=\"size-medium wp-image-1566 aligncenter\" src=\"https:\/\/blogsaverroes.juntadeandalucia.es\/blogdereligion\/files\/2015\/11\/guadiato77-197x300.jpg\" alt=\"\" width=\"197\" height=\"300\" srcset=\"https:\/\/blogsaverroes.juntadeandalucia.es\/blogdereligion\/files\/2015\/11\/guadiato77-197x300.jpg 197w, https:\/\/blogsaverroes.juntadeandalucia.es\/blogdereligion\/files\/2015\/11\/guadiato77-16x24.jpg 16w, https:\/\/blogsaverroes.juntadeandalucia.es\/blogdereligion\/files\/2015\/11\/guadiato77-24x36.jpg 24w, https:\/\/blogsaverroes.juntadeandalucia.es\/blogdereligion\/files\/2015\/11\/guadiato77-32x48.jpg 32w, https:\/\/blogsaverroes.juntadeandalucia.es\/blogdereligion\/files\/2015\/11\/guadiato77.jpg 315w\" sizes=\"(max-width: 197px) 100vw, 197px\" \/><\/p>\n<p>Textos e im\u00e1genes sacado de la p\u00e1gina web del Guadito(arquitectura religiosa y fiestas y costumbres), en el apartado Patrimonio Hist\u00f3rico: http:\/\/www.guadiato.es\/index.ph<\/p>\n","protected":false},"excerpt":{"rendered":"<p>&nbsp; Aldeas. Fiestas y costumbres. Pedan\u00edas de Belmez: Do\u00f1a Rama: Verbena en honor a la Virgen de la Candelaria, primera semana de febrero, \u00abQuema de Judas\u00bb, el S\u00e1bado Santo y fiestas mayores en el mes de agosto. El Hoyo: Fiestas mayores en honor a la Virgen de Los Reyes, el \u00faltimo fin de semana de &hellip; <\/p>\n<p><a class=\"more-link btn\" href=\"https:\/\/blogsaverroes.juntadeandalucia.es\/blogdereligion\/?p=72\">Seguir leyendo<\/a><\/p>\n","protected":false},"author":2163,"featured_media":0,"comment_status":"open","ping_status":"open","sticky":false,"template":"","format":"standard","meta":{"ngg_post_thumbnail":0,"footnotes":""},"categories":[251],"tags":[],"aioseo_notices":[],"_links":{"self":[{"href":"https:\/\/blogsaverroes.juntadeandalucia.es\/blogdereligion\/index.php?rest_route=\/wp\/v2\/posts\/72"}],"collection":[{"href":"https:\/\/blogsaverroes.juntadeandalucia.es\/blogdereligion\/index.php?rest_route=\/wp\/v2\/posts"}],"about":[{"href":"https:\/\/blogsaverroes.juntadeandalucia.es\/blogdereligion\/index.php?rest_route=\/wp\/v2\/types\/post"}],"author":[{"embeddable":true,"href":"https:\/\/blogsaverroes.juntadeandalucia.es\/blogdereligion\/index.php?rest_route=\/wp\/v2\/users\/2163"}],"replies":[{"embeddable":true,"href":"https:\/\/blogsaverroes.juntadeandalucia.es\/blogdereligion\/index.php?rest_route=%2Fwp%2Fv2%2Fcomments&post=72"}],"version-history":[{"count":8,"href":"https:\/\/blogsaverroes.juntadeandalucia.es\/blogdereligion\/index.php?rest_route=\/wp\/v2\/posts\/72\/revisions"}],"predecessor-version":[{"id":1998,"href":"https:\/\/blogsaverroes.juntadeandalucia.es\/blogdereligion\/index.php?rest_route=\/wp\/v2\/posts\/72\/revisions\/1998"}],"wp:attachment":[{"href":"https:\/\/blogsaverroes.juntadeandalucia.es\/blogdereligion\/index.php?rest_route=%2Fwp%2Fv2%2Fmedia&parent=72"}],"wp:term":[{"taxonomy":"category","embeddable":true,"href":"https:\/\/blogsaverroes.juntadeandalucia.es\/blogdereligion\/index.php?rest_route=%2Fwp%2Fv2%2Fcategories&post=72"},{"taxonomy":"post_tag","embeddable":true,"href":"https:\/\/blogsaverroes.juntadeandalucia.es\/blogdereligion\/index.php?rest_route=%2Fwp%2Fv2%2Ftags&post=72"}],"curies":[{"name":"wp","href":"https:\/\/api.w.org\/{rel}","templated":true}]}}