{"id":126,"date":"2017-11-20T12:39:00","date_gmt":"2017-11-20T11:39:00","guid":{"rendered":"https:\/\/blogsaverroes.juntadeandalucia.es\/blogeoiloja\/2017\/11\/20\/la-camera-cachee\/"},"modified":"2017-11-20T12:39:00","modified_gmt":"2017-11-20T11:39:00","slug":"la-camera-cachee","status":"publish","type":"post","link":"https:\/\/blogsaverroes.juntadeandalucia.es\/blogeoiloja\/2017\/11\/20\/la-camera-cachee\/","title":{"rendered":"La cam\u00e9ra cach\u00e9e"},"content":{"rendered":"<p>Anik avait cinq ans et ne parlait pas du tout. Elle a \u00e9t\u00e9 prise en charge \u00e0 de nombreuses reprises par des psychologues, tout cela pointait vers un probl\u00e8me d\u2019autisme. Elle pr\u00e9f\u00e9rait rester dans sa pi\u00e8ce ferm\u00e9e \u00e0 cl\u00e9 et jouer. Bien que ses parents \u00e9taient tr\u00e8s inquiets, elle semblait heureuse. Ses rires se faisaient entendre dans la pi\u00e8ce avec la porte toujours ferm\u00e9e.<\/p>\n<p>-Une cam\u00e9ra!, c&#8217;\u00e9tait l&#8217;id\u00e9e de la m\u00e8re pour savoir ce qu&#8217;elle faisait alors qu&#8217;ils ne pouvaient pas l&#8217;observer. Comme chaque apr\u00e8s-midi, elle rentrait de l&#8217;\u00e9cole, prenait le go\u00fbter et montait dans sa chambre jusqu&#8217;\u00e0 l&#8217;heure du d\u00eener.<\/p>\n<p>L&#8217;image enregistr\u00e9e a tout dit. Elle n&#8217;\u00e9tait pas seule, une image floue, des billes roulaient sur le sol sans les toucher, et une voix lui disait: \u201cLa faute de notre s\u00e9paration \u00e9tait de ton p\u00e8re, il m&#8217;a jet\u00e9 sur le balcon\u201d.<\/p>\n<p>Le crime a \u00e9t\u00e9 d\u00e9couvert, la m\u00e8re est devenue folle et cette masse de fum\u00e9e avec une voix n&#8217;est plus r\u00e9apparue. Anik a maintenant 20 ans et est toujours \u00e0 l&#8217;h\u00f4pital psychiatrique.<\/p>\n<p><\/p>\n<div style=\"clear: both;text-align: center\"><a href=\"https:\/\/1.bp.blogspot.com\/-0X78T6NlXoc\/WhKwWAZCssI\/AAAAAAAAAHs\/uvdyVL9WE_4ZgPWC5qOQum6Ma0XIwjnTwCLcBGAs\/s1600\/ni%25C3%25B1a.JPG\" style=\"margin-left: 1em;margin-right: 1em\"><img loading=\"lazy\" decoding=\"async\" border=\"0\" data-original-height=\"507\" data-original-width=\"497\" height=\"200\" src=\"https:\/\/1.bp.blogspot.com\/-0X78T6NlXoc\/WhKwWAZCssI\/AAAAAAAAAHs\/uvdyVL9WE_4ZgPWC5qOQum6Ma0XIwjnTwCLcBGAs\/s200\/ni%25C3%25B1a.JPG\" width=\"195\" \/><\/a><\/div>\n<div style=\"text-align: right\">\u00c9l\u00e8ve : Pilar Matas Aguilera, 4e ann\u00e9e de fran\u00e7ais<\/div>\n","protected":false},"excerpt":{"rendered":"<p>Anik avait cinq ans et ne parlait pas du tout. Elle a \u00e9t\u00e9 prise en charge \u00e0 de nombreuses reprises par des psychologues, tout cela pointait vers un probl\u00e8me d\u2019autisme. Elle pr\u00e9f\u00e9rait rester dans&#46;&#46;&#46;<\/p>\n","protected":false},"author":8616,"featured_media":0,"comment_status":"open","ping_status":"open","sticky":false,"template":"","format":"standard","meta":{"ngg_post_thumbnail":0,"footnotes":""},"categories":[35],"tags":[],"aioseo_notices":[],"_links":{"self":[{"href":"https:\/\/blogsaverroes.juntadeandalucia.es\/blogeoiloja\/wp-json\/wp\/v2\/posts\/126"}],"collection":[{"href":"https:\/\/blogsaverroes.juntadeandalucia.es\/blogeoiloja\/wp-json\/wp\/v2\/posts"}],"about":[{"href":"https:\/\/blogsaverroes.juntadeandalucia.es\/blogeoiloja\/wp-json\/wp\/v2\/types\/post"}],"author":[{"embeddable":true,"href":"https:\/\/blogsaverroes.juntadeandalucia.es\/blogeoiloja\/wp-json\/wp\/v2\/users\/8616"}],"replies":[{"embeddable":true,"href":"https:\/\/blogsaverroes.juntadeandalucia.es\/blogeoiloja\/wp-json\/wp\/v2\/comments?post=126"}],"version-history":[{"count":0,"href":"https:\/\/blogsaverroes.juntadeandalucia.es\/blogeoiloja\/wp-json\/wp\/v2\/posts\/126\/revisions"}],"wp:attachment":[{"href":"https:\/\/blogsaverroes.juntadeandalucia.es\/blogeoiloja\/wp-json\/wp\/v2\/media?parent=126"}],"wp:term":[{"taxonomy":"category","embeddable":true,"href":"https:\/\/blogsaverroes.juntadeandalucia.es\/blogeoiloja\/wp-json\/wp\/v2\/categories?post=126"},{"taxonomy":"post_tag","embeddable":true,"href":"https:\/\/blogsaverroes.juntadeandalucia.es\/blogeoiloja\/wp-json\/wp\/v2\/tags?post=126"}],"curies":[{"name":"wp","href":"https:\/\/api.w.org\/{rel}","templated":true}]}}