{"id":16,"date":"2020-04-06T20:44:00","date_gmt":"2020-04-06T18:44:00","guid":{"rendered":""},"modified":"2020-04-22T14:56:24","modified_gmt":"2020-04-22T12:56:24","slug":"mon-quartier-prefere","status":"publish","type":"post","link":"https:\/\/blogsaverroes.juntadeandalucia.es\/blogeoiloja\/2020\/04\/06\/mon-quartier-prefere\/","title":{"rendered":"Mon quartier pr\u00e9f\u00e9r\u00e9"},"content":{"rendered":"<p><img loading=\"lazy\" decoding=\"async\" class=\"alignnone size-medium wp-image-225 aligncenter\" src=\"https:\/\/blogsaverroes.juntadeandalucia.es\/blogeoiloja\/files\/2020\/04\/loja2-300x122.jpg\" alt=\"\" width=\"300\" height=\"122\" srcset=\"https:\/\/blogsaverroes.juntadeandalucia.es\/blogeoiloja\/files\/2020\/04\/loja2-300x122.jpg 300w, https:\/\/blogsaverroes.juntadeandalucia.es\/blogeoiloja\/files\/2020\/04\/loja2-24x10.jpg 24w, https:\/\/blogsaverroes.juntadeandalucia.es\/blogeoiloja\/files\/2020\/04\/loja2-36x15.jpg 36w, https:\/\/blogsaverroes.juntadeandalucia.es\/blogeoiloja\/files\/2020\/04\/loja2-48x20.jpg 48w, https:\/\/blogsaverroes.juntadeandalucia.es\/blogeoiloja\/files\/2020\/04\/loja2.jpg 550w\" sizes=\"(max-width: 300px) 100vw, 300px\" \/><\/p>\n<div style=\"text-align: center\" align=\"center\"><b><span style=\"font-size: 12.0pt\">MON QUARTIER PR\u00c9F\u00c9R\u00c9 \u00c0 LOJA<\/span><\/b><\/div>\n<div>&nbsp;<\/div>\n<div>&nbsp;<\/div>\n<div>&nbsp;<\/div>\n<div><span style=\"font-size: 12.0pt\">Mon quartier pr\u00e9f\u00e9r\u00e9 de Loja, c\u00b4est le centre historique de la ville. Il y a plusieurs \u00e9glises, l\u2019\u00c9glise de l\u2019Incarnation, Sainte Catherine et Saint Gabriel.<\/span><\/div>\n<div>&nbsp;<\/div>\n<div><span style=\"font-size: 12.0pt\">Dans mon quartier se trouve aussi le palais de Narvaez, qui est maintenant la Mairie. L\u2019\u00e9glise de l\u2019Incarnation se trouve \u00e0 c\u00f4t\u00e9 d\u2019une place qui s\u2019appelle \u00ab&nbsp;Plaza de Arriba&nbsp;\u00bb<\/span><\/div>\n<div>&nbsp;<\/div>\n<div><span style=\"font-size: 12.0pt\">Pr\u00e8s de l\u2019H\u00f4tel de Ville part une rue pi\u00e9tonne qui s\u2019appelle rue \u00ab&nbsp;Zacatin&nbsp;\u00bb, o\u00f9 il y a plusieurs magasins&nbsp;: une boutique de chaussures, un bureau de tabac et une boucherie. En face se trouve le march\u00e9 municipal.<\/span><\/div>\n<div>&nbsp;<\/div>\n<div><span style=\"font-size: 12.0pt\">De la place du march\u00e9, part une rue qui m\u00e8ne \u00e0 l\u2019\u00e9glise San Gabriel. Cette \u00e9glise a une belle fa\u00e7ade du XII\u00e8me si\u00e8cle qui est attribu\u00e9e au sculpteur Diego de Silo\u00e9.<\/span><\/div>\n<div>&nbsp;<\/div>\n<div><span style=\"font-size: 12.0pt\">Aussi, dans le centre historique se trouvent les restes d\u2019une forteresse arabe ou \u00ab&nbsp;Alcazaba&nbsp;\u00bb o\u00f9 se trouve aujourd\u00b4hui le mus\u00e9e de la ville. A c\u00f4t\u00e9 du ch\u00e2teau arabe, il y a une fontaine avec vingt-cinq tuyaux, qui s\u2019appelle ainsi.<\/span><\/div>\n<div>&nbsp;<\/div>\n<div><span style=\"font-size: 12.0pt\">Pour aller dans ces endroits, je me d\u00e9place \u00e0 pied car c\u2019est une tr\u00e8s belle promenade.<\/span><\/div>\n<div><span style=\"font-size: 12.0pt\">&nbsp;<\/span><\/div>\n<div><span style=\"font-size: 12.0pt\">Evangelina, 1\u00aaA<\/span><\/div>\n<p>&nbsp;<\/p>\n","protected":false},"excerpt":{"rendered":"<p>MON QUARTIER PR\u00c9F\u00c9R\u00c9 \u00c0 LOJA &nbsp; &nbsp; &nbsp; Mon quartier pr\u00e9f\u00e9r\u00e9 de Loja, c\u00b4est le centre historique de la ville. Il y a plusieurs \u00e9glises, l\u2019\u00c9glise de l\u2019Incarnation, Sainte Catherine et Saint Gabriel. &nbsp;&#46;&#46;&#46;<\/p>\n","protected":false},"author":8616,"featured_media":225,"comment_status":"open","ping_status":"open","sticky":false,"template":"","format":"standard","meta":{"ngg_post_thumbnail":0,"footnotes":""},"categories":[4],"tags":[],"aioseo_notices":[],"_links":{"self":[{"href":"https:\/\/blogsaverroes.juntadeandalucia.es\/blogeoiloja\/wp-json\/wp\/v2\/posts\/16"}],"collection":[{"href":"https:\/\/blogsaverroes.juntadeandalucia.es\/blogeoiloja\/wp-json\/wp\/v2\/posts"}],"about":[{"href":"https:\/\/blogsaverroes.juntadeandalucia.es\/blogeoiloja\/wp-json\/wp\/v2\/types\/post"}],"author":[{"embeddable":true,"href":"https:\/\/blogsaverroes.juntadeandalucia.es\/blogeoiloja\/wp-json\/wp\/v2\/users\/8616"}],"replies":[{"embeddable":true,"href":"https:\/\/blogsaverroes.juntadeandalucia.es\/blogeoiloja\/wp-json\/wp\/v2\/comments?post=16"}],"version-history":[{"count":2,"href":"https:\/\/blogsaverroes.juntadeandalucia.es\/blogeoiloja\/wp-json\/wp\/v2\/posts\/16\/revisions"}],"predecessor-version":[{"id":226,"href":"https:\/\/blogsaverroes.juntadeandalucia.es\/blogeoiloja\/wp-json\/wp\/v2\/posts\/16\/revisions\/226"}],"wp:featuredmedia":[{"embeddable":true,"href":"https:\/\/blogsaverroes.juntadeandalucia.es\/blogeoiloja\/wp-json\/wp\/v2\/media\/225"}],"wp:attachment":[{"href":"https:\/\/blogsaverroes.juntadeandalucia.es\/blogeoiloja\/wp-json\/wp\/v2\/media?parent=16"}],"wp:term":[{"taxonomy":"category","embeddable":true,"href":"https:\/\/blogsaverroes.juntadeandalucia.es\/blogeoiloja\/wp-json\/wp\/v2\/categories?post=16"},{"taxonomy":"post_tag","embeddable":true,"href":"https:\/\/blogsaverroes.juntadeandalucia.es\/blogeoiloja\/wp-json\/wp\/v2\/tags?post=16"}],"curies":[{"name":"wp","href":"https:\/\/api.w.org\/{rel}","templated":true}]}}