{"id":304,"date":"2020-04-30T15:09:55","date_gmt":"2020-04-30T13:09:55","guid":{"rendered":"https:\/\/blogsaverroes.juntadeandalucia.es\/blogeoiloja\/?p=304"},"modified":"2020-04-30T15:09:55","modified_gmt":"2020-04-30T13:09:55","slug":"ma-vision-par-la-fenetre","status":"publish","type":"post","link":"https:\/\/blogsaverroes.juntadeandalucia.es\/blogeoiloja\/2020\/04\/30\/ma-vision-par-la-fenetre\/","title":{"rendered":"Ma vision par la fen\u00eatre"},"content":{"rendered":"<p><img loading=\"lazy\" decoding=\"async\" class=\"alignnone size-medium wp-image-305 aligncenter\" src=\"https:\/\/blogsaverroes.juntadeandalucia.es\/blogeoiloja\/files\/2020\/04\/Membrillos-Antonio-Varas-de-la-Rosa-226x300.jpg\" alt=\"\" width=\"226\" height=\"300\" srcset=\"https:\/\/blogsaverroes.juntadeandalucia.es\/blogeoiloja\/files\/2020\/04\/Membrillos-Antonio-Varas-de-la-Rosa-226x300.jpg 226w, https:\/\/blogsaverroes.juntadeandalucia.es\/blogeoiloja\/files\/2020\/04\/Membrillos-Antonio-Varas-de-la-Rosa-18x24.jpg 18w, https:\/\/blogsaverroes.juntadeandalucia.es\/blogeoiloja\/files\/2020\/04\/Membrillos-Antonio-Varas-de-la-Rosa-27x36.jpg 27w, https:\/\/blogsaverroes.juntadeandalucia.es\/blogeoiloja\/files\/2020\/04\/Membrillos-Antonio-Varas-de-la-Rosa-36x48.jpg 36w, https:\/\/blogsaverroes.juntadeandalucia.es\/blogeoiloja\/files\/2020\/04\/Membrillos-Antonio-Varas-de-la-Rosa.jpg 528w\" sizes=\"(max-width: 226px) 100vw, 226px\" \/><\/p>\n<p>Aujourd\u2019hui quand je regarde par la fen\u00eatre je peux voir le monde nu, les rues sont vides, les magasines sont ferm\u00e9s et le gens sont enferm\u00e9s chez eux. Je sais que la terre est en train de se soigner et \u00e7a me fait plaisir. Le monde que j\u2019aimerais voir n\u2019est pas celui d\u2019avant la quarantaine mais celui d\u2019hier et du pr\u00e9sent.<\/p>\n<p>J&#8217;esp\u00e8re que cette exp\u00e9rience pourra nous ouvrir les yeux et que nous respecterons le lieu o\u00f9 nous habitons vu qu\u2019il est unique et je voudrais que les gens &nbsp;lui donne de l\u2019importance. J\u2019aimerais voir un soleil qui br\u00fble, les enfants jouant sur les places, mes amies et moi chez le marchand de glaces, aller \u00e0 des f\u00eates et profiter pendant tous les moments avant que je parte.<\/p>\n<p style=\"text-align: right\">Marta Gonz\u00e1lez Solier<\/p>\n","protected":false},"excerpt":{"rendered":"<p>Aujourd\u2019hui quand je regarde par la fen\u00eatre je peux voir le monde nu, les rues sont vides, les magasines sont ferm\u00e9s et le gens sont enferm\u00e9s chez eux. Je sais que la terre est&#46;&#46;&#46;<\/p>\n","protected":false},"author":8616,"featured_media":305,"comment_status":"open","ping_status":"open","sticky":false,"template":"","format":"standard","meta":{"ngg_post_thumbnail":0,"footnotes":""},"categories":[11],"tags":[],"aioseo_notices":[],"_links":{"self":[{"href":"https:\/\/blogsaverroes.juntadeandalucia.es\/blogeoiloja\/wp-json\/wp\/v2\/posts\/304"}],"collection":[{"href":"https:\/\/blogsaverroes.juntadeandalucia.es\/blogeoiloja\/wp-json\/wp\/v2\/posts"}],"about":[{"href":"https:\/\/blogsaverroes.juntadeandalucia.es\/blogeoiloja\/wp-json\/wp\/v2\/types\/post"}],"author":[{"embeddable":true,"href":"https:\/\/blogsaverroes.juntadeandalucia.es\/blogeoiloja\/wp-json\/wp\/v2\/users\/8616"}],"replies":[{"embeddable":true,"href":"https:\/\/blogsaverroes.juntadeandalucia.es\/blogeoiloja\/wp-json\/wp\/v2\/comments?post=304"}],"version-history":[{"count":1,"href":"https:\/\/blogsaverroes.juntadeandalucia.es\/blogeoiloja\/wp-json\/wp\/v2\/posts\/304\/revisions"}],"predecessor-version":[{"id":306,"href":"https:\/\/blogsaverroes.juntadeandalucia.es\/blogeoiloja\/wp-json\/wp\/v2\/posts\/304\/revisions\/306"}],"wp:featuredmedia":[{"embeddable":true,"href":"https:\/\/blogsaverroes.juntadeandalucia.es\/blogeoiloja\/wp-json\/wp\/v2\/media\/305"}],"wp:attachment":[{"href":"https:\/\/blogsaverroes.juntadeandalucia.es\/blogeoiloja\/wp-json\/wp\/v2\/media?parent=304"}],"wp:term":[{"taxonomy":"category","embeddable":true,"href":"https:\/\/blogsaverroes.juntadeandalucia.es\/blogeoiloja\/wp-json\/wp\/v2\/categories?post=304"},{"taxonomy":"post_tag","embeddable":true,"href":"https:\/\/blogsaverroes.juntadeandalucia.es\/blogeoiloja\/wp-json\/wp\/v2\/tags?post=304"}],"curies":[{"name":"wp","href":"https:\/\/api.w.org\/{rel}","templated":true}]}}