{"id":348,"date":"2020-05-23T20:38:00","date_gmt":"2020-05-23T18:38:00","guid":{"rendered":"https:\/\/blogsaverroes.juntadeandalucia.es\/blogeoiloja\/?p=348"},"modified":"2020-05-23T20:38:00","modified_gmt":"2020-05-23T18:38:00","slug":"recomendacion-serie-covid-19-merli","status":"publish","type":"post","link":"https:\/\/blogsaverroes.juntadeandalucia.es\/blogeoiloja\/2020\/05\/23\/recomendacion-serie-covid-19-merli\/","title":{"rendered":"recomendaci\u00f3n serie COVID-19: Merl\u00ed"},"content":{"rendered":"<p>Je vous recommande Merl\u00ed, une s\u00e9rie catalane qui a trois saisons et une s\u00e9rie d\u00e9riv\u00e9e qui compte d\u2019une saison.<\/p>\n<p>Cette s\u00e9rie raconte la vie de quelques \u00e9tudiants qui ont entre 17 et 18 ans et leur professeur principal, Merl\u00ed, qui leur enseigne la litt\u00e9rature.<\/p>\n<p>Une s\u00e9rie tranquille, sans beaucoup d\u2019action, mais qui permet de t&#8217;identifier avec certains personnages.<\/p>\n<p style=\"text-align: right\"><strong>Reyes G\u00f3mez Aguilera 4\u00ba<\/strong><\/p>\n<p>#AulaDeCineAnd<\/p>\n<p>#ProgramasinnovacionenCasa<\/p>\n<p>#EducaAnd<\/p>\n<p>&nbsp;<\/p>\n<p>&nbsp;<\/p>\n<p>&nbsp;<\/p>\n<p>&nbsp;<\/p>\n<p>&nbsp;<\/p>\n","protected":false},"excerpt":{"rendered":"<p>Je vous recommande Merl\u00ed, une s\u00e9rie catalane qui a trois saisons et une s\u00e9rie d\u00e9riv\u00e9e qui compte d\u2019une saison. Cette s\u00e9rie raconte la vie de quelques \u00e9tudiants qui ont entre 17 et 18 ans&#46;&#46;&#46;<\/p>\n","protected":false},"author":8616,"featured_media":349,"comment_status":"open","ping_status":"open","sticky":false,"template":"","format":"standard","meta":{"ngg_post_thumbnail":0,"footnotes":""},"categories":[62],"tags":[63],"aioseo_notices":[],"_links":{"self":[{"href":"https:\/\/blogsaverroes.juntadeandalucia.es\/blogeoiloja\/wp-json\/wp\/v2\/posts\/348"}],"collection":[{"href":"https:\/\/blogsaverroes.juntadeandalucia.es\/blogeoiloja\/wp-json\/wp\/v2\/posts"}],"about":[{"href":"https:\/\/blogsaverroes.juntadeandalucia.es\/blogeoiloja\/wp-json\/wp\/v2\/types\/post"}],"author":[{"embeddable":true,"href":"https:\/\/blogsaverroes.juntadeandalucia.es\/blogeoiloja\/wp-json\/wp\/v2\/users\/8616"}],"replies":[{"embeddable":true,"href":"https:\/\/blogsaverroes.juntadeandalucia.es\/blogeoiloja\/wp-json\/wp\/v2\/comments?post=348"}],"version-history":[{"count":1,"href":"https:\/\/blogsaverroes.juntadeandalucia.es\/blogeoiloja\/wp-json\/wp\/v2\/posts\/348\/revisions"}],"predecessor-version":[{"id":350,"href":"https:\/\/blogsaverroes.juntadeandalucia.es\/blogeoiloja\/wp-json\/wp\/v2\/posts\/348\/revisions\/350"}],"wp:featuredmedia":[{"embeddable":true,"href":"https:\/\/blogsaverroes.juntadeandalucia.es\/blogeoiloja\/wp-json\/wp\/v2\/media\/349"}],"wp:attachment":[{"href":"https:\/\/blogsaverroes.juntadeandalucia.es\/blogeoiloja\/wp-json\/wp\/v2\/media?parent=348"}],"wp:term":[{"taxonomy":"category","embeddable":true,"href":"https:\/\/blogsaverroes.juntadeandalucia.es\/blogeoiloja\/wp-json\/wp\/v2\/categories?post=348"},{"taxonomy":"post_tag","embeddable":true,"href":"https:\/\/blogsaverroes.juntadeandalucia.es\/blogeoiloja\/wp-json\/wp\/v2\/tags?post=348"}],"curies":[{"name":"wp","href":"https:\/\/api.w.org\/{rel}","templated":true}]}}