{"id":410,"date":"2022-06-17T14:08:48","date_gmt":"2022-06-17T12:08:48","guid":{"rendered":"https:\/\/blogsaverroes.juntadeandalucia.es\/blogeoiloja\/?p=410"},"modified":"2022-06-17T14:09:45","modified_gmt":"2022-06-17T12:09:45","slug":"sesion-formativa-online-sobre-igualdad","status":"publish","type":"post","link":"https:\/\/blogsaverroes.juntadeandalucia.es\/blogeoiloja\/2022\/06\/17\/sesion-formativa-online-sobre-igualdad\/","title":{"rendered":"Sesi\u00f3n formativa online sobre igualdad"},"content":{"rendered":"<p>El pasado 4 de mayo, en el marco del Pacto de Estado contra la violencia de g\u00e9nero, los alumnos y profesores de la Escuela Oficial de Idiomas de Loja asistieron a una formaci\u00f3n sobre prevenci\u00f3n y protecci\u00f3n integral de las mujeres v\u00edctimas de la violencia de g\u00e9nero, especialmente en el medio rural, que imparti\u00f3 la Asociaci\u00f3n AMUVI.<\/p>\n<p><img loading=\"lazy\" decoding=\"async\" class=\"alignnone size-medium wp-image-411\" src=\"https:\/\/blogsaverroes.juntadeandalucia.es\/blogeoiloja\/files\/2022\/06\/IMG20220504184904-300x135.jpg\" alt=\"\" width=\"300\" height=\"135\" srcset=\"https:\/\/blogsaverroes.juntadeandalucia.es\/blogeoiloja\/files\/2022\/06\/IMG20220504184904-300x135.jpg 300w, https:\/\/blogsaverroes.juntadeandalucia.es\/blogeoiloja\/files\/2022\/06\/IMG20220504184904-1024x461.jpg 1024w, https:\/\/blogsaverroes.juntadeandalucia.es\/blogeoiloja\/files\/2022\/06\/IMG20220504184904-768x346.jpg 768w, https:\/\/blogsaverroes.juntadeandalucia.es\/blogeoiloja\/files\/2022\/06\/IMG20220504184904-1536x691.jpg 1536w, https:\/\/blogsaverroes.juntadeandalucia.es\/blogeoiloja\/files\/2022\/06\/IMG20220504184904-2048x922.jpg 2048w\" sizes=\"(max-width: 300px) 100vw, 300px\" \/> <img loading=\"lazy\" decoding=\"async\" class=\"alignnone size-medium wp-image-412\" src=\"https:\/\/blogsaverroes.juntadeandalucia.es\/blogeoiloja\/files\/2022\/06\/IMG20220504185132-300x135.jpg\" alt=\"\" width=\"300\" height=\"135\" srcset=\"https:\/\/blogsaverroes.juntadeandalucia.es\/blogeoiloja\/files\/2022\/06\/IMG20220504185132-300x135.jpg 300w, https:\/\/blogsaverroes.juntadeandalucia.es\/blogeoiloja\/files\/2022\/06\/IMG20220504185132-1024x462.jpg 1024w, https:\/\/blogsaverroes.juntadeandalucia.es\/blogeoiloja\/files\/2022\/06\/IMG20220504185132-768x347.jpg 768w, https:\/\/blogsaverroes.juntadeandalucia.es\/blogeoiloja\/files\/2022\/06\/IMG20220504185132-1536x693.jpg 1536w, https:\/\/blogsaverroes.juntadeandalucia.es\/blogeoiloja\/files\/2022\/06\/IMG20220504185132-2048x924.jpg 2048w\" sizes=\"(max-width: 300px) 100vw, 300px\" \/> <img loading=\"lazy\" decoding=\"async\" class=\"alignnone size-medium wp-image-413\" src=\"https:\/\/blogsaverroes.juntadeandalucia.es\/blogeoiloja\/files\/2022\/06\/IMG20220504185341-300x135.jpg\" alt=\"\" width=\"300\" height=\"135\" srcset=\"https:\/\/blogsaverroes.juntadeandalucia.es\/blogeoiloja\/files\/2022\/06\/IMG20220504185341-300x135.jpg 300w, https:\/\/blogsaverroes.juntadeandalucia.es\/blogeoiloja\/files\/2022\/06\/IMG20220504185341-1024x461.jpg 1024w, https:\/\/blogsaverroes.juntadeandalucia.es\/blogeoiloja\/files\/2022\/06\/IMG20220504185341-768x346.jpg 768w, https:\/\/blogsaverroes.juntadeandalucia.es\/blogeoiloja\/files\/2022\/06\/IMG20220504185341-1536x691.jpg 1536w, https:\/\/blogsaverroes.juntadeandalucia.es\/blogeoiloja\/files\/2022\/06\/IMG20220504185341-2048x922.jpg 2048w\" sizes=\"(max-width: 300px) 100vw, 300px\" \/><\/p>\n","protected":false},"excerpt":{"rendered":"<p>El pasado 4 de mayo, en el marco del Pacto de Estado contra la violencia de g\u00e9nero, los alumnos y profesores de la Escuela Oficial de Idiomas de Loja asistieron a una formaci\u00f3n sobre&#46;&#46;&#46;<\/p>\n","protected":false},"author":8616,"featured_media":0,"comment_status":"closed","ping_status":"open","sticky":false,"template":"","format":"standard","meta":{"ngg_post_thumbnail":0,"footnotes":""},"categories":[1],"tags":[],"aioseo_notices":[],"_links":{"self":[{"href":"https:\/\/blogsaverroes.juntadeandalucia.es\/blogeoiloja\/wp-json\/wp\/v2\/posts\/410"}],"collection":[{"href":"https:\/\/blogsaverroes.juntadeandalucia.es\/blogeoiloja\/wp-json\/wp\/v2\/posts"}],"about":[{"href":"https:\/\/blogsaverroes.juntadeandalucia.es\/blogeoiloja\/wp-json\/wp\/v2\/types\/post"}],"author":[{"embeddable":true,"href":"https:\/\/blogsaverroes.juntadeandalucia.es\/blogeoiloja\/wp-json\/wp\/v2\/users\/8616"}],"replies":[{"embeddable":true,"href":"https:\/\/blogsaverroes.juntadeandalucia.es\/blogeoiloja\/wp-json\/wp\/v2\/comments?post=410"}],"version-history":[{"count":2,"href":"https:\/\/blogsaverroes.juntadeandalucia.es\/blogeoiloja\/wp-json\/wp\/v2\/posts\/410\/revisions"}],"predecessor-version":[{"id":416,"href":"https:\/\/blogsaverroes.juntadeandalucia.es\/blogeoiloja\/wp-json\/wp\/v2\/posts\/410\/revisions\/416"}],"wp:attachment":[{"href":"https:\/\/blogsaverroes.juntadeandalucia.es\/blogeoiloja\/wp-json\/wp\/v2\/media?parent=410"}],"wp:term":[{"taxonomy":"category","embeddable":true,"href":"https:\/\/blogsaverroes.juntadeandalucia.es\/blogeoiloja\/wp-json\/wp\/v2\/categories?post=410"},{"taxonomy":"post_tag","embeddable":true,"href":"https:\/\/blogsaverroes.juntadeandalucia.es\/blogeoiloja\/wp-json\/wp\/v2\/tags?post=410"}],"curies":[{"name":"wp","href":"https:\/\/api.w.org\/{rel}","templated":true}]}}