{"id":87,"date":"2018-10-23T16:40:00","date_gmt":"2018-10-23T14:40:00","guid":{"rendered":"https:\/\/blogsaverroes.juntadeandalucia.es\/blogeoiloja\/2018\/10\/23\/lettre-de-candidature\/"},"modified":"2018-10-23T16:40:00","modified_gmt":"2018-10-23T14:40:00","slug":"lettre-de-candidature","status":"publish","type":"post","link":"https:\/\/blogsaverroes.juntadeandalucia.es\/blogeoiloja\/2018\/10\/23\/lettre-de-candidature\/","title":{"rendered":"Lettre de candidature"},"content":{"rendered":"<div style=\"clear: both;text-align: center\"><a href=\"https:\/\/2.bp.blogspot.com\/-mf1Y4MzctZU\/W88yn2C9lbI\/AAAAAAAAAMU\/jRjkovl3DhcaNNBdK_kJfjSvFYFGYSSrwCLcBGAs\/s1600\/Anabel.jpg\" style=\"margin-left: 1em;margin-right: 1em\"><img loading=\"lazy\" decoding=\"async\" border=\"0\" data-original-height=\"1440\" data-original-width=\"1600\" height=\"288\" src=\"https:\/\/2.bp.blogspot.com\/-mf1Y4MzctZU\/W88yn2C9lbI\/AAAAAAAAAMU\/jRjkovl3DhcaNNBdK_kJfjSvFYFGYSSrwCLcBGAs\/s320\/Anabel.jpg\" width=\"320\" \/><\/a><\/div>\n<p><\/p>\n<div align=\"right\" style=\"line-height: normal;margin-bottom: 1.0pt;text-align: right\"><span lang=\"FR\">Alliance francaise<\/span><\/div>\n<div align=\"right\" style=\"line-height: normal;margin-bottom: 1.0pt;text-align: right\"><span lang=\"FR\">\u00c0 l\u2019attention du Service de<\/span><\/div>\n<div align=\"right\" style=\"line-height: normal;margin-bottom: 1.0pt;text-align: right\"><span lang=\"FR\">Ressources Humaines<\/span><\/div>\n<div align=\"right\" style=\"line-height: normal;margin-bottom: 1.0pt;text-align: right\"><span lang=\"FR\">101, boulevard Respal<\/span><\/div>\n<div align=\"right\" style=\"line-height: normal;margin-bottom: 1.0pt;text-align: right\"><span lang=\"FR\">75457 Paris<\/span><\/div>\n<div align=\"right\" style=\"line-height: normal;margin-bottom: 1.0pt;text-align: right\"><\/div>\n<div align=\"right\" style=\"line-height: normal;margin-bottom: 1.0pt;text-align: right\"><\/div>\n<div style=\"line-height: normal;margin-bottom: 1.0pt\"><span lang=\"FR\">Objet: candidature pour le poste de secr\u00e9taire<span>&nbsp; <\/span>administrative<\/span><\/div>\n<div style=\"line-height: normal;margin-bottom: 1.0pt\"><span lang=\"FR\"><span>&nbsp;&nbsp;&nbsp;&nbsp;&nbsp;&nbsp;&nbsp;&nbsp; <\/span>P\/J: CV<\/span><\/div>\n<div align=\"right\" style=\"line-height: normal;margin-bottom: 1.0pt;text-align: right\"><span lang=\"FR\">Paris, le jeudi 13 octobre 2018<\/span><\/div>\n<div style=\"line-height: normal;margin-bottom: 1.0pt;text-align: justify\"><span lang=\"FR\">Madame, Monsieur,<\/span><\/div>\n<div style=\"line-height: normal;margin-bottom: 1.0pt;text-align: justify\"><\/div>\n<div style=\"line-height: normal;margin-bottom: 1.0pt;text-align: justify\"><span lang=\"FR\"><span>&nbsp;&nbsp;&nbsp;&nbsp;&nbsp;&nbsp;&nbsp;&nbsp;&nbsp;&nbsp;&nbsp;&nbsp;&nbsp; <\/span>Apr\u00e8s une exp\u00e9rience dans le domaine administratif pendant plus de sept ans, je recherche un poste \u00e0 l\u2019Alliance francaise; ainsi je me permets de vous adresser ma candidature au poste de secr\u00e9taire administratif.<\/span><\/div>\n<div style=\"line-height: normal;margin-bottom: 1.0pt;text-align: justify\"><\/div>\n<div style=\"line-height: normal;margin-bottom: 1.0pt;text-align: justify\"><span lang=\"FR\"><span>&nbsp;&nbsp;&nbsp;&nbsp;&nbsp;&nbsp;&nbsp;&nbsp; <\/span>Ma formation et mes exp\u00e9riences professionnelles m\u2019ont permis d\u2019occuper des postes avec des fonctions similaires, notamment pour l\u2019administration gouvernementale dans le domaine de la culture. Rigoureuse et organis\u00e9e, je suis de plus capable de travailler aussi bien en autonomie qu\u2019en \u00e9quipe.<\/span><\/div>\n<div style=\"line-height: normal;margin-bottom: 1.0pt;text-align: justify\"><\/div>\n<div style=\"line-height: normal;margin-bottom: 1.0pt;text-align: justify\"><span lang=\"FR\"><span>&nbsp;&nbsp;&nbsp;&nbsp;&nbsp;&nbsp;&nbsp;&nbsp; <\/span>J\u2019esp\u00e8re vivement que mon curriculum-vitae, adress\u00e9 en pi\u00e8ce jointe, saura retenir votre attention et me permettra de vous rencontrer pour un entretien.<\/span><\/div>\n<div style=\"line-height: normal;margin-bottom: 1.0pt;text-align: justify\"><\/div>\n<div style=\"line-height: normal;margin-bottom: 1.0pt;text-align: justify\"><span lang=\"FR\"><span>&nbsp;&nbsp;&nbsp;&nbsp;&nbsp;&nbsp;&nbsp;&nbsp; <\/span>Dans l&#8217;attente de votre r\u00e9ponse, et vous remerciant par avance de l\u2019attention que vous accorderez \u00e0 ma candidature, veuillez recevoir, Madame, Monsieur, l\u2019expression de mes respectueuses salutations.<\/span><\/div>\n<div style=\"line-height: normal;margin-bottom: 1.0pt;text-align: justify\"><\/div>\n<div style=\"line-height: normal;margin-bottom: 1.0pt;text-align: justify\"><\/div>\n<div align=\"right\" style=\"line-height: normal;margin-bottom: 1.0pt;text-align: right\"><span>Anabel Rodr\u00edguez<\/span><\/div>\n<div align=\"right\" style=\"line-height: normal;margin-bottom: 1.0pt;text-align: right\"><\/div>\n<div align=\"right\" style=\"line-height: normal;margin-bottom: 1.0pt;text-align: right\"><\/div>\n<div align=\"right\" style=\"line-height: normal;margin-bottom: 1.0pt;text-align: right\"><span lang=\"FR\">\u00c9crit par Anabel Rodr\u00edguez, 5\u00e8me ann\u00e9e de fran\u00e7ais.<\/span><\/div>\n<p><\/p>\n","protected":false},"excerpt":{"rendered":"<p>Alliance francaise \u00c0 l\u2019attention du Service de Ressources Humaines 101, boulevard Respal 75457 Paris Objet: candidature pour le poste de secr\u00e9taire&nbsp; administrative &nbsp;&nbsp;&nbsp;&nbsp;&nbsp;&nbsp;&nbsp;&nbsp; P\/J: CV Paris, le jeudi 13 octobre 2018 Madame, Monsieur, &nbsp;&nbsp;&nbsp;&nbsp;&nbsp;&nbsp;&nbsp;&nbsp;&nbsp;&nbsp;&nbsp;&nbsp;&nbsp;&#46;&#46;&#46;<\/p>\n","protected":false},"author":8616,"featured_media":0,"comment_status":"open","ping_status":"open","sticky":false,"template":"","format":"standard","meta":{"ngg_post_thumbnail":0,"footnotes":""},"categories":[1],"tags":[],"aioseo_notices":[],"_links":{"self":[{"href":"https:\/\/blogsaverroes.juntadeandalucia.es\/blogeoiloja\/wp-json\/wp\/v2\/posts\/87"}],"collection":[{"href":"https:\/\/blogsaverroes.juntadeandalucia.es\/blogeoiloja\/wp-json\/wp\/v2\/posts"}],"about":[{"href":"https:\/\/blogsaverroes.juntadeandalucia.es\/blogeoiloja\/wp-json\/wp\/v2\/types\/post"}],"author":[{"embeddable":true,"href":"https:\/\/blogsaverroes.juntadeandalucia.es\/blogeoiloja\/wp-json\/wp\/v2\/users\/8616"}],"replies":[{"embeddable":true,"href":"https:\/\/blogsaverroes.juntadeandalucia.es\/blogeoiloja\/wp-json\/wp\/v2\/comments?post=87"}],"version-history":[{"count":0,"href":"https:\/\/blogsaverroes.juntadeandalucia.es\/blogeoiloja\/wp-json\/wp\/v2\/posts\/87\/revisions"}],"wp:attachment":[{"href":"https:\/\/blogsaverroes.juntadeandalucia.es\/blogeoiloja\/wp-json\/wp\/v2\/media?parent=87"}],"wp:term":[{"taxonomy":"category","embeddable":true,"href":"https:\/\/blogsaverroes.juntadeandalucia.es\/blogeoiloja\/wp-json\/wp\/v2\/categories?post=87"},{"taxonomy":"post_tag","embeddable":true,"href":"https:\/\/blogsaverroes.juntadeandalucia.es\/blogeoiloja\/wp-json\/wp\/v2\/tags?post=87"}],"curies":[{"name":"wp","href":"https:\/\/api.w.org\/{rel}","templated":true}]}}