{"id":880,"date":"2023-03-01T18:48:23","date_gmt":"2023-03-01T16:48:23","guid":{"rendered":"http:\/\/bahiadebarbate.es\/?p=880"},"modified":"2023-03-01T18:48:23","modified_gmt":"2023-03-01T16:48:23","slug":"admision-y-escolarizacion-2023-2024","status":"publish","type":"post","link":"https:\/\/blogsaverroes.juntadeandalucia.es\/blogjjosesanchezjuntadeandalucia\/2023\/03\/01\/admision-y-escolarizacion-2023-2024\/","title":{"rendered":"Admisi\u00f3n y Escolarizaci\u00f3n 2023\/2024"},"content":{"rendered":"\n<p>Estimadas familias:<\/p>\n\n\n\n<p>Entre los d\u00edas 1 y 31 de marzo, queda abierto el periodo de escolarizaci\u00f3n para el curso 23\/24.<\/p>\n\n\n\n<p>Pod\u00e9is encontrar la informaci\u00f3n y documentaci\u00f3n necesaria, tanto en la p\u00e1gina de la Consejer\u00eda de Educaci\u00f3n (<a href=\"https:\/\/www.juntadeandalucia.es\/educacion\/portals\/web\/escolarizacion\">https:\/\/www.juntadeandalucia.es\/educacion\/portals\/web\/escolarizacion<\/a>); como en el Tabl\u00f3n de Anuncios IPasen y del centro; como en esta p\u00e1gina web (<a href=\"http:\/\/bahiadebarbate.es\/(\">http:\/\/bahiadebarbate.es\/<\/a>), en la que iremos publicando en esta misma entrada la documentaci\u00f3n del proceso.<\/p>\n\n\n\n<p>Les recordamos que el alumnado de nueva inscripci\u00f3n es el nacido en el a\u00f1o 2020 (Infantil de 3 a\u00f1os, curso 23\/24).<\/p>\n\n\n\n<p>El horario de secretar\u00eda del centro, tanto para recogida como entrada de documentaci\u00f3n, es de 10:30 a 11:30.<\/p>\n\n\n\n<p>Los tel\u00e9fonos para solicitar ayuda o consultar dudas son: 956459517-956459516<\/p>\n\n\n\n<p>El correo electr\u00f3nico del centro:&nbsp;<a href=\"mailto:11000770.edu@juntadeandalucia.es\">11000770.edu@juntadeandalucia.es<\/a><\/p>\n\n\n\n<p>Adem\u00e1s les recordamos que puede realizar este tr\u00e1mite en la secretar\u00eda virtual de la Consejer\u00eda de Educaci\u00f3n. <\/p>\n\n\n\n<p>Un saludo<\/p>\n\n\n\n<p>M\u00aa Amparo Prado Fern\u00e1ndez<\/p>\n\n\n\n<p>Directora CEIP Bah\u00eda de Barbate<\/p>\n","protected":false},"excerpt":{"rendered":"<p>Estimadas familias: Entre los d\u00edas 1 y 31 de marzo, queda abierto el periodo de escolarizaci\u00f3n para el curso 23\/24. Pod\u00e9is encontrar la informaci\u00f3n y documentaci\u00f3n necesaria, tanto en la p\u00e1gina de la Consejer\u00eda&#46;&#46;&#46;<\/p>\n","protected":false},"author":1472,"featured_media":0,"comment_status":"open","ping_status":"open","sticky":false,"template":"","format":"standard","meta":{"ngg_post_thumbnail":0,"footnotes":""},"categories":[16],"tags":[],"aioseo_notices":[],"_links":{"self":[{"href":"https:\/\/blogsaverroes.juntadeandalucia.es\/blogjjosesanchezjuntadeandalucia\/wp-json\/wp\/v2\/posts\/880"}],"collection":[{"href":"https:\/\/blogsaverroes.juntadeandalucia.es\/blogjjosesanchezjuntadeandalucia\/wp-json\/wp\/v2\/posts"}],"about":[{"href":"https:\/\/blogsaverroes.juntadeandalucia.es\/blogjjosesanchezjuntadeandalucia\/wp-json\/wp\/v2\/types\/post"}],"author":[{"embeddable":true,"href":"https:\/\/blogsaverroes.juntadeandalucia.es\/blogjjosesanchezjuntadeandalucia\/wp-json\/wp\/v2\/users\/1472"}],"replies":[{"embeddable":true,"href":"https:\/\/blogsaverroes.juntadeandalucia.es\/blogjjosesanchezjuntadeandalucia\/wp-json\/wp\/v2\/comments?post=880"}],"version-history":[{"count":0,"href":"https:\/\/blogsaverroes.juntadeandalucia.es\/blogjjosesanchezjuntadeandalucia\/wp-json\/wp\/v2\/posts\/880\/revisions"}],"wp:attachment":[{"href":"https:\/\/blogsaverroes.juntadeandalucia.es\/blogjjosesanchezjuntadeandalucia\/wp-json\/wp\/v2\/media?parent=880"}],"wp:term":[{"taxonomy":"category","embeddable":true,"href":"https:\/\/blogsaverroes.juntadeandalucia.es\/blogjjosesanchezjuntadeandalucia\/wp-json\/wp\/v2\/categories?post=880"},{"taxonomy":"post_tag","embeddable":true,"href":"https:\/\/blogsaverroes.juntadeandalucia.es\/blogjjosesanchezjuntadeandalucia\/wp-json\/wp\/v2\/tags?post=880"}],"curies":[{"name":"wp","href":"https:\/\/api.w.org\/{rel}","templated":true}]}}