{"id":1070,"date":"2021-05-17T17:08:30","date_gmt":"2021-05-17T16:08:30","guid":{"rendered":"https:\/\/blogsaverroes.juntadeandalucia.es\/blogsceipsantabarbara\/?p=1070"},"modified":"2021-05-21T17:26:05","modified_gmt":"2021-05-21T16:26:05","slug":"dia-del-sindrome-de-down","status":"publish","type":"post","link":"https:\/\/blogsaverroes.juntadeandalucia.es\/blogsceipsantabarbara\/dia-del-sindrome-de-down\/","title":{"rendered":"D\u00eda del s\u00edndrome de Down"},"content":{"rendered":"<p>El viernes 19 de marzo celebramos el D\u00eda internacional&nbsp; del Sindrome de Down que su d\u00eda es el 21 de marzo, de la siguiente manera:<\/p>\n<ul>\n<li>Calcetines de difrente color para remarcar la belleza a la diversidad y la tolerancia hacia las personas con una alteraci\u00f3n de cromosomas.<\/li>\n<li>Gimkana de frase .<\/li>\n<li>V\u00eddeos alusivos al tema.<\/li>\n<li>Boomeran<\/li>\n<\/ul>\n<p>Pincha en el&nbsp;<a href=\"https:\/\/photos.app.goo.gl\/fWRbuLrw4vNGwgca8\">enlace<\/a><\/p>\n","protected":false},"excerpt":{"rendered":"<p>El viernes 19 de marzo celebramos el D\u00eda internacional&nbsp; del Sindrome de Down que su d\u00eda es el 21 de marzo, de la siguiente manera: Calcetines de difrente color para remarcar la belleza a&#46;&#46;&#46;<\/p>\n","protected":false},"author":8995,"featured_media":0,"comment_status":"open","ping_status":"open","sticky":false,"template":"","format":"standard","meta":{"ngg_post_thumbnail":0,"footnotes":""},"categories":[9],"tags":[],"aioseo_notices":[],"_links":{"self":[{"href":"https:\/\/blogsaverroes.juntadeandalucia.es\/blogsceipsantabarbara\/wp-json\/wp\/v2\/posts\/1070"}],"collection":[{"href":"https:\/\/blogsaverroes.juntadeandalucia.es\/blogsceipsantabarbara\/wp-json\/wp\/v2\/posts"}],"about":[{"href":"https:\/\/blogsaverroes.juntadeandalucia.es\/blogsceipsantabarbara\/wp-json\/wp\/v2\/types\/post"}],"author":[{"embeddable":true,"href":"https:\/\/blogsaverroes.juntadeandalucia.es\/blogsceipsantabarbara\/wp-json\/wp\/v2\/users\/8995"}],"replies":[{"embeddable":true,"href":"https:\/\/blogsaverroes.juntadeandalucia.es\/blogsceipsantabarbara\/wp-json\/wp\/v2\/comments?post=1070"}],"version-history":[{"count":2,"href":"https:\/\/blogsaverroes.juntadeandalucia.es\/blogsceipsantabarbara\/wp-json\/wp\/v2\/posts\/1070\/revisions"}],"predecessor-version":[{"id":1184,"href":"https:\/\/blogsaverroes.juntadeandalucia.es\/blogsceipsantabarbara\/wp-json\/wp\/v2\/posts\/1070\/revisions\/1184"}],"wp:attachment":[{"href":"https:\/\/blogsaverroes.juntadeandalucia.es\/blogsceipsantabarbara\/wp-json\/wp\/v2\/media?parent=1070"}],"wp:term":[{"taxonomy":"category","embeddable":true,"href":"https:\/\/blogsaverroes.juntadeandalucia.es\/blogsceipsantabarbara\/wp-json\/wp\/v2\/categories?post=1070"},{"taxonomy":"post_tag","embeddable":true,"href":"https:\/\/blogsaverroes.juntadeandalucia.es\/blogsceipsantabarbara\/wp-json\/wp\/v2\/tags?post=1070"}],"curies":[{"name":"wp","href":"https:\/\/api.w.org\/{rel}","templated":true}]}}