{"id":1269,"date":"2021-11-25T22:04:31","date_gmt":"2021-11-25T21:04:31","guid":{"rendered":"https:\/\/blogsaverroes.juntadeandalucia.es\/blogsceipsantabarbara\/?p=1269"},"modified":"2021-11-25T22:04:31","modified_gmt":"2021-11-25T21:04:31","slug":"dia-de-la-infancia","status":"publish","type":"post","link":"https:\/\/blogsaverroes.juntadeandalucia.es\/blogsceipsantabarbara\/dia-de-la-infancia\/","title":{"rendered":"D\u00eda de la Infancia"},"content":{"rendered":"<p>El pasado 24 de noviembre se celebr\u00f3 en el cole el D\u00eda de la infancia. Os dejamos algunas fotos. Pincha en <a href=\"https:\/\/photos.app.goo.gl\/rxgCPvp3BjrXRnVr8\">Imagen<\/a><\/p>\n","protected":false},"excerpt":{"rendered":"<p>El pasado 24 de noviembre se celebr\u00f3 en el cole el D\u00eda de la infancia. Os dejamos algunas fotos. Pincha en Imagen<\/p>\n","protected":false},"author":8995,"featured_media":0,"comment_status":"open","ping_status":"open","sticky":false,"template":"","format":"link","meta":{"ngg_post_thumbnail":0,"footnotes":""},"categories":[3],"tags":[],"aioseo_notices":[],"_links":{"self":[{"href":"https:\/\/blogsaverroes.juntadeandalucia.es\/blogsceipsantabarbara\/wp-json\/wp\/v2\/posts\/1269"}],"collection":[{"href":"https:\/\/blogsaverroes.juntadeandalucia.es\/blogsceipsantabarbara\/wp-json\/wp\/v2\/posts"}],"about":[{"href":"https:\/\/blogsaverroes.juntadeandalucia.es\/blogsceipsantabarbara\/wp-json\/wp\/v2\/types\/post"}],"author":[{"embeddable":true,"href":"https:\/\/blogsaverroes.juntadeandalucia.es\/blogsceipsantabarbara\/wp-json\/wp\/v2\/users\/8995"}],"replies":[{"embeddable":true,"href":"https:\/\/blogsaverroes.juntadeandalucia.es\/blogsceipsantabarbara\/wp-json\/wp\/v2\/comments?post=1269"}],"version-history":[{"count":1,"href":"https:\/\/blogsaverroes.juntadeandalucia.es\/blogsceipsantabarbara\/wp-json\/wp\/v2\/posts\/1269\/revisions"}],"predecessor-version":[{"id":1270,"href":"https:\/\/blogsaverroes.juntadeandalucia.es\/blogsceipsantabarbara\/wp-json\/wp\/v2\/posts\/1269\/revisions\/1270"}],"wp:attachment":[{"href":"https:\/\/blogsaverroes.juntadeandalucia.es\/blogsceipsantabarbara\/wp-json\/wp\/v2\/media?parent=1269"}],"wp:term":[{"taxonomy":"category","embeddable":true,"href":"https:\/\/blogsaverroes.juntadeandalucia.es\/blogsceipsantabarbara\/wp-json\/wp\/v2\/categories?post=1269"},{"taxonomy":"post_tag","embeddable":true,"href":"https:\/\/blogsaverroes.juntadeandalucia.es\/blogsceipsantabarbara\/wp-json\/wp\/v2\/tags?post=1269"}],"curies":[{"name":"wp","href":"https:\/\/api.w.org\/{rel}","templated":true}]}}