{"id":1274,"date":"2021-12-04T21:16:37","date_gmt":"2021-12-04T20:16:37","guid":{"rendered":"https:\/\/blogsaverroes.juntadeandalucia.es\/blogsceipsantabarbara\/?p=1274"},"modified":"2021-12-04T21:29:45","modified_gmt":"2021-12-04T20:29:45","slug":"dia-de-la-discapacidad","status":"publish","type":"post","link":"https:\/\/blogsaverroes.juntadeandalucia.es\/blogsceipsantabarbara\/dia-de-la-discapacidad\/","title":{"rendered":"D\u00eda de la Discapacidad"},"content":{"rendered":"<p>El d\u00eda 1 de diciembre celebramos el D\u00eda de la Discapacidad en el <a href=\"https:\/\/photos.app.goo.gl\/uHUZ1THib6woycti8\">cole.&nbsp;<\/a><\/p>\n<p>Pincha en <a href=\"https:\/\/photos.app.goo.gl\/AXqJzDsCDcG6RSWf9\">video<\/a><\/p>\n<p>&nbsp;<\/p>\n","protected":false},"excerpt":{"rendered":"<p>El d\u00eda 1 de diciembre celebramos el D\u00eda de la Discapacidad en el cole.&nbsp; Pincha en video &nbsp;<\/p>\n","protected":false},"author":8995,"featured_media":0,"comment_status":"open","ping_status":"open","sticky":false,"template":"","format":"gallery","meta":{"ngg_post_thumbnail":0,"footnotes":""},"categories":[3],"tags":[],"aioseo_notices":[],"_links":{"self":[{"href":"https:\/\/blogsaverroes.juntadeandalucia.es\/blogsceipsantabarbara\/wp-json\/wp\/v2\/posts\/1274"}],"collection":[{"href":"https:\/\/blogsaverroes.juntadeandalucia.es\/blogsceipsantabarbara\/wp-json\/wp\/v2\/posts"}],"about":[{"href":"https:\/\/blogsaverroes.juntadeandalucia.es\/blogsceipsantabarbara\/wp-json\/wp\/v2\/types\/post"}],"author":[{"embeddable":true,"href":"https:\/\/blogsaverroes.juntadeandalucia.es\/blogsceipsantabarbara\/wp-json\/wp\/v2\/users\/8995"}],"replies":[{"embeddable":true,"href":"https:\/\/blogsaverroes.juntadeandalucia.es\/blogsceipsantabarbara\/wp-json\/wp\/v2\/comments?post=1274"}],"version-history":[{"count":4,"href":"https:\/\/blogsaverroes.juntadeandalucia.es\/blogsceipsantabarbara\/wp-json\/wp\/v2\/posts\/1274\/revisions"}],"predecessor-version":[{"id":1278,"href":"https:\/\/blogsaverroes.juntadeandalucia.es\/blogsceipsantabarbara\/wp-json\/wp\/v2\/posts\/1274\/revisions\/1278"}],"wp:attachment":[{"href":"https:\/\/blogsaverroes.juntadeandalucia.es\/blogsceipsantabarbara\/wp-json\/wp\/v2\/media?parent=1274"}],"wp:term":[{"taxonomy":"category","embeddable":true,"href":"https:\/\/blogsaverroes.juntadeandalucia.es\/blogsceipsantabarbara\/wp-json\/wp\/v2\/categories?post=1274"},{"taxonomy":"post_tag","embeddable":true,"href":"https:\/\/blogsaverroes.juntadeandalucia.es\/blogsceipsantabarbara\/wp-json\/wp\/v2\/tags?post=1274"}],"curies":[{"name":"wp","href":"https:\/\/api.w.org\/{rel}","templated":true}]}}