{"id":1313,"date":"2022-02-21T16:18:28","date_gmt":"2022-02-21T15:18:28","guid":{"rendered":"https:\/\/blogsaverroes.juntadeandalucia.es\/blogsceipsantabarbara\/?p=1313"},"modified":"2022-02-21T16:22:56","modified_gmt":"2022-02-21T15:22:56","slug":"carnaval-curso-2021-2022","status":"publish","type":"post","link":"https:\/\/blogsaverroes.juntadeandalucia.es\/blogsceipsantabarbara\/carnaval-curso-2021-2022\/","title":{"rendered":"Carnaval curso 2021\/2022"},"content":{"rendered":"<p><strong>&nbsp;<\/strong><\/p>\n<p>Estimadas familias, en la semana del 21 al 24 de febrero vamos a celebrar en el colegio los carnavales<\/p>\n<p><strong>&nbsp;La Patarrona&nbsp; &nbsp; &nbsp; &nbsp; &nbsp; <img loading=\"lazy\" decoding=\"async\" class=\"\" src=\"https:\/\/lh3.googleusercontent.com\/jlAHirIB3d2RyczKtGXg70w7MwDBQ7bIXhWsPIYnYmRZIWqKXQ7-R6P_PLlfghEzdFsiU3zUwGIz7n7RhXQT71zatUEKGpsMX3Whnh_1Nspf3Of1nJne-N_t3e3RXCtPiHDPBLnXXTKrqMyb-mioOlltUgeSyP9YnPK-D-2MGYuf_F7IevBEbaGXJLQRS9yQ8Csd2_a225__b06I3S6vT6z_cZgs005t6yN1hXzXlhX-h8K_w_gyUjErVVS2X5uM8f5GIQtOBLcTxLnTq1kubf2sPRLku9jtN3YqUiMzupr02aoLSyo0Pt48BP6d-bbaP_jsSxFXnTB7DYNZ_MGtjWpYPeux6n7LFYBVhofHuuz6VayhwCqLvOE1-mhZ02Sa3AohH6FkjGYwCfV0ab-YnzqA0cJya7foK1fUpcYcX_mAm9E_VtC7CfTU0YV-AN91XEn18p7juPFvZVgXsgDjFOSILVS9BkDF57TbdFes8oeMxtROM2dqCbkPx9Tvwqqumj5DAfx_VZiU_bGSdpac49zzsW4IrFQ6IJJyg32lNFH5E2c6eBWTLKT-MfiCKQaLP7tL2NydtJ9jsCSkue__FcaChktXx6SUd56FVAMpuT3YLkly9cG0NwbxS2yfuo1Bm0BY_H9ZsYpXcepUduAK0YBCBMVrh-_PWEpnPtuIQNqmax6tK_iGH332x3PDSKKvW_OKwvivddpXkCLp418ROb5vZA=w610-h665-no?authuser=2\" width=\"184\" height=\"200\"> <\/strong><\/p>\n<p>Cada d\u00eda de la semana la Patarrona deja un mensaje con lo que hay que traer al otro d\u00eda (el primer mensaje lo dejar\u00e1 el viernes 18 de febrero) puede ser algo en la cabeza, calcetines por fuera, todos en pijama, etc. Y el \u00faltimo d\u00eda con un disfraz entero, divertido y original (cada uno de lo que quiera). Nosotras os iremos avisando con antelaci\u00f3n del mensaje a trav\u00e9s de los grupos de WhatsApp.<\/p>\n<p>El \u00faltimo d\u00eda de la semana 24 de febrero realizaremos actividades relacionadas con el d\u00eda de Andaluc\u00eda, ya que comienza el puente del D\u00eda de Andaluc\u00eda. 25 (D\u00eda de la Comunidad Educativa y el 28 D\u00eda de Andaluc\u00eda).<\/p>\n<p>Todos los d\u00edas por la ma\u00f1ana recitaremos la poes\u00eda de la Reina del Carnaval.<\/p>\n<p>Esperando vuestra colaboraci\u00f3n.<\/p>\n<p>El Claustro del Ceip Santa B\u00e1rbara<\/p>\n<p><a href=\"https:\/\/photos.app.goo.gl\/FfMhyyzjdCcMxdqz9\">Os dejamos unas fotos del lunes.<\/a><\/p>\n","protected":false},"excerpt":{"rendered":"<p>&nbsp; Estimadas familias, en la semana del 21 al 24 de febrero vamos a celebrar en el colegio los carnavales &nbsp;La Patarrona&nbsp; &nbsp; &nbsp; &nbsp; &nbsp; Cada d\u00eda de la semana la Patarrona deja&#46;&#46;&#46;<\/p>\n","protected":false},"author":8995,"featured_media":0,"comment_status":"open","ping_status":"open","sticky":false,"template":"","format":"standard","meta":{"ngg_post_thumbnail":0,"footnotes":""},"categories":[3],"tags":[],"aioseo_notices":[],"_links":{"self":[{"href":"https:\/\/blogsaverroes.juntadeandalucia.es\/blogsceipsantabarbara\/wp-json\/wp\/v2\/posts\/1313"}],"collection":[{"href":"https:\/\/blogsaverroes.juntadeandalucia.es\/blogsceipsantabarbara\/wp-json\/wp\/v2\/posts"}],"about":[{"href":"https:\/\/blogsaverroes.juntadeandalucia.es\/blogsceipsantabarbara\/wp-json\/wp\/v2\/types\/post"}],"author":[{"embeddable":true,"href":"https:\/\/blogsaverroes.juntadeandalucia.es\/blogsceipsantabarbara\/wp-json\/wp\/v2\/users\/8995"}],"replies":[{"embeddable":true,"href":"https:\/\/blogsaverroes.juntadeandalucia.es\/blogsceipsantabarbara\/wp-json\/wp\/v2\/comments?post=1313"}],"version-history":[{"count":4,"href":"https:\/\/blogsaverroes.juntadeandalucia.es\/blogsceipsantabarbara\/wp-json\/wp\/v2\/posts\/1313\/revisions"}],"predecessor-version":[{"id":1319,"href":"https:\/\/blogsaverroes.juntadeandalucia.es\/blogsceipsantabarbara\/wp-json\/wp\/v2\/posts\/1313\/revisions\/1319"}],"wp:attachment":[{"href":"https:\/\/blogsaverroes.juntadeandalucia.es\/blogsceipsantabarbara\/wp-json\/wp\/v2\/media?parent=1313"}],"wp:term":[{"taxonomy":"category","embeddable":true,"href":"https:\/\/blogsaverroes.juntadeandalucia.es\/blogsceipsantabarbara\/wp-json\/wp\/v2\/categories?post=1313"},{"taxonomy":"post_tag","embeddable":true,"href":"https:\/\/blogsaverroes.juntadeandalucia.es\/blogsceipsantabarbara\/wp-json\/wp\/v2\/tags?post=1313"}],"curies":[{"name":"wp","href":"https:\/\/api.w.org\/{rel}","templated":true}]}}