{"id":3052,"date":"2022-02-23T00:14:25","date_gmt":"2022-02-23T00:14:25","guid":{"rendered":"https:\/\/blogsaverroes.juntadeandalucia.es\/bpmoya\/?p=3052"},"modified":"2022-02-27T12:39:35","modified_gmt":"2022-02-27T12:39:35","slug":"carrera-solidaria-dia-de-la-paz","status":"publish","type":"post","link":"https:\/\/blogsaverroes.juntadeandalucia.es\/bpmoya\/carrera-solidaria-dia-de-la-paz\/","title":{"rendered":"CARRERA SOLIDARIA \u201dD\u00cdA DE LA PAZ\u201d"},"content":{"rendered":"\t\t<div data-elementor-type=\"wp-post\" data-elementor-id=\"3052\" class=\"elementor elementor-3052\">\n\t\t\t\t\t\t<section class=\"elementor-section elementor-top-section elementor-element elementor-element-441f5bdc elementor-section-boxed elementor-section-height-default elementor-section-height-default\" data-id=\"441f5bdc\" data-element_type=\"section\">\n\t\t\t\t\t\t<div class=\"elementor-container elementor-column-gap-default\">\n\t\t\t\t\t<div class=\"elementor-column elementor-col-100 elementor-top-column elementor-element elementor-element-d23f1fe\" data-id=\"d23f1fe\" data-element_type=\"column\">\n\t\t\t<div class=\"elementor-widget-wrap elementor-element-populated\">\n\t\t\t\t\t\t<div class=\"elementor-element elementor-element-69c5a42e elementor-widget elementor-widget-heading\" data-id=\"69c5a42e\" data-element_type=\"widget\" data-widget_type=\"heading.default\">\n\t\t\t\t<div class=\"elementor-widget-container\">\n\t\t\t\t\t<h2 class=\"elementor-heading-title elementor-size-default\">CARRERA SOLIDARIA \u201dD\u00cdA DE LA PAZ\u201d<\/h2>\t\t\t\t<\/div>\n\t\t\t\t<\/div>\n\t\t\t\t\t<\/div>\n\t\t<\/div>\n\t\t\t\t\t<\/div>\n\t\t<\/section>\n\t\t\t\t<section class=\"elementor-section elementor-top-section elementor-element elementor-element-13702934 elementor-section-boxed elementor-section-height-default elementor-section-height-default\" data-id=\"13702934\" data-element_type=\"section\">\n\t\t\t\t\t\t<div class=\"elementor-container elementor-column-gap-default\">\n\t\t\t\t\t<div class=\"elementor-column elementor-col-100 elementor-top-column elementor-element elementor-element-544c25b0\" data-id=\"544c25b0\" data-element_type=\"column\">\n\t\t\t<div class=\"elementor-widget-wrap elementor-element-populated\">\n\t\t\t\t\t\t<section class=\"elementor-section elementor-inner-section elementor-element elementor-element-113bbce6 elementor-section-boxed elementor-section-height-default elementor-section-height-default\" data-id=\"113bbce6\" data-element_type=\"section\">\n\t\t\t\t\t\t<div class=\"elementor-container elementor-column-gap-default\">\n\t\t\t\t\t<div class=\"elementor-column elementor-col-100 elementor-inner-column elementor-element elementor-element-1a566e\" data-id=\"1a566e\" data-element_type=\"column\">\n\t\t\t<div class=\"elementor-widget-wrap elementor-element-populated\">\n\t\t\t\t\t\t<div class=\"elementor-element elementor-element-1952659a elementor-widget elementor-widget-text-editor\" data-id=\"1952659a\" data-element_type=\"widget\" data-widget_type=\"text-editor.default\">\n\t\t\t\t<div class=\"elementor-widget-container\">\n\t\t\t\t\t\t\t\t\t<p style=\"text-align: justify\">Un a\u00f1o m\u00e1s, con motivo del <strong>D\u00eda de la Paz<\/strong>, y en colaboraci\u00f3n con la ONG <strong><em>Save The Children<\/em><\/strong>, celebramos el pasado 31 de enero nuestra famosa carrera solidaria. Como novedad, este a\u00f1o todas vuestras donaciones han ido destinadas a paliar la desnutrici\u00f3n infantil en el <strong><em>cuerno de \u00c1frica<\/em><\/strong>. En total hemos conseguido recaudar 1.134,25 \u20ac. Enhorabuena a todos y todas los atletas por vuestra participaci\u00f3n. \u00a1Os esperamos en la pr\u00f3xima!<\/p><p style=\"text-align: justify\">Aqu\u00ed os dejamos una peque\u00f1a recopilaci\u00f3n de fotos de la carrera que esperamos que os gusten. Recordad que en el blog de <a href=\"https:\/\/ceipbachillerysushabitos.blogspot.com\/\">Educaci\u00f3n F\u00edsica<\/a> encontrar\u00e9is el resto de fotos e incluso un v\u00eddeo con los mejores momentos.<\/p>\t\t\t\t\t\t\t\t<\/div>\n\t\t\t\t<\/div>\n\t\t\t\t\t<\/div>\n\t\t<\/div>\n\t\t\t\t\t<\/div>\n\t\t<\/section>\n\t\t\t\t\t<\/div>\n\t\t<\/div>\n\t\t\t\t\t<\/div>\n\t\t<\/section>\n\t\t\t\t<section class=\"elementor-section elementor-top-section elementor-element elementor-element-1e26a1f0 elementor-section-boxed elementor-section-height-default elementor-section-height-default\" data-id=\"1e26a1f0\" data-element_type=\"section\">\n\t\t\t\t\t\t<div class=\"elementor-container elementor-column-gap-default\">\n\t\t\t\t\t<div class=\"elementor-column elementor-col-100 elementor-top-column elementor-element elementor-element-1b691ccd\" data-id=\"1b691ccd\" data-element_type=\"column\">\n\t\t\t<div class=\"elementor-widget-wrap elementor-element-populated\">\n\t\t\t\t\t\t<div class=\"elementor-element elementor-element-a1f7823 elementor-widget elementor-widget-wp-widget-media_gallery\" data-id=\"a1f7823\" data-element_type=\"widget\" data-widget_type=\"wp-widget-media_gallery.default\">\n\t\t\t\t<div class=\"elementor-widget-container\">\n\t\t\t\t\t<h5>CARRERA SOLIDARIA \u201dD\u00cdA DE LA PAZ\u201d &#8211; 31 \/01 \/2022<\/h5><div id='gallery-1' class='gallery galleryid-3052 gallery-columns-2 gallery-size-large'><figure class='gallery-item'>\n\t\t\t<div class='gallery-icon landscape'>\n\t\t\t\t<a data-elementor-open-lightbox=\"yes\" data-elementor-lightbox-slideshow=\"a1f7823\" data-elementor-lightbox-title=\"IMG_20220131_104042\" data-e-action-hash=\"#elementor-action%3Aaction%3Dlightbox%26settings%3DeyJpZCI6MzAzOCwidXJsIjoiaHR0cHM6XC9cL2Jsb2dzYXZlcnJvZXMuanVudGFkZWFuZGFsdWNpYS5lc1wvYnBtb3lhXC9maWxlc1wvMjAyMlwvMDJcL0lNR18yMDIyMDEzMV8xMDQwNDItc2NhbGVkLmpwZyIsInNsaWRlc2hvdyI6ImExZjc4MjMifQ%3D%3D\" href='https:\/\/blogsaverroes.juntadeandalucia.es\/bpmoya\/files\/2022\/02\/IMG_20220131_104042-scaled.jpg'><img fetchpriority=\"high\" decoding=\"async\" width=\"843\" height=\"632\" src=\"https:\/\/blogsaverroes.juntadeandalucia.es\/bpmoya\/files\/2022\/02\/IMG_20220131_104042-1024x768.jpg\" class=\"attachment-large size-large\" alt=\"\" srcset=\"https:\/\/blogsaverroes.juntadeandalucia.es\/bpmoya\/files\/2022\/02\/IMG_20220131_104042-1024x768.jpg 1024w, https:\/\/blogsaverroes.juntadeandalucia.es\/bpmoya\/files\/2022\/02\/IMG_20220131_104042-300x225.jpg 300w, https:\/\/blogsaverroes.juntadeandalucia.es\/bpmoya\/files\/2022\/02\/IMG_20220131_104042-768x576.jpg 768w, https:\/\/blogsaverroes.juntadeandalucia.es\/bpmoya\/files\/2022\/02\/IMG_20220131_104042-1536x1152.jpg 1536w, https:\/\/blogsaverroes.juntadeandalucia.es\/bpmoya\/files\/2022\/02\/IMG_20220131_104042-2048x1536.jpg 2048w, https:\/\/blogsaverroes.juntadeandalucia.es\/bpmoya\/files\/2022\/02\/IMG_20220131_104042-scaled.jpg 1600w\" sizes=\"(max-width: 843px) 100vw, 843px\" \/><\/a>\n\t\t\t<\/div><\/figure><figure class='gallery-item'>\n\t\t\t<div class='gallery-icon landscape'>\n\t\t\t\t<a data-elementor-open-lightbox=\"yes\" data-elementor-lightbox-slideshow=\"a1f7823\" data-elementor-lightbox-title=\"IMG_20220131_105122\" data-e-action-hash=\"#elementor-action%3Aaction%3Dlightbox%26settings%3DeyJpZCI6MzAzOSwidXJsIjoiaHR0cHM6XC9cL2Jsb2dzYXZlcnJvZXMuanVudGFkZWFuZGFsdWNpYS5lc1wvYnBtb3lhXC9maWxlc1wvMjAyMlwvMDJcL0lNR18yMDIyMDEzMV8xMDUxMjItc2NhbGVkLmpwZyIsInNsaWRlc2hvdyI6ImExZjc4MjMifQ%3D%3D\" href='https:\/\/blogsaverroes.juntadeandalucia.es\/bpmoya\/files\/2022\/02\/IMG_20220131_105122-scaled.jpg'><img decoding=\"async\" width=\"843\" height=\"632\" src=\"https:\/\/blogsaverroes.juntadeandalucia.es\/bpmoya\/files\/2022\/02\/IMG_20220131_105122-1024x768.jpg\" class=\"attachment-large size-large\" alt=\"\" srcset=\"https:\/\/blogsaverroes.juntadeandalucia.es\/bpmoya\/files\/2022\/02\/IMG_20220131_105122-1024x768.jpg 1024w, https:\/\/blogsaverroes.juntadeandalucia.es\/bpmoya\/files\/2022\/02\/IMG_20220131_105122-300x225.jpg 300w, https:\/\/blogsaverroes.juntadeandalucia.es\/bpmoya\/files\/2022\/02\/IMG_20220131_105122-768x576.jpg 768w, https:\/\/blogsaverroes.juntadeandalucia.es\/bpmoya\/files\/2022\/02\/IMG_20220131_105122-1536x1152.jpg 1536w, https:\/\/blogsaverroes.juntadeandalucia.es\/bpmoya\/files\/2022\/02\/IMG_20220131_105122-2048x1536.jpg 2048w, https:\/\/blogsaverroes.juntadeandalucia.es\/bpmoya\/files\/2022\/02\/IMG_20220131_105122-scaled.jpg 1600w\" sizes=\"(max-width: 843px) 100vw, 843px\" \/><\/a>\n\t\t\t<\/div><\/figure><figure class='gallery-item'>\n\t\t\t<div class='gallery-icon landscape'>\n\t\t\t\t<a data-elementor-open-lightbox=\"yes\" data-elementor-lightbox-slideshow=\"a1f7823\" data-elementor-lightbox-title=\"IMG_20220131_111003\" data-e-action-hash=\"#elementor-action%3Aaction%3Dlightbox%26settings%3DeyJpZCI6MzA0MCwidXJsIjoiaHR0cHM6XC9cL2Jsb2dzYXZlcnJvZXMuanVudGFkZWFuZGFsdWNpYS5lc1wvYnBtb3lhXC9maWxlc1wvMjAyMlwvMDJcL0lNR18yMDIyMDEzMV8xMTEwMDMtc2NhbGVkLmpwZyIsInNsaWRlc2hvdyI6ImExZjc4MjMifQ%3D%3D\" href='https:\/\/blogsaverroes.juntadeandalucia.es\/bpmoya\/files\/2022\/02\/IMG_20220131_111003-scaled.jpg'><img decoding=\"async\" width=\"843\" height=\"632\" src=\"https:\/\/blogsaverroes.juntadeandalucia.es\/bpmoya\/files\/2022\/02\/IMG_20220131_111003-1024x768.jpg\" class=\"attachment-large size-large\" alt=\"\" srcset=\"https:\/\/blogsaverroes.juntadeandalucia.es\/bpmoya\/files\/2022\/02\/IMG_20220131_111003-1024x768.jpg 1024w, https:\/\/blogsaverroes.juntadeandalucia.es\/bpmoya\/files\/2022\/02\/IMG_20220131_111003-300x225.jpg 300w, https:\/\/blogsaverroes.juntadeandalucia.es\/bpmoya\/files\/2022\/02\/IMG_20220131_111003-768x576.jpg 768w, https:\/\/blogsaverroes.juntadeandalucia.es\/bpmoya\/files\/2022\/02\/IMG_20220131_111003-1536x1152.jpg 1536w, https:\/\/blogsaverroes.juntadeandalucia.es\/bpmoya\/files\/2022\/02\/IMG_20220131_111003-2048x1536.jpg 2048w, https:\/\/blogsaverroes.juntadeandalucia.es\/bpmoya\/files\/2022\/02\/IMG_20220131_111003-scaled.jpg 1600w\" sizes=\"(max-width: 843px) 100vw, 843px\" \/><\/a>\n\t\t\t<\/div><\/figure><figure class='gallery-item'>\n\t\t\t<div class='gallery-icon landscape'>\n\t\t\t\t<a data-elementor-open-lightbox=\"yes\" data-elementor-lightbox-slideshow=\"a1f7823\" data-elementor-lightbox-title=\"IMG_20220131_124004\" data-e-action-hash=\"#elementor-action%3Aaction%3Dlightbox%26settings%3DeyJpZCI6MzA0MSwidXJsIjoiaHR0cHM6XC9cL2Jsb2dzYXZlcnJvZXMuanVudGFkZWFuZGFsdWNpYS5lc1wvYnBtb3lhXC9maWxlc1wvMjAyMlwvMDJcL0lNR18yMDIyMDEzMV8xMjQwMDQtc2NhbGVkLmpwZyIsInNsaWRlc2hvdyI6ImExZjc4MjMifQ%3D%3D\" href='https:\/\/blogsaverroes.juntadeandalucia.es\/bpmoya\/files\/2022\/02\/IMG_20220131_124004-scaled.jpg'><img loading=\"lazy\" decoding=\"async\" width=\"843\" height=\"632\" src=\"https:\/\/blogsaverroes.juntadeandalucia.es\/bpmoya\/files\/2022\/02\/IMG_20220131_124004-1024x768.jpg\" class=\"attachment-large size-large\" alt=\"\" srcset=\"https:\/\/blogsaverroes.juntadeandalucia.es\/bpmoya\/files\/2022\/02\/IMG_20220131_124004-1024x768.jpg 1024w, https:\/\/blogsaverroes.juntadeandalucia.es\/bpmoya\/files\/2022\/02\/IMG_20220131_124004-300x225.jpg 300w, https:\/\/blogsaverroes.juntadeandalucia.es\/bpmoya\/files\/2022\/02\/IMG_20220131_124004-768x576.jpg 768w, https:\/\/blogsaverroes.juntadeandalucia.es\/bpmoya\/files\/2022\/02\/IMG_20220131_124004-1536x1152.jpg 1536w, https:\/\/blogsaverroes.juntadeandalucia.es\/bpmoya\/files\/2022\/02\/IMG_20220131_124004-2048x1536.jpg 2048w, https:\/\/blogsaverroes.juntadeandalucia.es\/bpmoya\/files\/2022\/02\/IMG_20220131_124004-scaled.jpg 1600w\" sizes=\"(max-width: 843px) 100vw, 843px\" \/><\/a>\n\t\t\t<\/div><\/figure>\n\t\t<\/div>\n\t\t\t\t<\/div>\n\t\t\t\t<\/div>\n\t\t\t\t\t<\/div>\n\t\t<\/div>\n\t\t\t\t\t<\/div>\n\t\t<\/section>\n\t\t\t\t<\/div>\n\t\t","protected":false},"excerpt":{"rendered":"<p>CARRERA SOLIDARIA \u201dD\u00cdA DE LA PAZ\u201d Un a\u00f1o m\u00e1s, con motivo del D\u00eda de la Paz, y en colaboraci\u00f3n con la ONG Save The Children,&hellip;<\/p>\n","protected":false},"author":10692,"featured_media":3038,"comment_status":"open","ping_status":"open","sticky":false,"template":"","format":"standard","meta":{"ngg_post_thumbnail":0,"footnotes":""},"categories":[1696],"tags":[],"aioseo_notices":[],"_links":{"self":[{"href":"https:\/\/blogsaverroes.juntadeandalucia.es\/bpmoya\/wp-json\/wp\/v2\/posts\/3052"}],"collection":[{"href":"https:\/\/blogsaverroes.juntadeandalucia.es\/bpmoya\/wp-json\/wp\/v2\/posts"}],"about":[{"href":"https:\/\/blogsaverroes.juntadeandalucia.es\/bpmoya\/wp-json\/wp\/v2\/types\/post"}],"author":[{"embeddable":true,"href":"https:\/\/blogsaverroes.juntadeandalucia.es\/bpmoya\/wp-json\/wp\/v2\/users\/10692"}],"replies":[{"embeddable":true,"href":"https:\/\/blogsaverroes.juntadeandalucia.es\/bpmoya\/wp-json\/wp\/v2\/comments?post=3052"}],"version-history":[{"count":44,"href":"https:\/\/blogsaverroes.juntadeandalucia.es\/bpmoya\/wp-json\/wp\/v2\/posts\/3052\/revisions"}],"predecessor-version":[{"id":3133,"href":"https:\/\/blogsaverroes.juntadeandalucia.es\/bpmoya\/wp-json\/wp\/v2\/posts\/3052\/revisions\/3133"}],"wp:featuredmedia":[{"embeddable":true,"href":"https:\/\/blogsaverroes.juntadeandalucia.es\/bpmoya\/wp-json\/wp\/v2\/media\/3038"}],"wp:attachment":[{"href":"https:\/\/blogsaverroes.juntadeandalucia.es\/bpmoya\/wp-json\/wp\/v2\/media?parent=3052"}],"wp:term":[{"taxonomy":"category","embeddable":true,"href":"https:\/\/blogsaverroes.juntadeandalucia.es\/bpmoya\/wp-json\/wp\/v2\/categories?post=3052"},{"taxonomy":"post_tag","embeddable":true,"href":"https:\/\/blogsaverroes.juntadeandalucia.es\/bpmoya\/wp-json\/wp\/v2\/tags?post=3052"}],"curies":[{"name":"wp","href":"https:\/\/api.w.org\/{rel}","templated":true}]}}