{"id":215,"date":"2018-04-08T10:42:45","date_gmt":"2018-04-08T10:42:45","guid":{"rendered":"https:\/\/blogsaverroes.juntadeandalucia.es\/buenaspracticas\/?p=215"},"modified":"2018-05-10T11:06:00","modified_gmt":"2018-05-10T11:06:00","slug":"artysteando","status":"publish","type":"post","link":"https:\/\/blogsaverroes.juntadeandalucia.es\/buenaspracticas\/2018\/04\/08\/artysteando\/","title":{"rendered":"ARTYSTEANDO"},"content":{"rendered":"<p><strong><span style=\"color: #ff0000\"><img loading=\"lazy\" decoding=\"async\" class=\"alignright size-medium wp-image-217\" src=\"https:\/\/blogsaverroes.juntadeandalucia.es\/buenaspracticas\/files\/2018\/04\/P70922-135227-Charo-Doblas-225x300.jpg\" alt=\"\" width=\"225\" height=\"300\" srcset=\"https:\/\/blogsaverroes.juntadeandalucia.es\/buenaspracticas\/files\/2018\/04\/P70922-135227-Charo-Doblas-225x300.jpg 225w, https:\/\/blogsaverroes.juntadeandalucia.es\/buenaspracticas\/files\/2018\/04\/P70922-135227-Charo-Doblas-768x1024.jpg 768w, https:\/\/blogsaverroes.juntadeandalucia.es\/buenaspracticas\/files\/2018\/04\/P70922-135227-Charo-Doblas-700x933.jpg 700w, https:\/\/blogsaverroes.juntadeandalucia.es\/buenaspracticas\/files\/2018\/04\/P70922-135227-Charo-Doblas-18x24.jpg 18w, https:\/\/blogsaverroes.juntadeandalucia.es\/buenaspracticas\/files\/2018\/04\/P70922-135227-Charo-Doblas-27x36.jpg 27w, https:\/\/blogsaverroes.juntadeandalucia.es\/buenaspracticas\/files\/2018\/04\/P70922-135227-Charo-Doblas-36x48.jpg 36w, https:\/\/blogsaverroes.juntadeandalucia.es\/buenaspracticas\/files\/2018\/04\/P70922-135227-Charo-Doblas.jpg 1200w\" sizes=\"(max-width: 225px) 100vw, 225px\" \/>PONENTES:<\/span><\/strong><\/p>\n<ul>\n<li>Rosario Doblas Miranda<\/li>\n<li>Elena Moreno Porras<\/li>\n<\/ul>\n<p><strong><span style=\"color: #ff0000\">CENTRO EDUCATIVO:<\/span><\/strong><\/p>\n<ul>\n<li><a href=\"https:\/\/sites.google.com\/site\/ceipjeronimoluisdecabrera\/\">CEIP Jer\u00f3nimo Luis De Cabrera (C\u00f3rdoba)<\/a><\/li>\n<\/ul>\n<p><strong><span style=\"color: #ff0000\">RESUMEN DE LA COMUNICACI\u00d3N:<\/span><\/strong><\/p>\n<p>En el taller Artys se est\u00e1 llevando a cabo desde hace tres a\u00f1os, una experiencia de expresi\u00f3n integral, en la que participa todo el alumnado de primaria del centro. Se trata de desarrollar la educaci\u00f3n emocional a trav\u00e9s de la expresi\u00f3n art\u00edstica y en el \u00e1mbito de la educaci\u00f3n compensatoria.<\/p>\n<p>El taller se trabaja la expresi\u00f3n pl\u00e1stica, musical y corporal, el teatro y la danza. El objetivo principal es la expresi\u00f3n de las emociones a trav\u00e9s de actividades que potencien la autoestima y el conocimiento del yo interior, desarrollando todas las potencialidades de ni\u00f1os y ni\u00f1as.<\/p>\n<p><strong><span style=\"color: #ff0000\">MATERIALES DE LA COMUNICACI\u00d3N:<\/span><\/strong><\/p>\n<p><a href=\"https:\/\/blogsaverroes.juntadeandalucia.es\/buenaspracticas\/files\/2018\/04\/TALLER-ARTYS.pdf\">PRESENTACI\u00d3N TALLER ARTYS EN PDF<\/a><\/p>\n<p>&nbsp;<br \/>\n[googleapps domain=\u00bbdocs\u00bb dir=\u00bbpresentation\/d\/e\/2PACX-1vTaQyvl2nyg3yLsfPnariNsyHbIgsDvgiKKNLjj4yJUAgGz-s0a5yeH4ZOPCAiypX59mARwdsuqhkLL\/embed\u00bb query=\u00bbstart=true&amp;loop=false&amp;delayms=3000&#8243; width=\u00bb960&#8243; height=\u00bb749&#8243; \/]<\/p>\n","protected":false},"excerpt":{"rendered":"<p><strong><span style=\"color: #ff0000\">PONENTES:<\/span><\/strong><\/p>\n<ul>\n<li>Rosario Doblas Miranda<\/li>\n<li>Elena Moreno Porras<\/li>\n<\/ul>\n<p><strong><span style=\"color: #ff0000\">CENTRO EDUCATIVO:<\/span><\/strong><\/p>\n<ul>\n<li>CEIP Jer\u00f3nimo Luis De Cabrera (C\u00f3rdoba)<\/li>\n<\/ul>\n","protected":false},"author":1432,"featured_media":217,"comment_status":"closed","ping_status":"open","sticky":false,"template":"","format":"standard","meta":{"ngg_post_thumbnail":0,"footnotes":""},"categories":[38],"tags":[],"aioseo_notices":[],"_links":{"self":[{"href":"https:\/\/blogsaverroes.juntadeandalucia.es\/buenaspracticas\/wp-json\/wp\/v2\/posts\/215"}],"collection":[{"href":"https:\/\/blogsaverroes.juntadeandalucia.es\/buenaspracticas\/wp-json\/wp\/v2\/posts"}],"about":[{"href":"https:\/\/blogsaverroes.juntadeandalucia.es\/buenaspracticas\/wp-json\/wp\/v2\/types\/post"}],"author":[{"embeddable":true,"href":"https:\/\/blogsaverroes.juntadeandalucia.es\/buenaspracticas\/wp-json\/wp\/v2\/users\/1432"}],"replies":[{"embeddable":true,"href":"https:\/\/blogsaverroes.juntadeandalucia.es\/buenaspracticas\/wp-json\/wp\/v2\/comments?post=215"}],"version-history":[{"count":8,"href":"https:\/\/blogsaverroes.juntadeandalucia.es\/buenaspracticas\/wp-json\/wp\/v2\/posts\/215\/revisions"}],"predecessor-version":[{"id":363,"href":"https:\/\/blogsaverroes.juntadeandalucia.es\/buenaspracticas\/wp-json\/wp\/v2\/posts\/215\/revisions\/363"}],"wp:featuredmedia":[{"embeddable":true,"href":"https:\/\/blogsaverroes.juntadeandalucia.es\/buenaspracticas\/wp-json\/wp\/v2\/media\/217"}],"wp:attachment":[{"href":"https:\/\/blogsaverroes.juntadeandalucia.es\/buenaspracticas\/wp-json\/wp\/v2\/media?parent=215"}],"wp:term":[{"taxonomy":"category","embeddable":true,"href":"https:\/\/blogsaverroes.juntadeandalucia.es\/buenaspracticas\/wp-json\/wp\/v2\/categories?post=215"},{"taxonomy":"post_tag","embeddable":true,"href":"https:\/\/blogsaverroes.juntadeandalucia.es\/buenaspracticas\/wp-json\/wp\/v2\/tags?post=215"}],"curies":[{"name":"wp","href":"https:\/\/api.w.org\/{rel}","templated":true}]}}