{"id":278,"date":"2018-03-10T00:08:27","date_gmt":"2018-03-10T00:08:27","guid":{"rendered":"http:\/\/blogsaverroes.juntadeandalucia.es\/carloslopezroldan\/?p=278"},"modified":"2018-03-10T00:08:27","modified_gmt":"2018-03-10T00:08:27","slug":"curso-aumenta-el-rendimiento-de-tu-dispositivo-movil","status":"publish","type":"post","link":"https:\/\/blogsaverroes.juntadeandalucia.es\/carloslopezroldan\/curso-aumenta-el-rendimiento-de-tu-dispositivo-movil\/","title":{"rendered":"Curso \u00abAumenta el rendimiento de tu dispositivo m\u00f3vil\u00bb"},"content":{"rendered":"<p>Esta vez estoy llevando a cabo el curso de formaci\u00f3n \u00bb Aumenta el rendimiento de tu dispositivo m\u00f3vil\u00bb, en la modalidad de NOOC.<\/p>\n<p>Entre otros aspectos desarrollar\u00e9 la importancia del dispositivo m\u00f3vil en el aprendizaje. En la sociedad actual, en continuo movimiento,&nbsp;<strong>los avances tecnol\u00f3gicos aparecen para dar respuesta a las necesidades&nbsp;<\/strong>de estar en continua conexi\u00f3n con la informaci\u00f3n y las comunicaciones. Es por esta raz\u00f3n por la que aparecen las tecnolog\u00edas m\u00f3viles que configuran un nuevo paradigma social, cultural y especialmente educativo, donde las<strong>&nbsp;tecnolog\u00edas m\u00f3viles han redibujado el panorama educativo, aportando a la educaci\u00f3n no s\u00f3lo movilidad sino tambi\u00e9n conectividad, ubicuidad y permanencia<\/strong>,&nbsp;caracter\u00edsticas propias de los dispositivos m\u00f3viles tan necesarias en los sistemas de educaci\u00f3n a distancia donde de forma contraria al concepto tradicional de ense\u00f1anza, el&nbsp;<em>m-Learning,<\/em>&nbsp;como se denomina a esta nueva forma de aprender o&nbsp;<strong>el Aprendizaje M\u00f3vil, se orienta al aprendizaje colaborativo, flexible, espont\u00e1neo e informal y basado en la resoluci\u00f3n de problemas.<\/strong><\/p>\n<p>Pero&nbsp;<strong>no s\u00f3lo el uso de dispositivos m\u00f3viles se centra en el aprendizaje a distancia, sino que mejora el propio aprendizaje presencial<\/strong>&nbsp;y en el aula en el que, seg\u00fan&nbsp;<a href=\"http:\/\/sitios.itesm.mx\/va\/boletininnovacioneducativa\/29\/docs\/Impacto_AM_en_Aprendizaje.pdf\" target=\"_blank\" rel=\"noopener\">Gerardo P. Aguilar<\/a>, los recursos ofrecidos a nuestros alumnos por estos no tan recientes medios, deben ser \u201camenos y tambi\u00e9n retadores para causar en el alumno la sensaci\u00f3n de reto, confrontaci\u00f3n y superaci\u00f3n as\u00ed como hacer referencia a aspectos de la vida cotidiana del alumno para potenciar un aprendizaje significativo\u201d.<\/p>\n<p>Y es que las actividades desarrolladas en el marco del aprendizaje m\u00f3vil,&nbsp;<strong>aprovechan las habilidades propias de los j\u00f3venes de la era digital y facilitan al estudiante captar la realidad en forma inmediata para analizarla o compartirla o le permiten sin restricci\u00f3n de tiempo o lugar acceder a recursos educativos&nbsp;para reforzar su aprendizaje.<\/strong><\/p>\n<p>A contiuaci\u00f3n os dejo con una infograf\u00eda de los problemas m\u00e1s frecuentes de los dispositivos m\u00f3viles, as\u00ed como posibles soluciones.<\/p>\n\n\t\t<style>\n\t\t\t#gallery-1 {\n\t\t\t\tmargin: auto;\n\t\t\t}\n\t\t\t#gallery-1 .gallery-item {\n\t\t\t\tfloat: left;\n\t\t\t\tmargin-top: 10px;\n\t\t\t\ttext-align: center;\n\t\t\t\twidth: 100%;\n\t\t\t}\n\t\t\t#gallery-1 img {\n\t\t\t\tborder: 2px solid #cfcfcf;\n\t\t\t}\n\t\t\t#gallery-1 .gallery-caption {\n\t\t\t\tmargin-left: 0;\n\t\t\t}\n\t\t\t\/* see gallery_shortcode() in wp-includes\/media.php *\/\n\t\t<\/style>\n\t\t<div id='gallery-1' class='gallery galleryid-278 gallery-columns-1 gallery-size-large'><dl class='gallery-item'>\n\t\t\t<dt class='gallery-icon portrait'>\n\t\t\t\t<a href='https:\/\/blogsaverroes.juntadeandalucia.es\/carloslopezroldan\/curso-aumenta-el-rendimiento-de-tu-dispositivo-movil\/must-have-1\/'><img loading=\"lazy\" decoding=\"async\" width=\"410\" height=\"1024\" src=\"https:\/\/blogsaverroes.juntadeandalucia.es\/carloslopezroldan\/files\/2018\/03\/must-have-1-410x1024.jpg\" class=\"attachment-large size-large\" alt=\"\" srcset=\"https:\/\/blogsaverroes.juntadeandalucia.es\/carloslopezroldan\/files\/2018\/03\/must-have-1-410x1024.jpg 410w, https:\/\/blogsaverroes.juntadeandalucia.es\/carloslopezroldan\/files\/2018\/03\/must-have-1-120x300.jpg 120w, https:\/\/blogsaverroes.juntadeandalucia.es\/carloslopezroldan\/files\/2018\/03\/must-have-1-768x1920.jpg 768w, https:\/\/blogsaverroes.juntadeandalucia.es\/carloslopezroldan\/files\/2018\/03\/must-have-1-10x24.jpg 10w, https:\/\/blogsaverroes.juntadeandalucia.es\/carloslopezroldan\/files\/2018\/03\/must-have-1-14x36.jpg 14w, https:\/\/blogsaverroes.juntadeandalucia.es\/carloslopezroldan\/files\/2018\/03\/must-have-1-19x48.jpg 19w, https:\/\/blogsaverroes.juntadeandalucia.es\/carloslopezroldan\/files\/2018\/03\/must-have-1.jpg 640w\" sizes=\"(max-width: 410px) 100vw, 410px\" \/><\/a>\n\t\t\t<\/dt><\/dl><br style=\"clear: both\" \/>\n\t\t<\/div>\n\n","protected":false},"excerpt":{"rendered":"<p>Esta vez estoy llevando a cabo el curso de formaci\u00f3n \u00bb Aumenta el rendimiento de tu dispositivo m\u00f3vil\u00bb, en la modalidad de NOOC. Entre otros aspectos desarrollar\u00e9 la importancia del dispositivo m\u00f3vil en el&#46;&#46;&#46;<\/p>\n","protected":false},"author":2095,"featured_media":0,"comment_status":"open","ping_status":"open","sticky":false,"template":"","format":"standard","meta":{"ngg_post_thumbnail":0,"footnotes":""},"categories":[1067743,81,1067742,7309],"tags":[],"aioseo_notices":[],"_links":{"self":[{"href":"https:\/\/blogsaverroes.juntadeandalucia.es\/carloslopezroldan\/wp-json\/wp\/v2\/posts\/278"}],"collection":[{"href":"https:\/\/blogsaverroes.juntadeandalucia.es\/carloslopezroldan\/wp-json\/wp\/v2\/posts"}],"about":[{"href":"https:\/\/blogsaverroes.juntadeandalucia.es\/carloslopezroldan\/wp-json\/wp\/v2\/types\/post"}],"author":[{"embeddable":true,"href":"https:\/\/blogsaverroes.juntadeandalucia.es\/carloslopezroldan\/wp-json\/wp\/v2\/users\/2095"}],"replies":[{"embeddable":true,"href":"https:\/\/blogsaverroes.juntadeandalucia.es\/carloslopezroldan\/wp-json\/wp\/v2\/comments?post=278"}],"version-history":[{"count":1,"href":"https:\/\/blogsaverroes.juntadeandalucia.es\/carloslopezroldan\/wp-json\/wp\/v2\/posts\/278\/revisions"}],"predecessor-version":[{"id":281,"href":"https:\/\/blogsaverroes.juntadeandalucia.es\/carloslopezroldan\/wp-json\/wp\/v2\/posts\/278\/revisions\/281"}],"wp:attachment":[{"href":"https:\/\/blogsaverroes.juntadeandalucia.es\/carloslopezroldan\/wp-json\/wp\/v2\/media?parent=278"}],"wp:term":[{"taxonomy":"category","embeddable":true,"href":"https:\/\/blogsaverroes.juntadeandalucia.es\/carloslopezroldan\/wp-json\/wp\/v2\/categories?post=278"},{"taxonomy":"post_tag","embeddable":true,"href":"https:\/\/blogsaverroes.juntadeandalucia.es\/carloslopezroldan\/wp-json\/wp\/v2\/tags?post=278"}],"curies":[{"name":"wp","href":"https:\/\/api.w.org\/{rel}","templated":true}]}}