{"id":290,"date":"2018-03-21T09:54:22","date_gmt":"2018-03-21T09:54:22","guid":{"rendered":"http:\/\/blogsaverroes.juntadeandalucia.es\/carloslopezroldan\/?p=290"},"modified":"2018-03-21T09:54:22","modified_gmt":"2018-03-21T09:54:22","slug":"mi-autoevaluacion-como-emprendedor","status":"publish","type":"post","link":"https:\/\/blogsaverroes.juntadeandalucia.es\/carloslopezroldan\/mi-autoevaluacion-como-emprendedor\/","title":{"rendered":"Mi autoevaluaci\u00f3n como emprendedor"},"content":{"rendered":"<p>A continuaci\u00f3n se presentan los resultados de unos cuestionarios sobre el emprendimiento.<\/p>\n\n\t\t<style>\n\t\t\t#gallery-1 {\n\t\t\t\tmargin: auto;\n\t\t\t}\n\t\t\t#gallery-1 .gallery-item {\n\t\t\t\tfloat: left;\n\t\t\t\tmargin-top: 10px;\n\t\t\t\ttext-align: center;\n\t\t\t\twidth: 100%;\n\t\t\t}\n\t\t\t#gallery-1 img {\n\t\t\t\tborder: 2px solid #cfcfcf;\n\t\t\t}\n\t\t\t#gallery-1 .gallery-caption {\n\t\t\t\tmargin-left: 0;\n\t\t\t}\n\t\t\t\/* see gallery_shortcode() in wp-includes\/media.php *\/\n\t\t<\/style>\n\t\t<div id='gallery-1' class='gallery galleryid-290 gallery-columns-1 gallery-size-large'><dl class='gallery-item'>\n\t\t\t<dt class='gallery-icon landscape'>\n\t\t\t\t<a href='https:\/\/blogsaverroes.juntadeandalucia.es\/carloslopezroldan\/mi-autoevaluacion-como-emprendedor\/6-1\/'><img loading=\"lazy\" decoding=\"async\" width=\"1024\" height=\"724\" src=\"https:\/\/blogsaverroes.juntadeandalucia.es\/carloslopezroldan\/files\/2018\/03\/6-1-1024x724.png\" class=\"attachment-large size-large\" alt=\"\" srcset=\"https:\/\/blogsaverroes.juntadeandalucia.es\/carloslopezroldan\/files\/2018\/03\/6-1-1024x724.png 1024w, https:\/\/blogsaverroes.juntadeandalucia.es\/carloslopezroldan\/files\/2018\/03\/6-1-300x212.png 300w, https:\/\/blogsaverroes.juntadeandalucia.es\/carloslopezroldan\/files\/2018\/03\/6-1-768x543.png 768w, https:\/\/blogsaverroes.juntadeandalucia.es\/carloslopezroldan\/files\/2018\/03\/6-1-24x17.png 24w, https:\/\/blogsaverroes.juntadeandalucia.es\/carloslopezroldan\/files\/2018\/03\/6-1-36x25.png 36w, https:\/\/blogsaverroes.juntadeandalucia.es\/carloslopezroldan\/files\/2018\/03\/6-1-48x34.png 48w, https:\/\/blogsaverroes.juntadeandalucia.es\/carloslopezroldan\/files\/2018\/03\/6-1.png 1600w\" sizes=\"(max-width: 1024px) 100vw, 1024px\" \/><\/a>\n\t\t\t<\/dt><\/dl><br style=\"clear: both\" \/>\n\t\t<\/div>\n\n<p>Ficha del emprendedor. Mis resultados:<\/p>\n\n\t\t<style>\n\t\t\t#gallery-2 {\n\t\t\t\tmargin: auto;\n\t\t\t}\n\t\t\t#gallery-2 .gallery-item {\n\t\t\t\tfloat: left;\n\t\t\t\tmargin-top: 10px;\n\t\t\t\ttext-align: center;\n\t\t\t\twidth: 100%;\n\t\t\t}\n\t\t\t#gallery-2 img {\n\t\t\t\tborder: 2px solid #cfcfcf;\n\t\t\t}\n\t\t\t#gallery-2 .gallery-caption {\n\t\t\t\tmargin-left: 0;\n\t\t\t}\n\t\t\t\/* see gallery_shortcode() in wp-includes\/media.php *\/\n\t\t<\/style>\n\t\t<div id='gallery-2' class='gallery galleryid-290 gallery-columns-1 gallery-size-full'><dl class='gallery-item'>\n\t\t\t<dt class='gallery-icon landscape'>\n\t\t\t\t<a href='https:\/\/blogsaverroes.juntadeandalucia.es\/carloslopezroldan\/mi-autoevaluacion-como-emprendedor\/chart-2\/'><img loading=\"lazy\" decoding=\"async\" width=\"606\" height=\"300\" src=\"https:\/\/blogsaverroes.juntadeandalucia.es\/carloslopezroldan\/files\/2018\/03\/chart-2.png\" class=\"attachment-full size-full\" alt=\"\" srcset=\"https:\/\/blogsaverroes.juntadeandalucia.es\/carloslopezroldan\/files\/2018\/03\/chart-2.png 606w, https:\/\/blogsaverroes.juntadeandalucia.es\/carloslopezroldan\/files\/2018\/03\/chart-2-300x149.png 300w, https:\/\/blogsaverroes.juntadeandalucia.es\/carloslopezroldan\/files\/2018\/03\/chart-2-24x12.png 24w, https:\/\/blogsaverroes.juntadeandalucia.es\/carloslopezroldan\/files\/2018\/03\/chart-2-36x18.png 36w, https:\/\/blogsaverroes.juntadeandalucia.es\/carloslopezroldan\/files\/2018\/03\/chart-2-48x24.png 48w\" sizes=\"(max-width: 606px) 100vw, 606px\" \/><\/a>\n\t\t\t<\/dt><\/dl><br style=\"clear: both\" \/>\n\t\t<\/div>\n\n<p><strong>\u00a1ENHORABUENA\u00a1 Tienes un gran potencial para crear tu proyecto empresarial<\/strong>&nbsp;<\/p>\n<ul>\n<li>Las respuestas al test muestran que posees unas competencias y capacidades muy pr\u00f3ximas al perfil caracter\u00edstico de la persona que desea crear un negocio.<\/li>\n<li>Poner en marcha un proyecto empresarial conlleva muchas dificultades de diferente tipo: econ\u00f3micas, viabilidad del proyecto, etc. pero sobre todo necesita que la persona que lo lleve a cabo tenga determinadas capacidades, cualidades y habilidades personales, sociales, etc. para que tenga \u00e9xito. En tu caso, tienes un gran potencial para afrontar este reto como puedes ver en el gr\u00e1fico:<\/li>\n<\/ul>\n<p>&nbsp;<\/p>\n\n\t\t<style>\n\t\t\t#gallery-3 {\n\t\t\t\tmargin: auto;\n\t\t\t}\n\t\t\t#gallery-3 .gallery-item {\n\t\t\t\tfloat: left;\n\t\t\t\tmargin-top: 10px;\n\t\t\t\ttext-align: center;\n\t\t\t\twidth: 50%;\n\t\t\t}\n\t\t\t#gallery-3 img {\n\t\t\t\tborder: 2px solid #cfcfcf;\n\t\t\t}\n\t\t\t#gallery-3 .gallery-caption {\n\t\t\t\tmargin-left: 0;\n\t\t\t}\n\t\t\t\/* see gallery_shortcode() in wp-includes\/media.php *\/\n\t\t<\/style>\n\t\t<div id='gallery-3' class='gallery galleryid-290 gallery-columns-2 gallery-size-large'><dl class='gallery-item'>\n\t\t\t<dt class='gallery-icon landscape'>\n\t\t\t\t<a href='https:\/\/blogsaverroes.juntadeandalucia.es\/carloslopezroldan\/mi-autoevaluacion-como-emprendedor\/personales\/'><img loading=\"lazy\" decoding=\"async\" width=\"300\" height=\"300\" src=\"https:\/\/blogsaverroes.juntadeandalucia.es\/carloslopezroldan\/files\/2018\/03\/personales.png\" class=\"attachment-large size-large\" alt=\"\" srcset=\"https:\/\/blogsaverroes.juntadeandalucia.es\/carloslopezroldan\/files\/2018\/03\/personales.png 300w, https:\/\/blogsaverroes.juntadeandalucia.es\/carloslopezroldan\/files\/2018\/03\/personales-150x150.png 150w, https:\/\/blogsaverroes.juntadeandalucia.es\/carloslopezroldan\/files\/2018\/03\/personales-100x100.png 100w, https:\/\/blogsaverroes.juntadeandalucia.es\/carloslopezroldan\/files\/2018\/03\/personales-24x24.png 24w, https:\/\/blogsaverroes.juntadeandalucia.es\/carloslopezroldan\/files\/2018\/03\/personales-36x36.png 36w, https:\/\/blogsaverroes.juntadeandalucia.es\/carloslopezroldan\/files\/2018\/03\/personales-48x48.png 48w\" sizes=\"(max-width: 300px) 100vw, 300px\" \/><\/a>\n\t\t\t<\/dt><\/dl><dl class='gallery-item'>\n\t\t\t<dt class='gallery-icon landscape'>\n\t\t\t\t<a href='https:\/\/blogsaverroes.juntadeandalucia.es\/carloslopezroldan\/mi-autoevaluacion-como-emprendedor\/logro\/'><img loading=\"lazy\" decoding=\"async\" width=\"300\" height=\"300\" src=\"https:\/\/blogsaverroes.juntadeandalucia.es\/carloslopezroldan\/files\/2018\/03\/logro.png\" class=\"attachment-large size-large\" alt=\"\" srcset=\"https:\/\/blogsaverroes.juntadeandalucia.es\/carloslopezroldan\/files\/2018\/03\/logro.png 300w, https:\/\/blogsaverroes.juntadeandalucia.es\/carloslopezroldan\/files\/2018\/03\/logro-150x150.png 150w, https:\/\/blogsaverroes.juntadeandalucia.es\/carloslopezroldan\/files\/2018\/03\/logro-100x100.png 100w, https:\/\/blogsaverroes.juntadeandalucia.es\/carloslopezroldan\/files\/2018\/03\/logro-24x24.png 24w, https:\/\/blogsaverroes.juntadeandalucia.es\/carloslopezroldan\/files\/2018\/03\/logro-36x36.png 36w, https:\/\/blogsaverroes.juntadeandalucia.es\/carloslopezroldan\/files\/2018\/03\/logro-48x48.png 48w\" sizes=\"(max-width: 300px) 100vw, 300px\" \/><\/a>\n\t\t\t<\/dt><\/dl><br style=\"clear: both\" \/><dl class='gallery-item'>\n\t\t\t<dt class='gallery-icon landscape'>\n\t\t\t\t<a href='https:\/\/blogsaverroes.juntadeandalucia.es\/carloslopezroldan\/mi-autoevaluacion-como-emprendedor\/intelectual\/'><img loading=\"lazy\" decoding=\"async\" width=\"300\" height=\"300\" src=\"https:\/\/blogsaverroes.juntadeandalucia.es\/carloslopezroldan\/files\/2018\/03\/intelectual.png\" class=\"attachment-large size-large\" alt=\"\" srcset=\"https:\/\/blogsaverroes.juntadeandalucia.es\/carloslopezroldan\/files\/2018\/03\/intelectual.png 300w, https:\/\/blogsaverroes.juntadeandalucia.es\/carloslopezroldan\/files\/2018\/03\/intelectual-150x150.png 150w, https:\/\/blogsaverroes.juntadeandalucia.es\/carloslopezroldan\/files\/2018\/03\/intelectual-100x100.png 100w, https:\/\/blogsaverroes.juntadeandalucia.es\/carloslopezroldan\/files\/2018\/03\/intelectual-24x24.png 24w, https:\/\/blogsaverroes.juntadeandalucia.es\/carloslopezroldan\/files\/2018\/03\/intelectual-36x36.png 36w, https:\/\/blogsaverroes.juntadeandalucia.es\/carloslopezroldan\/files\/2018\/03\/intelectual-48x48.png 48w\" sizes=\"(max-width: 300px) 100vw, 300px\" \/><\/a>\n\t\t\t<\/dt><\/dl><dl class='gallery-item'>\n\t\t\t<dt class='gallery-icon landscape'>\n\t\t\t\t<a href='https:\/\/blogsaverroes.juntadeandalucia.es\/carloslopezroldan\/mi-autoevaluacion-como-emprendedor\/chart-1\/'><img loading=\"lazy\" decoding=\"async\" width=\"300\" height=\"300\" src=\"https:\/\/blogsaverroes.juntadeandalucia.es\/carloslopezroldan\/files\/2018\/03\/chart-1.png\" class=\"attachment-large size-large\" alt=\"\" srcset=\"https:\/\/blogsaverroes.juntadeandalucia.es\/carloslopezroldan\/files\/2018\/03\/chart-1.png 300w, https:\/\/blogsaverroes.juntadeandalucia.es\/carloslopezroldan\/files\/2018\/03\/chart-1-150x150.png 150w, https:\/\/blogsaverroes.juntadeandalucia.es\/carloslopezroldan\/files\/2018\/03\/chart-1-100x100.png 100w, https:\/\/blogsaverroes.juntadeandalucia.es\/carloslopezroldan\/files\/2018\/03\/chart-1-24x24.png 24w, https:\/\/blogsaverroes.juntadeandalucia.es\/carloslopezroldan\/files\/2018\/03\/chart-1-36x36.png 36w, https:\/\/blogsaverroes.juntadeandalucia.es\/carloslopezroldan\/files\/2018\/03\/chart-1-48x48.png 48w\" sizes=\"(max-width: 300px) 100vw, 300px\" \/><\/a>\n\t\t\t<\/dt><\/dl><br style=\"clear: both\" \/>\n\t\t<\/div>\n\n<table width=\"100%\">\n<tbody>\n<tr>\n<td style=\"width: 473px\" colspan=\"2\"><strong>C\u00f3mo se caracteriza el PERFIL EMPRENDEDOR<\/strong><\/td>\n<\/tr>\n<tr>\n<td style=\"width: 473px\" colspan=\"2\"><strong>&nbsp;<\/strong><\/td>\n<\/tr>\n<tr>\n<td style=\"width: 15px\">&nbsp;<\/td>\n<td style=\"width: 452px\">\n<ul>\n<li>Para tu informaci\u00f3n, el perfil de la persona emprendedora se caracteriza por:\n<ul>\n<li>Estar motivado y tener autoconfianza, iniciativa, autonom\u00eda, capacidad para asumir riesgos y superar obst\u00e1culos, a fin de afrontar y adaptarse a las situaciones cambiantes. Tener visi\u00f3n a medio y largo plazo<\/li>\n<li>La capacidad de trabajo, la responsabilidad (personal y social) y la planificaci\u00f3n, la calidad y el compromiso tambi\u00e9n se consideran imprescindibles<\/li>\n<li>Curiosidad, creatividad, innovaci\u00f3n, capacidad para aprender y para ense\u00f1ar son competencias vitales de este perfil<\/li>\n<li>Finalmente, la inteligencia emocional, la comunicaci\u00f3n y la orientaci\u00f3n comercial, el liderazgo y el trabajo en equipo permiten abordar proyectos con potencial de \u00e9xito<\/li>\n<\/ul>\n<\/li>\n<li>Como ver\u00e1s, crear tu propia empresa requiere&nbsp;<strong>mucha implicaci\u00f3n personal<\/strong>&nbsp;teniendo en cuenta el mercado tan competitivo en el que nos encontramos.<\/li>\n<\/ul>\n<\/td>\n<\/tr>\n<\/tbody>\n<\/table>\n","protected":false},"excerpt":{"rendered":"<p>A continuaci\u00f3n se presentan los resultados de unos cuestionarios sobre el emprendimiento. Ficha del emprendedor. Mis resultados: \u00a1ENHORABUENA\u00a1 Tienes un gran potencial para crear tu proyecto empresarial&nbsp; Las respuestas al test muestran que posees&#46;&#46;&#46;<\/p>\n","protected":false},"author":2095,"featured_media":0,"comment_status":"open","ping_status":"open","sticky":false,"template":"","format":"standard","meta":{"ngg_post_thumbnail":0,"footnotes":""},"categories":[453315,7538,81,10506,1067744],"tags":[],"aioseo_notices":[],"_links":{"self":[{"href":"https:\/\/blogsaverroes.juntadeandalucia.es\/carloslopezroldan\/wp-json\/wp\/v2\/posts\/290"}],"collection":[{"href":"https:\/\/blogsaverroes.juntadeandalucia.es\/carloslopezroldan\/wp-json\/wp\/v2\/posts"}],"about":[{"href":"https:\/\/blogsaverroes.juntadeandalucia.es\/carloslopezroldan\/wp-json\/wp\/v2\/types\/post"}],"author":[{"embeddable":true,"href":"https:\/\/blogsaverroes.juntadeandalucia.es\/carloslopezroldan\/wp-json\/wp\/v2\/users\/2095"}],"replies":[{"embeddable":true,"href":"https:\/\/blogsaverroes.juntadeandalucia.es\/carloslopezroldan\/wp-json\/wp\/v2\/comments?post=290"}],"version-history":[{"count":1,"href":"https:\/\/blogsaverroes.juntadeandalucia.es\/carloslopezroldan\/wp-json\/wp\/v2\/posts\/290\/revisions"}],"predecessor-version":[{"id":299,"href":"https:\/\/blogsaverroes.juntadeandalucia.es\/carloslopezroldan\/wp-json\/wp\/v2\/posts\/290\/revisions\/299"}],"wp:attachment":[{"href":"https:\/\/blogsaverroes.juntadeandalucia.es\/carloslopezroldan\/wp-json\/wp\/v2\/media?parent=290"}],"wp:term":[{"taxonomy":"category","embeddable":true,"href":"https:\/\/blogsaverroes.juntadeandalucia.es\/carloslopezroldan\/wp-json\/wp\/v2\/categories?post=290"},{"taxonomy":"post_tag","embeddable":true,"href":"https:\/\/blogsaverroes.juntadeandalucia.es\/carloslopezroldan\/wp-json\/wp\/v2\/tags?post=290"}],"curies":[{"name":"wp","href":"https:\/\/api.w.org\/{rel}","templated":true}]}}