{"id":381,"date":"2018-10-08T21:15:59","date_gmt":"2018-10-08T21:15:59","guid":{"rendered":"https:\/\/blogsaverroes.juntadeandalucia.es\/carloslopezroldan\/?p=381"},"modified":"2018-10-10T21:42:38","modified_gmt":"2018-10-10T21:42:38","slug":"exploramos-licencias-creative-commons","status":"publish","type":"post","link":"https:\/\/blogsaverroes.juntadeandalucia.es\/carloslopezroldan\/exploramos-licencias-creative-commons\/","title":{"rendered":"Exploramos licencias creative commons"},"content":{"rendered":"<p>La narrativa digital a menudo implica que el alumnado utilice im\u00e1genes, m\u00fasica y otro tipo de contenidos creados por otras personas. Parte de nuestra tarea al ense\u00f1ar a nuestro alumnado el concepto de ciudadan\u00eda digital consiste en mostrarles c\u00f3mo respetar los derechos de autor y c\u00f3mo citar adecuadamente la fuente de los contenidos ajenos que utilizan. Las licencias Creative Commons son una forma sencilla en que cada persona puede definir c\u00f3mo otros deben usar sus contenidos o remezclarlos.<\/p>\n<p>A continuaci\u00f3n vamos a analizar los detalles de la licencia de una fotograf\u00eda y un efecto de sonido:<\/p>\n<p><a href=\"https:\/\/docs.google.com\/document\/d\/19YaE8TwVTZYYXbgkaXWQ_p3G0hIf2ieyyWkXAIZIMTs\/edit?usp=sharing\">https:\/\/docs.google.com\/document\/d\/19YaE8TwVTZYYXbgkaXWQ_p3G0hIf2ieyyWkXAIZIMTs\/edit?usp=sharing<\/a><\/p>\n","protected":false},"excerpt":{"rendered":"<p>La narrativa digital a menudo implica que el alumnado utilice im\u00e1genes, m\u00fasica y otro tipo de contenidos creados por otras personas. Parte de nuestra tarea al ense\u00f1ar a nuestro alumnado el concepto de ciudadan\u00eda&#46;&#46;&#46;<\/p>\n","protected":false},"author":2095,"featured_media":0,"comment_status":"open","ping_status":"open","sticky":false,"template":"","format":"standard","meta":{"ngg_post_thumbnail":0,"footnotes":""},"categories":[81,10506,4168],"tags":[],"aioseo_notices":[],"_links":{"self":[{"href":"https:\/\/blogsaverroes.juntadeandalucia.es\/carloslopezroldan\/wp-json\/wp\/v2\/posts\/381"}],"collection":[{"href":"https:\/\/blogsaverroes.juntadeandalucia.es\/carloslopezroldan\/wp-json\/wp\/v2\/posts"}],"about":[{"href":"https:\/\/blogsaverroes.juntadeandalucia.es\/carloslopezroldan\/wp-json\/wp\/v2\/types\/post"}],"author":[{"embeddable":true,"href":"https:\/\/blogsaverroes.juntadeandalucia.es\/carloslopezroldan\/wp-json\/wp\/v2\/users\/2095"}],"replies":[{"embeddable":true,"href":"https:\/\/blogsaverroes.juntadeandalucia.es\/carloslopezroldan\/wp-json\/wp\/v2\/comments?post=381"}],"version-history":[{"count":5,"href":"https:\/\/blogsaverroes.juntadeandalucia.es\/carloslopezroldan\/wp-json\/wp\/v2\/posts\/381\/revisions"}],"predecessor-version":[{"id":386,"href":"https:\/\/blogsaverroes.juntadeandalucia.es\/carloslopezroldan\/wp-json\/wp\/v2\/posts\/381\/revisions\/386"}],"wp:attachment":[{"href":"https:\/\/blogsaverroes.juntadeandalucia.es\/carloslopezroldan\/wp-json\/wp\/v2\/media?parent=381"}],"wp:term":[{"taxonomy":"category","embeddable":true,"href":"https:\/\/blogsaverroes.juntadeandalucia.es\/carloslopezroldan\/wp-json\/wp\/v2\/categories?post=381"},{"taxonomy":"post_tag","embeddable":true,"href":"https:\/\/blogsaverroes.juntadeandalucia.es\/carloslopezroldan\/wp-json\/wp\/v2\/tags?post=381"}],"curies":[{"name":"wp","href":"https:\/\/api.w.org\/{rel}","templated":true}]}}