{"id":422,"date":"2018-10-31T09:44:55","date_gmt":"2018-10-31T09:44:55","guid":{"rendered":"https:\/\/blogsaverroes.juntadeandalucia.es\/carloslopezroldan\/?p=422"},"modified":"2018-10-31T09:47:46","modified_gmt":"2018-10-31T09:47:46","slug":"creando-una-leccion-de-aprendizaje-movil","status":"publish","type":"post","link":"https:\/\/blogsaverroes.juntadeandalucia.es\/carloslopezroldan\/creando-una-leccion-de-aprendizaje-movil\/","title":{"rendered":"Creando una lecci\u00f3n de aprendizaje m\u00f3vil"},"content":{"rendered":"<p>No cabe ninguna duda que estamos inmersos en la era digital y que los dispositivos m\u00f3viles son parte de nuestra vida diaria. Creo que es muy importante hacer ver al alumnado que la utilizaci\u00f3n de los m\u00f3viles debe ser algo como una herramienta de trabajo.<\/p>\n<p>Hace unos d\u00edas en el aula de 6\u00ba de primaria me sorprendi\u00f3 que el alumnado no conociera ning\u00fan procesador de textos y por ello decid\u00ed realizar una actividad para que utilizasen dicho recurso en el m\u00f3vil. As\u00ed que os dejo con la actividad creada:<\/p>\n<p><a href=\"https:\/\/drive.google.com\/file\/d\/1P0HCIaiEwQuHcfdmcF_e37rTEesg36qe\/view?usp=sharing\">https:\/\/drive.google.com\/file\/d\/1P0HCIaiEwQuHcfdmcF_e37rTEesg36qe\/view?usp=sharing<\/a><\/p>\n<p>&nbsp;<\/p>\n","protected":false},"excerpt":{"rendered":"<p>No cabe ninguna duda que estamos inmersos en la era digital y que los dispositivos m\u00f3viles son parte de nuestra vida diaria. Creo que es muy importante hacer ver al alumnado que la utilizaci\u00f3n&#46;&#46;&#46;<\/p>\n","protected":false},"author":2095,"featured_media":0,"comment_status":"open","ping_status":"open","sticky":false,"template":"","format":"standard","meta":{"ngg_post_thumbnail":0,"footnotes":""},"categories":[1067743,81,10506,4168],"tags":[],"aioseo_notices":[],"_links":{"self":[{"href":"https:\/\/blogsaverroes.juntadeandalucia.es\/carloslopezroldan\/wp-json\/wp\/v2\/posts\/422"}],"collection":[{"href":"https:\/\/blogsaverroes.juntadeandalucia.es\/carloslopezroldan\/wp-json\/wp\/v2\/posts"}],"about":[{"href":"https:\/\/blogsaverroes.juntadeandalucia.es\/carloslopezroldan\/wp-json\/wp\/v2\/types\/post"}],"author":[{"embeddable":true,"href":"https:\/\/blogsaverroes.juntadeandalucia.es\/carloslopezroldan\/wp-json\/wp\/v2\/users\/2095"}],"replies":[{"embeddable":true,"href":"https:\/\/blogsaverroes.juntadeandalucia.es\/carloslopezroldan\/wp-json\/wp\/v2\/comments?post=422"}],"version-history":[{"count":2,"href":"https:\/\/blogsaverroes.juntadeandalucia.es\/carloslopezroldan\/wp-json\/wp\/v2\/posts\/422\/revisions"}],"predecessor-version":[{"id":424,"href":"https:\/\/blogsaverroes.juntadeandalucia.es\/carloslopezroldan\/wp-json\/wp\/v2\/posts\/422\/revisions\/424"}],"wp:attachment":[{"href":"https:\/\/blogsaverroes.juntadeandalucia.es\/carloslopezroldan\/wp-json\/wp\/v2\/media?parent=422"}],"wp:term":[{"taxonomy":"category","embeddable":true,"href":"https:\/\/blogsaverroes.juntadeandalucia.es\/carloslopezroldan\/wp-json\/wp\/v2\/categories?post=422"},{"taxonomy":"post_tag","embeddable":true,"href":"https:\/\/blogsaverroes.juntadeandalucia.es\/carloslopezroldan\/wp-json\/wp\/v2\/tags?post=422"}],"curies":[{"name":"wp","href":"https:\/\/api.w.org\/{rel}","templated":true}]}}