{"id":97,"date":"2017-09-29T08:28:50","date_gmt":"2017-09-29T08:28:50","guid":{"rendered":"http:\/\/blogsaverroes.juntadeandalucia.es\/carloslopezroldan\/?p=97"},"modified":"2017-09-29T08:28:50","modified_gmt":"2017-09-29T08:28:50","slug":"reflexion-sobre-la-formacion","status":"publish","type":"post","link":"https:\/\/blogsaverroes.juntadeandalucia.es\/carloslopezroldan\/reflexion-sobre-la-formacion\/","title":{"rendered":"Reflexi\u00f3n sobre la formaci\u00f3n"},"content":{"rendered":"<p>Desde mi punto de vista la formaci\u00f3n es esencial dentro de la profesi\u00f3n que ejercemos tanto la formal como la informal.<\/p>\n<p>Soy un gran admirador de la formaci\u00f3n ya que considero que tengo que seguir form\u00e1ndome para mejorar en mi actividad diaria. Todos los a\u00f1os realizo de 4 a 5 cursos de formaci\u00f3n (a trav\u00e9s del INTEF y el aula virtual de formaci\u00f3n del profesorado de la Junta de Andaluc\u00eda), as\u00ed como coordinar un grupo de trabajo, proyecto de innovaci\u00f3n y las jornadas o encuentros que vayan convoc\u00e1ndose.<\/p>\n<p>As\u00ed, la formaci\u00f3n formal me permite adquirir unos conocimientos y habilidades para poder&nbsp; desenvolverse en la vida y la &nbsp;formaci\u00f3n informal se produce a lo largo de toda la vida a trav\u00e9s de la experiencia propia y ajena, las actividades cotidianas\u2026,<\/p>\n<p>No cabe ninguna duda que todos los cursos que he realizado y que estoy realizando me han permitido aprender y enfocar mi docencia desde una perspectiva adaptada a la sociedad en la que estamos inmersa. La mayor\u00eda de los cursos que realizo conllevan tener ciertos conocimientos tecnol\u00f3gicos, ya que no nos olvidemos que nos encontramos en la era digital, por ello me decido a elegir cursos relacionados con las TICs y es lo que yo recomiendo al profesorado.<\/p>\n<p>Actualmente estoy desempe\u00f1ando el cargo de director de un centro y lo que percibo es que el profesorado se forma poco, va al m\u00ednimo para conseguir esas horas para sexenios, lo cual es bastante preocupante, con lo que intento motivar al profesorado para realizar grupos de trabajo o cursos on line, ya que son los cursos que m\u00e1s demanda el profesorado por el hecho de no desplazarse.<\/p>\n<p>En fin, creo que tenemos que formarnos para seguir avanzando en esta gran profesi\u00f3n.<\/p>\n","protected":false},"excerpt":{"rendered":"<p>Desde mi punto de vista la formaci\u00f3n es esencial dentro de la profesi\u00f3n que ejercemos tanto la formal como la informal. Soy un gran admirador de la formaci\u00f3n ya que considero que tengo que&#46;&#46;&#46;<\/p>\n","protected":false},"author":2095,"featured_media":0,"comment_status":"open","ping_status":"open","sticky":false,"template":"","format":"standard","meta":{"ngg_post_thumbnail":0,"footnotes":""},"categories":[81,10506],"tags":[],"aioseo_notices":[],"_links":{"self":[{"href":"https:\/\/blogsaverroes.juntadeandalucia.es\/carloslopezroldan\/wp-json\/wp\/v2\/posts\/97"}],"collection":[{"href":"https:\/\/blogsaverroes.juntadeandalucia.es\/carloslopezroldan\/wp-json\/wp\/v2\/posts"}],"about":[{"href":"https:\/\/blogsaverroes.juntadeandalucia.es\/carloslopezroldan\/wp-json\/wp\/v2\/types\/post"}],"author":[{"embeddable":true,"href":"https:\/\/blogsaverroes.juntadeandalucia.es\/carloslopezroldan\/wp-json\/wp\/v2\/users\/2095"}],"replies":[{"embeddable":true,"href":"https:\/\/blogsaverroes.juntadeandalucia.es\/carloslopezroldan\/wp-json\/wp\/v2\/comments?post=97"}],"version-history":[{"count":1,"href":"https:\/\/blogsaverroes.juntadeandalucia.es\/carloslopezroldan\/wp-json\/wp\/v2\/posts\/97\/revisions"}],"predecessor-version":[{"id":98,"href":"https:\/\/blogsaverroes.juntadeandalucia.es\/carloslopezroldan\/wp-json\/wp\/v2\/posts\/97\/revisions\/98"}],"wp:attachment":[{"href":"https:\/\/blogsaverroes.juntadeandalucia.es\/carloslopezroldan\/wp-json\/wp\/v2\/media?parent=97"}],"wp:term":[{"taxonomy":"category","embeddable":true,"href":"https:\/\/blogsaverroes.juntadeandalucia.es\/carloslopezroldan\/wp-json\/wp\/v2\/categories?post=97"},{"taxonomy":"post_tag","embeddable":true,"href":"https:\/\/blogsaverroes.juntadeandalucia.es\/carloslopezroldan\/wp-json\/wp\/v2\/tags?post=97"}],"curies":[{"name":"wp","href":"https:\/\/api.w.org\/{rel}","templated":true}]}}