{"id":2648,"date":"2021-06-29T11:21:31","date_gmt":"2021-06-29T11:21:31","guid":{"rendered":"https:\/\/blogsaverroes.juntadeandalucia.es\/cdpeemarujadequinta\/?p=2648"},"modified":"2023-03-25T18:19:57","modified_gmt":"2023-03-25T18:19:57","slug":"sala-multisensorial","status":"publish","type":"post","link":"https:\/\/blogsaverroes.juntadeandalucia.es\/cdpeemarujadequinta\/sala-multisensorial\/","title":{"rendered":"SALA MULTISENSORIAL"},"content":{"rendered":"<p>Desde el Centro de Educaci\u00f3n Especial Maruja de Quinta os informamos que a partir del pr\u00f3ximo curso 2021-2022, nuestro centro contar\u00e1 con una sala multisensorial. Este ha sido un proyecto que se ha perseguido desde hace varios a\u00f1os y que se ha logrado alcanzar y finalizar durante este \u00faltimo. Aunque en estos momentos cuenta con todo aquellos recursos materiales necesarios, esta se ir\u00e1 completando a\u00fan m\u00e1s.<br \/>\nDebido a las medidas socio-sanitaria estipuladas nos ha sido imposible realizar una inauguraci\u00f3n, es por ello que os adjuntamos un video a modo de presentaci\u00f3n.<br \/>\n\u00a1Esperemos que os guste tanto como a nosotros!<\/p>\n<p>&nbsp;<\/p>\n<div style=\"width: 640px;\" class=\"wp-video\"><!--[if lt IE 9]><script>document.createElement('video');<\/script><![endif]-->\n<video class=\"wp-video-shortcode\" id=\"video-2648-1\" width=\"640\" height=\"256\" preload=\"metadata\" controls=\"controls\"><source type=\"video\/mp4\" src=\"https:\/\/blogsaverroes.juntadeandalucia.es\/cdpeemarujadequinta\/files\/2021\/06\/SALA-MULTISENSORIAL-MARUJA-DE-QUINTA.mp4?_=1\" \/><a href=\"https:\/\/blogsaverroes.juntadeandalucia.es\/cdpeemarujadequinta\/files\/2021\/06\/SALA-MULTISENSORIAL-MARUJA-DE-QUINTA.mp4\">https:\/\/blogsaverroes.juntadeandalucia.es\/cdpeemarujadequinta\/files\/2021\/06\/SALA-MULTISENSORIAL-MARUJA-DE-QUINTA.mp4<\/a><\/video><\/div>\n","protected":false},"excerpt":{"rendered":"<p>Desde el Centro de Educaci\u00f3n Especial Maruja de Quinta os informamos que a partir del pr\u00f3ximo curso 2021-2022, nuestro centro contar\u00e1 con una sala multisensorial. Este ha sido un proyecto que se ha perseguido&#46;&#46;&#46;<\/p>\n","protected":false},"author":11784,"featured_media":2694,"comment_status":"open","ping_status":"open","sticky":false,"template":"","format":"standard","meta":{"ngg_post_thumbnail":0,"footnotes":""},"categories":[2351655],"tags":[],"aioseo_notices":[],"_links":{"self":[{"href":"https:\/\/blogsaverroes.juntadeandalucia.es\/cdpeemarujadequinta\/wp-json\/wp\/v2\/posts\/2648"}],"collection":[{"href":"https:\/\/blogsaverroes.juntadeandalucia.es\/cdpeemarujadequinta\/wp-json\/wp\/v2\/posts"}],"about":[{"href":"https:\/\/blogsaverroes.juntadeandalucia.es\/cdpeemarujadequinta\/wp-json\/wp\/v2\/types\/post"}],"author":[{"embeddable":true,"href":"https:\/\/blogsaverroes.juntadeandalucia.es\/cdpeemarujadequinta\/wp-json\/wp\/v2\/users\/11784"}],"replies":[{"embeddable":true,"href":"https:\/\/blogsaverroes.juntadeandalucia.es\/cdpeemarujadequinta\/wp-json\/wp\/v2\/comments?post=2648"}],"version-history":[{"count":1,"href":"https:\/\/blogsaverroes.juntadeandalucia.es\/cdpeemarujadequinta\/wp-json\/wp\/v2\/posts\/2648\/revisions"}],"predecessor-version":[{"id":2650,"href":"https:\/\/blogsaverroes.juntadeandalucia.es\/cdpeemarujadequinta\/wp-json\/wp\/v2\/posts\/2648\/revisions\/2650"}],"wp:featuredmedia":[{"embeddable":true,"href":"https:\/\/blogsaverroes.juntadeandalucia.es\/cdpeemarujadequinta\/wp-json\/wp\/v2\/media\/2694"}],"wp:attachment":[{"href":"https:\/\/blogsaverroes.juntadeandalucia.es\/cdpeemarujadequinta\/wp-json\/wp\/v2\/media?parent=2648"}],"wp:term":[{"taxonomy":"category","embeddable":true,"href":"https:\/\/blogsaverroes.juntadeandalucia.es\/cdpeemarujadequinta\/wp-json\/wp\/v2\/categories?post=2648"},{"taxonomy":"post_tag","embeddable":true,"href":"https:\/\/blogsaverroes.juntadeandalucia.es\/cdpeemarujadequinta\/wp-json\/wp\/v2\/tags?post=2648"}],"curies":[{"name":"wp","href":"https:\/\/api.w.org\/{rel}","templated":true}]}}