{"id":3561,"date":"2024-04-12T14:04:32","date_gmt":"2024-04-12T14:04:32","guid":{"rendered":"https:\/\/blogsaverroes.juntadeandalucia.es\/cdpeemarujadequinta\/?p=3561"},"modified":"2024-04-17T12:09:34","modified_gmt":"2024-04-17T12:09:34","slug":"ii-edicion-premios-educacion","status":"publish","type":"post","link":"https:\/\/blogsaverroes.juntadeandalucia.es\/cdpeemarujadequinta\/ii-edicion-premios-educacion\/","title":{"rendered":"II EDICI\u00d3N PREMIOS EDUCACI\u00d3N"},"content":{"rendered":"<div dir=\"auto\">\u00a1Buenas tardes a todos!<\/div>\n<div dir=\"auto\">Ayer por la tarde tuvimos una cita muy importante en el teatro de nuestra localidad. Fuimos invitados al acto que conmemora la II EDICI\u00d3N PREMIOS EDUCACI\u00d3N organizada por la Fundaci\u00f3n Caja Rural de Utrera en el cual hemos participado. \u00a1Gracias por hacernos part\u00edcipes de esta II Edici\u00f3n!<\/div>\n<div dir=\"auto\"><a href=\"https:\/\/blogsaverroes.juntadeandalucia.es\/cdpeemarujadequinta\/files\/2024\/04\/436915758_1579780029474020_8451506544120928063_n.jpg\"><img loading=\"lazy\" decoding=\"async\" class=\"alignnone size-full wp-image-3562\" src=\"https:\/\/blogsaverroes.juntadeandalucia.es\/cdpeemarujadequinta\/files\/2024\/04\/436915758_1579780029474020_8451506544120928063_n.jpg\" alt=\"\" width=\"1536\" height=\"2048\" srcset=\"https:\/\/blogsaverroes.juntadeandalucia.es\/cdpeemarujadequinta\/files\/2024\/04\/436915758_1579780029474020_8451506544120928063_n.jpg 1200w, https:\/\/blogsaverroes.juntadeandalucia.es\/cdpeemarujadequinta\/files\/2024\/04\/436915758_1579780029474020_8451506544120928063_n-225x300.jpg 225w, https:\/\/blogsaverroes.juntadeandalucia.es\/cdpeemarujadequinta\/files\/2024\/04\/436915758_1579780029474020_8451506544120928063_n-768x1024.jpg 768w, https:\/\/blogsaverroes.juntadeandalucia.es\/cdpeemarujadequinta\/files\/2024\/04\/436915758_1579780029474020_8451506544120928063_n-1152x1536.jpg 1152w, https:\/\/blogsaverroes.juntadeandalucia.es\/cdpeemarujadequinta\/files\/2024\/04\/436915758_1579780029474020_8451506544120928063_n-700x933.jpg 700w\" sizes=\"(max-width: 1536px) 100vw, 1536px\" \/><\/a><\/div>\n","protected":false},"excerpt":{"rendered":"<p>\u00a1Buenas tardes a todos! Ayer por la tarde tuvimos una cita muy importante en el teatro de nuestra localidad. Fuimos invitados al acto que conmemora la II EDICI\u00d3N PREMIOS EDUCACI\u00d3N organizada por la Fundaci\u00f3n&#46;&#46;&#46;<\/p>\n","protected":false},"author":11784,"featured_media":3563,"comment_status":"open","ping_status":"open","sticky":false,"template":"","format":"standard","meta":{"ngg_post_thumbnail":0,"footnotes":""},"categories":[11909],"tags":[],"aioseo_notices":[],"_links":{"self":[{"href":"https:\/\/blogsaverroes.juntadeandalucia.es\/cdpeemarujadequinta\/wp-json\/wp\/v2\/posts\/3561"}],"collection":[{"href":"https:\/\/blogsaverroes.juntadeandalucia.es\/cdpeemarujadequinta\/wp-json\/wp\/v2\/posts"}],"about":[{"href":"https:\/\/blogsaverroes.juntadeandalucia.es\/cdpeemarujadequinta\/wp-json\/wp\/v2\/types\/post"}],"author":[{"embeddable":true,"href":"https:\/\/blogsaverroes.juntadeandalucia.es\/cdpeemarujadequinta\/wp-json\/wp\/v2\/users\/11784"}],"replies":[{"embeddable":true,"href":"https:\/\/blogsaverroes.juntadeandalucia.es\/cdpeemarujadequinta\/wp-json\/wp\/v2\/comments?post=3561"}],"version-history":[{"count":1,"href":"https:\/\/blogsaverroes.juntadeandalucia.es\/cdpeemarujadequinta\/wp-json\/wp\/v2\/posts\/3561\/revisions"}],"predecessor-version":[{"id":3564,"href":"https:\/\/blogsaverroes.juntadeandalucia.es\/cdpeemarujadequinta\/wp-json\/wp\/v2\/posts\/3561\/revisions\/3564"}],"wp:featuredmedia":[{"embeddable":true,"href":"https:\/\/blogsaverroes.juntadeandalucia.es\/cdpeemarujadequinta\/wp-json\/wp\/v2\/media\/3563"}],"wp:attachment":[{"href":"https:\/\/blogsaverroes.juntadeandalucia.es\/cdpeemarujadequinta\/wp-json\/wp\/v2\/media?parent=3561"}],"wp:term":[{"taxonomy":"category","embeddable":true,"href":"https:\/\/blogsaverroes.juntadeandalucia.es\/cdpeemarujadequinta\/wp-json\/wp\/v2\/categories?post=3561"},{"taxonomy":"post_tag","embeddable":true,"href":"https:\/\/blogsaverroes.juntadeandalucia.es\/cdpeemarujadequinta\/wp-json\/wp\/v2\/tags?post=3561"}],"curies":[{"name":"wp","href":"https:\/\/api.w.org\/{rel}","templated":true}]}}