{"id":3803,"date":"2025-11-07T14:20:21","date_gmt":"2025-11-07T14:20:21","guid":{"rendered":"https:\/\/blogsaverroes.juntadeandalucia.es\/cdpeemarujadequinta\/?p=3803"},"modified":"2026-02-09T09:14:43","modified_gmt":"2026-02-09T09:14:43","slug":"logopedia","status":"publish","type":"post","link":"https:\/\/blogsaverroes.juntadeandalucia.es\/cdpeemarujadequinta\/logopedia\/","title":{"rendered":"LOGOPEDIA"},"content":{"rendered":"<p>\ud83d\udd39 Hoy os mostramos c\u00f3mo, desde el aula de logopedia, nuestro alumno trabaja el concepto de esquema corporal de la cara (o esquema facial). \ud83d\udc41\ufe0f \ud83d\udc44<\/p>\n<p>\ud83d\udd38 El esquema corporal facial es la representaci\u00f3n mental interna que una persona tiene de su propio rostro y de sus movimientos. Es esencial para la expresi\u00f3n, la comunicaci\u00f3n social, la autoconciencia y el desarrollo de habilidades motoras y emocionales. \ud83e\udde0<\/p>\n<p>A trav\u00e9s del siguiente enlace de nuestra red social, pod\u00e9is ver el v\u00eddeo:<\/p>\n<p><a href=\"https:\/\/www.instagram.com\/reel\/DQv2jrYDKb-\/?utm_source=ig_web_copy_link&amp;igsh=MzRlODBiNWFlZA==\">https:\/\/www.instagram.com\/reel\/DQv2jrYDKb-\/?utm_source=ig_web_copy_link&amp;igsh=MzRlODBiNWFlZA==<\/a><\/p>\n","protected":false},"excerpt":{"rendered":"<p>\ud83d\udd39 Hoy os mostramos c\u00f3mo, desde el aula de logopedia, nuestro alumno trabaja el concepto de esquema corporal de la cara (o esquema facial). \ud83d\udc41\ufe0f \ud83d\udc44 \ud83d\udd38 El esquema corporal facial es la representaci\u00f3n&#46;&#46;&#46;<\/p>\n","protected":false},"author":11784,"featured_media":3805,"comment_status":"open","ping_status":"open","sticky":false,"template":"","format":"standard","meta":{"ngg_post_thumbnail":0,"footnotes":""},"categories":[11909],"tags":[],"aioseo_notices":[],"_links":{"self":[{"href":"https:\/\/blogsaverroes.juntadeandalucia.es\/cdpeemarujadequinta\/wp-json\/wp\/v2\/posts\/3803"}],"collection":[{"href":"https:\/\/blogsaverroes.juntadeandalucia.es\/cdpeemarujadequinta\/wp-json\/wp\/v2\/posts"}],"about":[{"href":"https:\/\/blogsaverroes.juntadeandalucia.es\/cdpeemarujadequinta\/wp-json\/wp\/v2\/types\/post"}],"author":[{"embeddable":true,"href":"https:\/\/blogsaverroes.juntadeandalucia.es\/cdpeemarujadequinta\/wp-json\/wp\/v2\/users\/11784"}],"replies":[{"embeddable":true,"href":"https:\/\/blogsaverroes.juntadeandalucia.es\/cdpeemarujadequinta\/wp-json\/wp\/v2\/comments?post=3803"}],"version-history":[{"count":1,"href":"https:\/\/blogsaverroes.juntadeandalucia.es\/cdpeemarujadequinta\/wp-json\/wp\/v2\/posts\/3803\/revisions"}],"predecessor-version":[{"id":3806,"href":"https:\/\/blogsaverroes.juntadeandalucia.es\/cdpeemarujadequinta\/wp-json\/wp\/v2\/posts\/3803\/revisions\/3806"}],"wp:featuredmedia":[{"embeddable":true,"href":"https:\/\/blogsaverroes.juntadeandalucia.es\/cdpeemarujadequinta\/wp-json\/wp\/v2\/media\/3805"}],"wp:attachment":[{"href":"https:\/\/blogsaverroes.juntadeandalucia.es\/cdpeemarujadequinta\/wp-json\/wp\/v2\/media?parent=3803"}],"wp:term":[{"taxonomy":"category","embeddable":true,"href":"https:\/\/blogsaverroes.juntadeandalucia.es\/cdpeemarujadequinta\/wp-json\/wp\/v2\/categories?post=3803"},{"taxonomy":"post_tag","embeddable":true,"href":"https:\/\/blogsaverroes.juntadeandalucia.es\/cdpeemarujadequinta\/wp-json\/wp\/v2\/tags?post=3803"}],"curies":[{"name":"wp","href":"https:\/\/api.w.org\/{rel}","templated":true}]}}