{"id":3826,"date":"2025-12-18T14:29:55","date_gmt":"2025-12-18T14:29:55","guid":{"rendered":"https:\/\/blogsaverroes.juntadeandalucia.es\/cdpeemarujadequinta\/?p=3826"},"modified":"2026-02-09T10:06:36","modified_gmt":"2026-02-09T10:06:36","slug":"llego-la-navidad","status":"publish","type":"post","link":"https:\/\/blogsaverroes.juntadeandalucia.es\/cdpeemarujadequinta\/llego-la-navidad\/","title":{"rendered":"LLEG\u00d3 LA NAVIDAD"},"content":{"rendered":"<p>\ud83c\udf84 \u00a1LA MAGIA DE LA NAVIDAD HA LLEGADO A NUESTRO COLEGIO! \u2728<\/p>\n<p>Risas, colores, villancicos y mucha ilusi\u00f3n llenan nuestros pasillos. \ud83c\udfbc<\/p>\n<p>Adem\u00e1s, nuestros alumnos\/as nos han sorprendido a todo el personal del cole con un regalo hecho por ellos. \ud83d\ude0d\ud83d\ude0d<\/p>\n<p>Y como no, hemos realizado nuestro ya tradicional concurso de Christmas.<\/p>\n<p>Adem\u00e1s, en esta semana tan especial, nos ha visitado, un a\u00f1o m\u00e1s, el CEIP Juan Antonio Velasco. \ud83d\udc4f\ud83c\udffc<\/p>\n<p>Por \u00faltimo, entre figuras, luces y tradici\u00f3n, nuestros alumnos y alumnas han vivido una excursi\u00f3n muy especial visitando los belenes de nuestra localidad. \ud83d\udc76\ud83d\udc02\u2728<\/p>\n<p>\u00a1FELICES FIESTAS, FAMILIAS! \ud83e\udd0d<\/p>\n<p>&nbsp;<\/p>\n<p>Pod\u00e9is ver nuestra magn\u00edfica semana, en los siguientes enlaces de nuestra red social:<\/p>\n<p><a href=\"https:\/\/www.instagram.com\/reel\/DSVEM0-DPY2\/?utm_source=ig_web_copy_link&amp;igsh=MzRlODBiNWFlZA==\">https:\/\/www.instagram.com\/reel\/DSVEM0-DPY2\/?utm_source=ig_web_copy_link&amp;igsh=MzRlODBiNWFlZA==<\/a><\/p>\n<p><a href=\"https:\/\/www.instagram.com\/p\/DSXb6f0jLus\/?utm_source=ig_web_copy_link&amp;igsh=MzRlODBiNWFlZA==\">https:\/\/www.instagram.com\/p\/DSXb6f0jLus\/?utm_source=ig_web_copy_link&amp;igsh=MzRlODBiNWFlZA==<\/a><\/p>\n<p><a href=\"https:\/\/www.instagram.com\/reel\/DSaN9dzDNn5\/?utm_source=ig_web_copy_link&amp;igsh=MzRlODBiNWFlZA==\">https:\/\/www.instagram.com\/reel\/DSaN9dzDNn5\/?utm_source=ig_web_copy_link&amp;igsh=MzRlODBiNWFlZA==<\/a><\/p>\n","protected":false},"excerpt":{"rendered":"<p>\ud83c\udf84 \u00a1LA MAGIA DE LA NAVIDAD HA LLEGADO A NUESTRO COLEGIO! \u2728 Risas, colores, villancicos y mucha ilusi\u00f3n llenan nuestros pasillos. \ud83c\udfbc Adem\u00e1s, nuestros alumnos\/as nos han sorprendido a todo el personal del cole&#46;&#46;&#46;<\/p>\n","protected":false},"author":11784,"featured_media":3827,"comment_status":"open","ping_status":"open","sticky":false,"template":"","format":"standard","meta":{"ngg_post_thumbnail":0,"footnotes":""},"categories":[11909],"tags":[],"aioseo_notices":[],"_links":{"self":[{"href":"https:\/\/blogsaverroes.juntadeandalucia.es\/cdpeemarujadequinta\/wp-json\/wp\/v2\/posts\/3826"}],"collection":[{"href":"https:\/\/blogsaverroes.juntadeandalucia.es\/cdpeemarujadequinta\/wp-json\/wp\/v2\/posts"}],"about":[{"href":"https:\/\/blogsaverroes.juntadeandalucia.es\/cdpeemarujadequinta\/wp-json\/wp\/v2\/types\/post"}],"author":[{"embeddable":true,"href":"https:\/\/blogsaverroes.juntadeandalucia.es\/cdpeemarujadequinta\/wp-json\/wp\/v2\/users\/11784"}],"replies":[{"embeddable":true,"href":"https:\/\/blogsaverroes.juntadeandalucia.es\/cdpeemarujadequinta\/wp-json\/wp\/v2\/comments?post=3826"}],"version-history":[{"count":1,"href":"https:\/\/blogsaverroes.juntadeandalucia.es\/cdpeemarujadequinta\/wp-json\/wp\/v2\/posts\/3826\/revisions"}],"predecessor-version":[{"id":3828,"href":"https:\/\/blogsaverroes.juntadeandalucia.es\/cdpeemarujadequinta\/wp-json\/wp\/v2\/posts\/3826\/revisions\/3828"}],"wp:featuredmedia":[{"embeddable":true,"href":"https:\/\/blogsaverroes.juntadeandalucia.es\/cdpeemarujadequinta\/wp-json\/wp\/v2\/media\/3827"}],"wp:attachment":[{"href":"https:\/\/blogsaverroes.juntadeandalucia.es\/cdpeemarujadequinta\/wp-json\/wp\/v2\/media?parent=3826"}],"wp:term":[{"taxonomy":"category","embeddable":true,"href":"https:\/\/blogsaverroes.juntadeandalucia.es\/cdpeemarujadequinta\/wp-json\/wp\/v2\/categories?post=3826"},{"taxonomy":"post_tag","embeddable":true,"href":"https:\/\/blogsaverroes.juntadeandalucia.es\/cdpeemarujadequinta\/wp-json\/wp\/v2\/tags?post=3826"}],"curies":[{"name":"wp","href":"https:\/\/api.w.org\/{rel}","templated":true}]}}