{"id":5315,"date":"2026-02-06T19:12:03","date_gmt":"2026-02-06T19:12:03","guid":{"rendered":"https:\/\/blogsaverroes.juntadeandalucia.es\/ceeesantarosadelima\/?p=5315"},"modified":"2026-02-08T09:19:03","modified_gmt":"2026-02-08T09:19:03","slug":"dia-de-la-paz-2","status":"publish","type":"post","link":"https:\/\/blogsaverroes.juntadeandalucia.es\/ceeesantarosadelima\/dia-de-la-paz-2\/","title":{"rendered":"D\u00cdA DE LA PAZ"},"content":{"rendered":"<p><a href=\"https:\/\/blogsaverroes.juntadeandalucia.es\/ceeesantarosadelima\/files\/2026\/02\/Post-de-Instagram-collage-de-fotos-de-moda-estetico-promocional-beis.jpg\"><img loading=\"lazy\" decoding=\"async\" class=\"alignleft wp-image-5316 size-medium\" src=\"https:\/\/blogsaverroes.juntadeandalucia.es\/ceeesantarosadelima\/files\/2026\/02\/Post-de-Instagram-collage-de-fotos-de-moda-estetico-promocional-beis-240x300.jpg\" alt=\"\" width=\"240\" height=\"300\" srcset=\"https:\/\/blogsaverroes.juntadeandalucia.es\/ceeesantarosadelima\/files\/2026\/02\/Post-de-Instagram-collage-de-fotos-de-moda-estetico-promocional-beis-240x300.jpg 240w, https:\/\/blogsaverroes.juntadeandalucia.es\/ceeesantarosadelima\/files\/2026\/02\/Post-de-Instagram-collage-de-fotos-de-moda-estetico-promocional-beis-819x1024.jpg 819w, https:\/\/blogsaverroes.juntadeandalucia.es\/ceeesantarosadelima\/files\/2026\/02\/Post-de-Instagram-collage-de-fotos-de-moda-estetico-promocional-beis-768x960.jpg 768w, https:\/\/blogsaverroes.juntadeandalucia.es\/ceeesantarosadelima\/files\/2026\/02\/Post-de-Instagram-collage-de-fotos-de-moda-estetico-promocional-beis.jpg 1080w\" sizes=\"(max-width: 240px) 100vw, 240px\" \/><\/a><\/p>\n<p>&nbsp;<\/p>\n<p>Un a\u00f1o m\u00e1s, nuestro centro ha tenido el privilegio de celebrar el <strong>D\u00eda Escolar de la No Violencia y la Paz<\/strong>, una jornada muy especial en la que el alumnado ha sido el verdadero protagonista, compartiendo mensajes de respeto, convivencia y solidaridad.<\/p>\n<p>Desde aqu\u00ed, queremos <strong>agradecer sinceramente la participaci\u00f3n y colaboraci\u00f3n del I.E.S. Portada Alta, C.E.I.P. Antonio Machado y C.E.I.P. Ricardo Le\u00f3n <\/strong>que se han sumado a esta actividad. Vuestra implicaci\u00f3n y compromiso han hecho posible que esta celebraci\u00f3n haya sido, una vez m\u00e1s, un ejemplo de trabajo en red y de educaci\u00f3n en valores.<\/p>\n<p>Para conocer con m\u00e1s detalle c\u00f3mo se ha desarrollado la jornada y acceder a material gr\u00e1fico de la actividad, <strong>pueden obtener m\u00e1s informaci\u00f3n pinchando en la siguiente imagen<\/strong>.\ud83d\udc47\ud83d\udc47\ud83d\udc47<\/p>\n<p><a href=\"https:\/\/sites.google.com\/g.educaand.es\/red-andaluza-escuela-espacio-d\/curso-2025-2026\/segundo-trimestre#h.j1qwdpylxaam\"><img loading=\"lazy\" decoding=\"async\" class=\"aligncenter wp-image-5356 size-medium\" src=\"https:\/\/blogsaverroes.juntadeandalucia.es\/ceeesantarosadelima\/files\/2026\/02\/DIA-DE-LA-PAZ-2-300x153.jpg\" alt=\"\" width=\"300\" height=\"153\" srcset=\"https:\/\/blogsaverroes.juntadeandalucia.es\/ceeesantarosadelima\/files\/2026\/02\/DIA-DE-LA-PAZ-2-300x153.jpg 300w, https:\/\/blogsaverroes.juntadeandalucia.es\/ceeesantarosadelima\/files\/2026\/02\/DIA-DE-LA-PAZ-2-1024x521.jpg 1024w, https:\/\/blogsaverroes.juntadeandalucia.es\/ceeesantarosadelima\/files\/2026\/02\/DIA-DE-LA-PAZ-2-768x391.jpg 768w, https:\/\/blogsaverroes.juntadeandalucia.es\/ceeesantarosadelima\/files\/2026\/02\/DIA-DE-LA-PAZ-2.jpg 1536w\" sizes=\"(max-width: 300px) 100vw, 300px\" \/><\/a><\/p>\n<p>&nbsp;<\/p>\n<p>Gracias a todos y todas por hacerlo posible.<\/p>\n","protected":false},"excerpt":{"rendered":"<p>&nbsp; Un a\u00f1o m\u00e1s, nuestro centro ha tenido el privilegio de celebrar el D\u00eda Escolar de la No Violencia y la Paz, una jornada muy especial en la que el alumnado ha sido el&#46;&#46;&#46;<\/p>\n","protected":false},"author":2004,"featured_media":5352,"comment_status":"closed","ping_status":"open","sticky":false,"template":"","format":"standard","meta":{"ngg_post_thumbnail":0,"footnotes":""},"categories":[19],"tags":[],"aioseo_notices":[],"_links":{"self":[{"href":"https:\/\/blogsaverroes.juntadeandalucia.es\/ceeesantarosadelima\/wp-json\/wp\/v2\/posts\/5315"}],"collection":[{"href":"https:\/\/blogsaverroes.juntadeandalucia.es\/ceeesantarosadelima\/wp-json\/wp\/v2\/posts"}],"about":[{"href":"https:\/\/blogsaverroes.juntadeandalucia.es\/ceeesantarosadelima\/wp-json\/wp\/v2\/types\/post"}],"author":[{"embeddable":true,"href":"https:\/\/blogsaverroes.juntadeandalucia.es\/ceeesantarosadelima\/wp-json\/wp\/v2\/users\/2004"}],"replies":[{"embeddable":true,"href":"https:\/\/blogsaverroes.juntadeandalucia.es\/ceeesantarosadelima\/wp-json\/wp\/v2\/comments?post=5315"}],"version-history":[{"count":7,"href":"https:\/\/blogsaverroes.juntadeandalucia.es\/ceeesantarosadelima\/wp-json\/wp\/v2\/posts\/5315\/revisions"}],"predecessor-version":[{"id":5357,"href":"https:\/\/blogsaverroes.juntadeandalucia.es\/ceeesantarosadelima\/wp-json\/wp\/v2\/posts\/5315\/revisions\/5357"}],"wp:featuredmedia":[{"embeddable":true,"href":"https:\/\/blogsaverroes.juntadeandalucia.es\/ceeesantarosadelima\/wp-json\/wp\/v2\/media\/5352"}],"wp:attachment":[{"href":"https:\/\/blogsaverroes.juntadeandalucia.es\/ceeesantarosadelima\/wp-json\/wp\/v2\/media?parent=5315"}],"wp:term":[{"taxonomy":"category","embeddable":true,"href":"https:\/\/blogsaverroes.juntadeandalucia.es\/ceeesantarosadelima\/wp-json\/wp\/v2\/categories?post=5315"},{"taxonomy":"post_tag","embeddable":true,"href":"https:\/\/blogsaverroes.juntadeandalucia.es\/ceeesantarosadelima\/wp-json\/wp\/v2\/tags?post=5315"}],"curies":[{"name":"wp","href":"https:\/\/api.w.org\/{rel}","templated":true}]}}