{"id":5381,"date":"2026-02-09T21:31:17","date_gmt":"2026-02-09T21:31:17","guid":{"rendered":"https:\/\/blogsaverroes.juntadeandalucia.es\/ceeesantarosadelima\/?p=5381"},"modified":"2026-02-09T21:50:47","modified_gmt":"2026-02-09T21:50:47","slug":"taller-de-danza","status":"publish","type":"post","link":"https:\/\/blogsaverroes.juntadeandalucia.es\/ceeesantarosadelima\/taller-de-danza\/","title":{"rendered":"TALLER DE DANZA"},"content":{"rendered":"<p>Durante el mes de enero y parte de febrero, nuestro alumnado ha tenido la oportunidad de participar en un <strong>taller de danza<\/strong> impartido por Carlota, alumna en pr\u00e1cticas del Conservatorio Superior de Danza <em>\u00c1ngel Pericet<\/em> de M\u00e1laga.<\/p>\n<p>Desde el centro queremos expresar nuestro m\u00e1s sincero agradecimiento a <strong>Carlota <\/strong>por haber compartido su tiempo, su formaci\u00f3n y, sobre todo, su entusiasmo con nuestro alumnado. Su implicaci\u00f3n y dedicaci\u00f3n han permitido que cada sesi\u00f3n se convierta en un espacio de aprendizaje, expresi\u00f3n corporal y disfrute.<a href=\"https:\/\/blogsaverroes.juntadeandalucia.es\/ceeesantarosadelima\/files\/2026\/02\/20260130_103727-rotated-e1770673636641.jpg\"><img loading=\"lazy\" decoding=\"async\" class=\"alignright wp-image-5479 size-medium\" src=\"https:\/\/blogsaverroes.juntadeandalucia.es\/ceeesantarosadelima\/files\/2026\/02\/20260130_103727-rotated-e1770673783238-300x280.jpg\" alt=\"\" width=\"300\" height=\"280\" srcset=\"https:\/\/blogsaverroes.juntadeandalucia.es\/ceeesantarosadelima\/files\/2026\/02\/20260130_103727-rotated-e1770673783238-300x280.jpg 300w, https:\/\/blogsaverroes.juntadeandalucia.es\/ceeesantarosadelima\/files\/2026\/02\/20260130_103727-rotated-e1770673783238-1024x957.jpg 1024w, https:\/\/blogsaverroes.juntadeandalucia.es\/ceeesantarosadelima\/files\/2026\/02\/20260130_103727-rotated-e1770673783238-768x718.jpg 768w, https:\/\/blogsaverroes.juntadeandalucia.es\/ceeesantarosadelima\/files\/2026\/02\/20260130_103727-rotated-e1770673783238-1536x1436.jpg 1536w, https:\/\/blogsaverroes.juntadeandalucia.es\/ceeesantarosadelima\/files\/2026\/02\/20260130_103727-rotated-e1770673783238-2048x1914.jpg 2048w, https:\/\/blogsaverroes.juntadeandalucia.es\/ceeesantarosadelima\/files\/2026\/02\/20260130_103727-rotated-e1770673783238.jpg 1600w\" sizes=\"(max-width: 300px) 100vw, 300px\" \/><\/a>A lo largo de estas semanas, no solo hemos trabajado el movimiento y el ritmo, sino tambi\u00e9n la confianza, la creatividad y la capacidad de comunicar emociones a trav\u00e9s del cuerpo. El alumnado ha vivido esta experiencia con gran motivaci\u00f3n, esperando cada sesi\u00f3n con ilusi\u00f3n.<\/p>\n<p>Queremos destacar especialmente la sensibilidad, paciencia y profesionalidad que <strong>Carlota <\/strong>ha demostrado en todo momento, adaptando las actividades a las necesidades del alumnado y creando un clima cercano y positivo que ha favorecido la participaci\u00f3n de todos y todas. Su paso por nuestro centro ha dejado una huella muy especial, record\u00e1ndonos que la danza tambi\u00e9n educa, emociona y une.<\/p>\n<p>Le agradecemos profundamente su compromiso y le deseamos el mayor de los \u00e9xitos en su futuro profesional, seguros de que seguir\u00e1 transmitiendo su pasi\u00f3n por la danza all\u00ed donde contin\u00fae su camino.<\/p>\nngg_shortcode_0_placeholder\n","protected":false},"excerpt":{"rendered":"<p>Durante el mes de enero y parte de febrero, nuestro alumnado ha tenido la oportunidad de participar en un taller de danza impartido por Carlota, alumna en pr\u00e1cticas del Conservatorio Superior de Danza \u00c1ngel&#46;&#46;&#46;<\/p>\n","protected":false},"author":2004,"featured_media":5452,"comment_status":"closed","ping_status":"open","sticky":false,"template":"","format":"standard","meta":{"ngg_post_thumbnail":0,"footnotes":""},"categories":[19,11909],"tags":[],"aioseo_notices":[],"_links":{"self":[{"href":"https:\/\/blogsaverroes.juntadeandalucia.es\/ceeesantarosadelima\/wp-json\/wp\/v2\/posts\/5381"}],"collection":[{"href":"https:\/\/blogsaverroes.juntadeandalucia.es\/ceeesantarosadelima\/wp-json\/wp\/v2\/posts"}],"about":[{"href":"https:\/\/blogsaverroes.juntadeandalucia.es\/ceeesantarosadelima\/wp-json\/wp\/v2\/types\/post"}],"author":[{"embeddable":true,"href":"https:\/\/blogsaverroes.juntadeandalucia.es\/ceeesantarosadelima\/wp-json\/wp\/v2\/users\/2004"}],"replies":[{"embeddable":true,"href":"https:\/\/blogsaverroes.juntadeandalucia.es\/ceeesantarosadelima\/wp-json\/wp\/v2\/comments?post=5381"}],"version-history":[{"count":18,"href":"https:\/\/blogsaverroes.juntadeandalucia.es\/ceeesantarosadelima\/wp-json\/wp\/v2\/posts\/5381\/revisions"}],"predecessor-version":[{"id":5484,"href":"https:\/\/blogsaverroes.juntadeandalucia.es\/ceeesantarosadelima\/wp-json\/wp\/v2\/posts\/5381\/revisions\/5484"}],"wp:featuredmedia":[{"embeddable":true,"href":"https:\/\/blogsaverroes.juntadeandalucia.es\/ceeesantarosadelima\/wp-json\/wp\/v2\/media\/5452"}],"wp:attachment":[{"href":"https:\/\/blogsaverroes.juntadeandalucia.es\/ceeesantarosadelima\/wp-json\/wp\/v2\/media?parent=5381"}],"wp:term":[{"taxonomy":"category","embeddable":true,"href":"https:\/\/blogsaverroes.juntadeandalucia.es\/ceeesantarosadelima\/wp-json\/wp\/v2\/categories?post=5381"},{"taxonomy":"post_tag","embeddable":true,"href":"https:\/\/blogsaverroes.juntadeandalucia.es\/ceeesantarosadelima\/wp-json\/wp\/v2\/tags?post=5381"}],"curies":[{"name":"wp","href":"https:\/\/api.w.org\/{rel}","templated":true}]}}