{"id":2795,"date":"2020-12-03T10:00:29","date_gmt":"2020-12-03T10:00:29","guid":{"rendered":"https:\/\/blogsaverroes.juntadeandalucia.es\/ceeevirgendelamparo\/?p=2795"},"modified":"2021-02-06T11:43:34","modified_gmt":"2021-02-06T11:43:34","slug":"dia-de-la-discapacidad","status":"publish","type":"post","link":"https:\/\/blogsaverroes.juntadeandalucia.es\/ceeevirgendelamparo\/2020\/12\/03\/dia-de-la-discapacidad\/","title":{"rendered":"D\u00eda de la dis-CAPACIDAD"},"content":{"rendered":"<p><strong><em><a href=\"http:\/https:\/\/drive.google.com\/file\/d\/1nwRBu4RfRMEzXW7XsErvA4NzuSkZf3hI\/view?usp=sharing\">http:\/https:\/\/drive.google.com\/file\/d\/1nwRBu4RfRMEzXW7XsErvA4NzuSkZf3hI\/view?usp=sharing<\/a>Os presentamos este bonito video donde recogemos parte de los frutos sembrado durante a\u00f1os, varios centros de nuestra localidad ha aceptado el reto que le hemos lanzado para celebrar este d\u00eda. GRACIAS A TODOS!!! y animamos al resto a que participe de nuestros pr\u00f3ximos retos.<\/em><\/strong><\/p>\n<p>&nbsp;<\/p>\n<p><strong><em>Y a continuaci\u00f3n &nbsp; &nbsp;&nbsp; <a href=\"https:\/\/drive.google.com\/file\/d\/1nwRBu4RfRMEzXW7XsErvA4NzuSkZf3hI\/view?usp=sharing\" target=\"_blank\" rel=\"noopener noreferrer\">\u00a1\u00a1\u00a1NUESTROS RETOS!!<\/a><br \/>\n<\/em><\/strong><\/p>\n<p style=\"text-align: center\">&nbsp;<\/p>\n","protected":false},"excerpt":{"rendered":"<p>http:\/https:\/\/drive.google.com\/file\/d\/1nwRBu4RfRMEzXW7XsErvA4NzuSkZf3hI\/view?usp=sharingOs presentamos este bonito video donde recogemos parte de los frutos sembrado durante a\u00f1os, varios centros de nuestra localidad ha aceptado el reto que le hemos lanzado para celebrar este d\u00eda. GRACIAS A TODOS!!!&#46;&#46;&#46;<\/p>\n","protected":false},"author":8319,"featured_media":2740,"comment_status":"open","ping_status":"open","sticky":false,"template":"","format":"standard","meta":{"ngg_post_thumbnail":0,"footnotes":""},"categories":[5991],"tags":[],"aioseo_notices":[],"_links":{"self":[{"href":"https:\/\/blogsaverroes.juntadeandalucia.es\/ceeevirgendelamparo\/wp-json\/wp\/v2\/posts\/2795"}],"collection":[{"href":"https:\/\/blogsaverroes.juntadeandalucia.es\/ceeevirgendelamparo\/wp-json\/wp\/v2\/posts"}],"about":[{"href":"https:\/\/blogsaverroes.juntadeandalucia.es\/ceeevirgendelamparo\/wp-json\/wp\/v2\/types\/post"}],"author":[{"embeddable":true,"href":"https:\/\/blogsaverroes.juntadeandalucia.es\/ceeevirgendelamparo\/wp-json\/wp\/v2\/users\/8319"}],"replies":[{"embeddable":true,"href":"https:\/\/blogsaverroes.juntadeandalucia.es\/ceeevirgendelamparo\/wp-json\/wp\/v2\/comments?post=2795"}],"version-history":[{"count":8,"href":"https:\/\/blogsaverroes.juntadeandalucia.es\/ceeevirgendelamparo\/wp-json\/wp\/v2\/posts\/2795\/revisions"}],"predecessor-version":[{"id":2877,"href":"https:\/\/blogsaverroes.juntadeandalucia.es\/ceeevirgendelamparo\/wp-json\/wp\/v2\/posts\/2795\/revisions\/2877"}],"wp:featuredmedia":[{"embeddable":true,"href":"https:\/\/blogsaverroes.juntadeandalucia.es\/ceeevirgendelamparo\/wp-json\/wp\/v2\/media\/2740"}],"wp:attachment":[{"href":"https:\/\/blogsaverroes.juntadeandalucia.es\/ceeevirgendelamparo\/wp-json\/wp\/v2\/media?parent=2795"}],"wp:term":[{"taxonomy":"category","embeddable":true,"href":"https:\/\/blogsaverroes.juntadeandalucia.es\/ceeevirgendelamparo\/wp-json\/wp\/v2\/categories?post=2795"},{"taxonomy":"post_tag","embeddable":true,"href":"https:\/\/blogsaverroes.juntadeandalucia.es\/ceeevirgendelamparo\/wp-json\/wp\/v2\/tags?post=2795"}],"curies":[{"name":"wp","href":"https:\/\/api.w.org\/{rel}","templated":true}]}}