{"id":3144,"date":"2023-06-01T09:10:25","date_gmt":"2023-06-01T09:10:25","guid":{"rendered":"https:\/\/blogsaverroes.juntadeandalucia.es\/ceeevirgendelamparo\/?p=3144"},"modified":"2023-06-01T09:25:28","modified_gmt":"2023-06-01T09:25:28","slug":"dia-contra-la-homofobia-bifobia-transfobia","status":"publish","type":"post","link":"https:\/\/blogsaverroes.juntadeandalucia.es\/ceeevirgendelamparo\/2023\/06\/01\/dia-contra-la-homofobia-bifobia-transfobia\/","title":{"rendered":"Dia contra la Homofobia-Bifobia-Transfobia"},"content":{"rendered":"<p><a href=\"https:\/\/blogsaverroes.juntadeandalucia.es\/ceeevirgendelamparo\/files\/2023\/06\/WhatsApp-Image-2023-05-31-at-19.10.32.jpeg\"><img loading=\"lazy\" decoding=\"async\" class=\"alignnone wp-image-3145\" src=\"https:\/\/blogsaverroes.juntadeandalucia.es\/ceeevirgendelamparo\/files\/2023\/06\/WhatsApp-Image-2023-05-31-at-19.10.32-233x300.jpeg\" alt=\"\" width=\"315\" height=\"406\" srcset=\"https:\/\/blogsaverroes.juntadeandalucia.es\/ceeevirgendelamparo\/files\/2023\/06\/WhatsApp-Image-2023-05-31-at-19.10.32-233x300.jpeg 233w, https:\/\/blogsaverroes.juntadeandalucia.es\/ceeevirgendelamparo\/files\/2023\/06\/WhatsApp-Image-2023-05-31-at-19.10.32-796x1024.jpeg 796w, https:\/\/blogsaverroes.juntadeandalucia.es\/ceeevirgendelamparo\/files\/2023\/06\/WhatsApp-Image-2023-05-31-at-19.10.32-768x988.jpeg 768w, https:\/\/blogsaverroes.juntadeandalucia.es\/ceeevirgendelamparo\/files\/2023\/06\/WhatsApp-Image-2023-05-31-at-19.10.32-1194x1536.jpeg 1194w, https:\/\/blogsaverroes.juntadeandalucia.es\/ceeevirgendelamparo\/files\/2023\/06\/WhatsApp-Image-2023-05-31-at-19.10.32.jpeg 1244w\" sizes=\"(max-width: 315px) 100vw, 315px\" \/><\/a> <a href=\"https:\/\/blogsaverroes.juntadeandalucia.es\/ceeevirgendelamparo\/files\/2023\/06\/WhatsApp-Image-2023-05-31-at-19.10.32-1.jpeg\"><img loading=\"lazy\" decoding=\"async\" class=\"alignnone wp-image-3146\" src=\"https:\/\/blogsaverroes.juntadeandalucia.es\/ceeevirgendelamparo\/files\/2023\/06\/WhatsApp-Image-2023-05-31-at-19.10.32-1-300x160.jpeg\" alt=\"\" width=\"536\" height=\"286\" srcset=\"https:\/\/blogsaverroes.juntadeandalucia.es\/ceeevirgendelamparo\/files\/2023\/06\/WhatsApp-Image-2023-05-31-at-19.10.32-1-300x160.jpeg 300w, https:\/\/blogsaverroes.juntadeandalucia.es\/ceeevirgendelamparo\/files\/2023\/06\/WhatsApp-Image-2023-05-31-at-19.10.32-1-1024x546.jpeg 1024w, https:\/\/blogsaverroes.juntadeandalucia.es\/ceeevirgendelamparo\/files\/2023\/06\/WhatsApp-Image-2023-05-31-at-19.10.32-1-768x409.jpeg 768w, https:\/\/blogsaverroes.juntadeandalucia.es\/ceeevirgendelamparo\/files\/2023\/06\/WhatsApp-Image-2023-05-31-at-19.10.32-1-1536x819.jpeg 1536w, https:\/\/blogsaverroes.juntadeandalucia.es\/ceeevirgendelamparo\/files\/2023\/06\/WhatsApp-Image-2023-05-31-at-19.10.32-1.jpeg 1600w\" sizes=\"(max-width: 536px) 100vw, 536px\" \/><\/a><\/p>\n<p>El 17 de mayo celebramos el d\u00eda contra la homofobia, bifobia y transfobia y en el CEE Virgen del Amparo hemos querido conmemorarlo con nuestra primera carrera \u00abEl poder de la diversidad\u00bb porque en un mundo diverso todo es posible.<br \/>\n#porunmundodiverso#porunmundotolerante#laeducaci\u00f3neslarespuestaantelaincomprensi\u00f3n#17demayo#d\u00edacontralahomofobiabifobiaytransfobia<\/p>\n","protected":false},"excerpt":{"rendered":"<p>El 17 de mayo celebramos el d\u00eda contra la homofobia, bifobia y transfobia y en el CEE Virgen del Amparo hemos querido conmemorarlo con nuestra primera carrera \u00abEl poder de la diversidad\u00bb porque en&#46;&#46;&#46;<\/p>\n","protected":false},"author":8319,"featured_media":3145,"comment_status":"open","ping_status":"open","sticky":false,"template":"","format":"standard","meta":{"ngg_post_thumbnail":0,"footnotes":""},"categories":[33096],"tags":[],"aioseo_notices":[],"_links":{"self":[{"href":"https:\/\/blogsaverroes.juntadeandalucia.es\/ceeevirgendelamparo\/wp-json\/wp\/v2\/posts\/3144"}],"collection":[{"href":"https:\/\/blogsaverroes.juntadeandalucia.es\/ceeevirgendelamparo\/wp-json\/wp\/v2\/posts"}],"about":[{"href":"https:\/\/blogsaverroes.juntadeandalucia.es\/ceeevirgendelamparo\/wp-json\/wp\/v2\/types\/post"}],"author":[{"embeddable":true,"href":"https:\/\/blogsaverroes.juntadeandalucia.es\/ceeevirgendelamparo\/wp-json\/wp\/v2\/users\/8319"}],"replies":[{"embeddable":true,"href":"https:\/\/blogsaverroes.juntadeandalucia.es\/ceeevirgendelamparo\/wp-json\/wp\/v2\/comments?post=3144"}],"version-history":[{"count":1,"href":"https:\/\/blogsaverroes.juntadeandalucia.es\/ceeevirgendelamparo\/wp-json\/wp\/v2\/posts\/3144\/revisions"}],"predecessor-version":[{"id":3147,"href":"https:\/\/blogsaverroes.juntadeandalucia.es\/ceeevirgendelamparo\/wp-json\/wp\/v2\/posts\/3144\/revisions\/3147"}],"wp:featuredmedia":[{"embeddable":true,"href":"https:\/\/blogsaverroes.juntadeandalucia.es\/ceeevirgendelamparo\/wp-json\/wp\/v2\/media\/3145"}],"wp:attachment":[{"href":"https:\/\/blogsaverroes.juntadeandalucia.es\/ceeevirgendelamparo\/wp-json\/wp\/v2\/media?parent=3144"}],"wp:term":[{"taxonomy":"category","embeddable":true,"href":"https:\/\/blogsaverroes.juntadeandalucia.es\/ceeevirgendelamparo\/wp-json\/wp\/v2\/categories?post=3144"},{"taxonomy":"post_tag","embeddable":true,"href":"https:\/\/blogsaverroes.juntadeandalucia.es\/ceeevirgendelamparo\/wp-json\/wp\/v2\/tags?post=3144"}],"curies":[{"name":"wp","href":"https:\/\/api.w.org\/{rel}","templated":true}]}}