{"id":1497,"date":"2024-11-20T23:44:05","date_gmt":"2024-11-20T22:44:05","guid":{"rendered":"https:\/\/blogsaverroes.juntadeandalucia.es\/ceip-abderraman1\/?p=1497"},"modified":"2024-11-20T23:44:05","modified_gmt":"2024-11-20T22:44:05","slug":"proyecto-el-cuerpo-2","status":"publish","type":"post","link":"https:\/\/blogsaverroes.juntadeandalucia.es\/ceip-abderraman1\/proyecto-el-cuerpo-2\/","title":{"rendered":"PROYECTO EL CUERPO"},"content":{"rendered":"<div class=\"x11i5rnm xat24cr x1mh8g0r x1vvkbs xtlvy1s x126k92a\">\n<div dir=\"auto\"><img loading=\"lazy\" decoding=\"async\" class=\"alignleft size-medium wp-image-1498\" src=\"https:\/\/blogsaverroes.juntadeandalucia.es\/ceip-abderraman1\/files\/2024\/11\/proyecto-huesitos-2-169x300.jpg\" alt=\"\" width=\"169\" height=\"300\" srcset=\"https:\/\/blogsaverroes.juntadeandalucia.es\/ceip-abderraman1\/files\/2024\/11\/proyecto-huesitos-2-169x300.jpg 169w, https:\/\/blogsaverroes.juntadeandalucia.es\/ceip-abderraman1\/files\/2024\/11\/proyecto-huesitos-2-577x1024.jpg 577w, https:\/\/blogsaverroes.juntadeandalucia.es\/ceip-abderraman1\/files\/2024\/11\/proyecto-huesitos-2-768x1364.jpg 768w, https:\/\/blogsaverroes.juntadeandalucia.es\/ceip-abderraman1\/files\/2024\/11\/proyecto-huesitos-2-865x1536.jpg 865w, https:\/\/blogsaverroes.juntadeandalucia.es\/ceip-abderraman1\/files\/2024\/11\/proyecto-huesitos-2.jpg 1126w\" sizes=\"(max-width: 169px) 100vw, 169px\" \/>RETO SEMANAL: LLEVAMOS A HUESITOS AL M\u00c9DICO.<\/div>\n<\/div>\n<div class=\"x11i5rnm xat24cr x1mh8g0r x1vvkbs xtlvy1s x126k92a\">\n<div dir=\"auto\">Nuestro amigo Huesitos lleva un tiempo con el tobillo escayolado y nos dijo que quer\u00eda ver si ya pod\u00eda caminar.<\/div>\n<div dir=\"auto\">Los peques de infantil concluyeron que habr\u00eda que ir al m\u00e9dico y enseguida pusimos la maquinaria en marcha. Hab\u00eda que pedir cita, y as\u00ed lo hicimos, as\u00ed que este viernes era d\u00eda de ir al doctor.<\/div>\n<div dir=\"auto\">El centro m\u00e9dico quedaba lejos , as\u00ed que fuimos juntos en autob\u00fas. Huesitos se visti\u00f3 para la ocasi\u00f3n y nos llevamos su tarjeta m\u00e9dica . Nos recibi\u00f3 la enfermera que nos hizo algunas preguntas, y nos pas\u00f3 a consulta. Hubo que hacer nueva radiograf\u00eda a Huesitos y el doctor le hizo revisi\u00f3n .<\/div>\n<div dir=\"auto\">Todo fue genial aunque Huesitos necesita m\u00e1s cuidados. \u00a1Aprendemos jugando !<\/div>\n<div dir=\"auto\">Gracias a los compa\u00f1eros del cole que colaboran y se implican en nuestras locuras con tanta ilusi\u00f3n. En este caso, Javi y la se\u00f1o Irene, que fueron el cuadro m\u00e9dico.<\/div>\n<div dir=\"auto\">Ser\u00eda imposible sin tan buena conexi\u00f3n y tan bonito <span class=\"html-span xexx8yu x4uap5 x18d9i69 xkhd6sd x1hl2dhg x16tdsg8 x1vvkbs x3nfvp2 x1j61x8r x1fcty0u xdj266r xat24cr xgzva0m xhhsvwb xxymvpz xlup9mm x1kky2od\"><img loading=\"lazy\" decoding=\"async\" class=\"xz74otr\" src=\"https:\/\/static.xx.fbcdn.net\/images\/emoji.php\/v9\/t6c\/1\/16\/2764.png\" alt=\"\u2764\ufe0f\" width=\"16\" height=\"16\"><\/span>.<\/div>\n<div dir=\"auto\">Las im\u00e1genes de esta actividad las pod\u00e9is consultar pinchando en el enlace:<\/div>\n<div dir=\"auto\"><a href=\"https:\/\/www.facebook.com\/permalink.php?story_fbid=pfbid0KQzYzxf7PwcJpgyid6zThKWbre9iu5zM9PVjqDpwgzehku8FrmwJYwGYWDQQkvaRl&amp;id=100011355651299\">Proyecto 3<\/a><\/div>\n<\/div>\n","protected":false},"excerpt":{"rendered":"<p>RETO SEMANAL: LLEVAMOS A HUESITOS AL M\u00c9DICO. Nuestro amigo Huesitos lleva un tiempo con el tobillo escayolado y nos dijo que quer\u00eda ver si ya pod\u00eda caminar. Los peques de infantil concluyeron que habr\u00eda que ir al m\u00e9dico y enseguida pusimos la maquinaria en marcha. Hab\u00eda que pedir cita, y as\u00ed lo hicimos, as\u00ed que &hellip; <a href=\"https:\/\/blogsaverroes.juntadeandalucia.es\/ceip-abderraman1\/proyecto-el-cuerpo-2\/\" class=\"more-link\">Seguir leyendo <span class=\"screen-reader-text\">PROYECTO EL CUERPO<\/span> <span class=\"meta-nav\">&rarr;<\/span><\/a><\/p>\n","protected":false},"author":18849,"featured_media":1498,"comment_status":"closed","ping_status":"open","sticky":false,"template":"","format":"standard","meta":{"ngg_post_thumbnail":0,"footnotes":""},"categories":[15],"tags":[],"aioseo_notices":[],"_links":{"self":[{"href":"https:\/\/blogsaverroes.juntadeandalucia.es\/ceip-abderraman1\/wp-json\/wp\/v2\/posts\/1497"}],"collection":[{"href":"https:\/\/blogsaverroes.juntadeandalucia.es\/ceip-abderraman1\/wp-json\/wp\/v2\/posts"}],"about":[{"href":"https:\/\/blogsaverroes.juntadeandalucia.es\/ceip-abderraman1\/wp-json\/wp\/v2\/types\/post"}],"author":[{"embeddable":true,"href":"https:\/\/blogsaverroes.juntadeandalucia.es\/ceip-abderraman1\/wp-json\/wp\/v2\/users\/18849"}],"replies":[{"embeddable":true,"href":"https:\/\/blogsaverroes.juntadeandalucia.es\/ceip-abderraman1\/wp-json\/wp\/v2\/comments?post=1497"}],"version-history":[{"count":1,"href":"https:\/\/blogsaverroes.juntadeandalucia.es\/ceip-abderraman1\/wp-json\/wp\/v2\/posts\/1497\/revisions"}],"predecessor-version":[{"id":1499,"href":"https:\/\/blogsaverroes.juntadeandalucia.es\/ceip-abderraman1\/wp-json\/wp\/v2\/posts\/1497\/revisions\/1499"}],"wp:featuredmedia":[{"embeddable":true,"href":"https:\/\/blogsaverroes.juntadeandalucia.es\/ceip-abderraman1\/wp-json\/wp\/v2\/media\/1498"}],"wp:attachment":[{"href":"https:\/\/blogsaverroes.juntadeandalucia.es\/ceip-abderraman1\/wp-json\/wp\/v2\/media?parent=1497"}],"wp:term":[{"taxonomy":"category","embeddable":true,"href":"https:\/\/blogsaverroes.juntadeandalucia.es\/ceip-abderraman1\/wp-json\/wp\/v2\/categories?post=1497"},{"taxonomy":"post_tag","embeddable":true,"href":"https:\/\/blogsaverroes.juntadeandalucia.es\/ceip-abderraman1\/wp-json\/wp\/v2\/tags?post=1497"}],"curies":[{"name":"wp","href":"https:\/\/api.w.org\/{rel}","templated":true}]}}