{"id":1500,"date":"2024-11-20T23:51:14","date_gmt":"2024-11-20T22:51:14","guid":{"rendered":"https:\/\/blogsaverroes.juntadeandalucia.es\/ceip-abderraman1\/?p=1500"},"modified":"2024-11-20T23:51:14","modified_gmt":"2024-11-20T22:51:14","slug":"taller-red-joven","status":"publish","type":"post","link":"https:\/\/blogsaverroes.juntadeandalucia.es\/ceip-abderraman1\/taller-red-joven\/","title":{"rendered":"TALLER RED JOVEN"},"content":{"rendered":"<div dir=\"auto\"><img loading=\"lazy\" decoding=\"async\" class=\"alignleft size-medium wp-image-1501\" src=\"https:\/\/blogsaverroes.juntadeandalucia.es\/ceip-abderraman1\/files\/2024\/11\/tALLER-RED-JOVEN-300x225.jpg\" alt=\"\" width=\"300\" height=\"225\" srcset=\"https:\/\/blogsaverroes.juntadeandalucia.es\/ceip-abderraman1\/files\/2024\/11\/tALLER-RED-JOVEN-300x225.jpg 300w, https:\/\/blogsaverroes.juntadeandalucia.es\/ceip-abderraman1\/files\/2024\/11\/tALLER-RED-JOVEN-1024x768.jpg 1024w, https:\/\/blogsaverroes.juntadeandalucia.es\/ceip-abderraman1\/files\/2024\/11\/tALLER-RED-JOVEN-768x576.jpg 768w, https:\/\/blogsaverroes.juntadeandalucia.es\/ceip-abderraman1\/files\/2024\/11\/tALLER-RED-JOVEN-1536x1152.jpg 1536w, https:\/\/blogsaverroes.juntadeandalucia.es\/ceip-abderraman1\/files\/2024\/11\/tALLER-RED-JOVEN.jpg 2048w\" sizes=\"(max-width: 300px) 100vw, 300px\" \/>Nuestra Red joven ha comenzado a preparar la salida para la manifestaci\u00f3n el d\u00eda 25 de Noviembre junto al resto de CEIP e IES del distrito sur.<\/div>\n<div dir=\"auto\">Han analizando frases y palabras de la canci\u00f3n que se va a interpretar ese d\u00eda y plasmando en unas mariposas violetas mensajes alusivos a este d\u00eda .<\/div>\n<div dir=\"auto\">Nos espera una semana para dar mas visibilidad y volver a &#8220;aliarnos contra las violencias&#8221; <span class=\"html-span xexx8yu x4uap5 x18d9i69 xkhd6sd x1hl2dhg x16tdsg8 x1vvkbs x3nfvp2 x1j61x8r x1fcty0u xdj266r xat24cr xgzva0m xhhsvwb xxymvpz xlup9mm x1kky2od\"><img loading=\"lazy\" decoding=\"async\" class=\"xz74otr\" src=\"https:\/\/static.xx.fbcdn.net\/images\/emoji.php\/v9\/t96\/1\/16\/1f49c.png\" alt=\"\ud83d\udc9c\" width=\"16\" height=\"16\"><\/span><span class=\"html-span xexx8yu x4uap5 x18d9i69 xkhd6sd x1hl2dhg x16tdsg8 x1vvkbs x3nfvp2 x1j61x8r x1fcty0u xdj266r xat24cr xgzva0m xhhsvwb xxymvpz xlup9mm x1kky2od\"><img loading=\"lazy\" decoding=\"async\" class=\"xz74otr\" src=\"https:\/\/static.xx.fbcdn.net\/images\/emoji.php\/v9\/t96\/1\/16\/1f49c.png\" alt=\"\ud83d\udc9c\" width=\"16\" height=\"16\"><\/span><\/div>\n<div dir=\"auto\">Las im\u00e1genes de la actividad las pod\u00e9is consultar en el siguiente enlace:<\/div>\n<div dir=\"auto\"><a href=\"https:\/\/www.facebook.com\/permalink.php?story_fbid=pfbid02misieBGwJfWBsvskLJwMk6xQP1GxdHpqoNFPTZ9oimLKAPhfHy8UCecs4ZHDZV1rl&amp;id=100011355651299\">Taller Red joven<\/a><\/div>\n","protected":false},"excerpt":{"rendered":"<p>Nuestra Red joven ha comenzado a preparar la salida para la manifestaci\u00f3n el d\u00eda 25 de Noviembre junto al resto de CEIP e IES del distrito sur. Han analizando frases y palabras de la canci\u00f3n que se va a interpretar ese d\u00eda y plasmando en unas mariposas violetas mensajes alusivos a este d\u00eda . Nos &hellip; <a href=\"https:\/\/blogsaverroes.juntadeandalucia.es\/ceip-abderraman1\/taller-red-joven\/\" class=\"more-link\">Seguir leyendo <span class=\"screen-reader-text\">TALLER RED JOVEN<\/span> <span class=\"meta-nav\">&rarr;<\/span><\/a><\/p>\n","protected":false},"author":18849,"featured_media":1501,"comment_status":"closed","ping_status":"open","sticky":false,"template":"","format":"standard","meta":{"ngg_post_thumbnail":0,"footnotes":""},"categories":[18,17],"tags":[],"aioseo_notices":[],"_links":{"self":[{"href":"https:\/\/blogsaverroes.juntadeandalucia.es\/ceip-abderraman1\/wp-json\/wp\/v2\/posts\/1500"}],"collection":[{"href":"https:\/\/blogsaverroes.juntadeandalucia.es\/ceip-abderraman1\/wp-json\/wp\/v2\/posts"}],"about":[{"href":"https:\/\/blogsaverroes.juntadeandalucia.es\/ceip-abderraman1\/wp-json\/wp\/v2\/types\/post"}],"author":[{"embeddable":true,"href":"https:\/\/blogsaverroes.juntadeandalucia.es\/ceip-abderraman1\/wp-json\/wp\/v2\/users\/18849"}],"replies":[{"embeddable":true,"href":"https:\/\/blogsaverroes.juntadeandalucia.es\/ceip-abderraman1\/wp-json\/wp\/v2\/comments?post=1500"}],"version-history":[{"count":1,"href":"https:\/\/blogsaverroes.juntadeandalucia.es\/ceip-abderraman1\/wp-json\/wp\/v2\/posts\/1500\/revisions"}],"predecessor-version":[{"id":1502,"href":"https:\/\/blogsaverroes.juntadeandalucia.es\/ceip-abderraman1\/wp-json\/wp\/v2\/posts\/1500\/revisions\/1502"}],"wp:featuredmedia":[{"embeddable":true,"href":"https:\/\/blogsaverroes.juntadeandalucia.es\/ceip-abderraman1\/wp-json\/wp\/v2\/media\/1501"}],"wp:attachment":[{"href":"https:\/\/blogsaverroes.juntadeandalucia.es\/ceip-abderraman1\/wp-json\/wp\/v2\/media?parent=1500"}],"wp:term":[{"taxonomy":"category","embeddable":true,"href":"https:\/\/blogsaverroes.juntadeandalucia.es\/ceip-abderraman1\/wp-json\/wp\/v2\/categories?post=1500"},{"taxonomy":"post_tag","embeddable":true,"href":"https:\/\/blogsaverroes.juntadeandalucia.es\/ceip-abderraman1\/wp-json\/wp\/v2\/tags?post=1500"}],"curies":[{"name":"wp","href":"https:\/\/api.w.org\/{rel}","templated":true}]}}