{"id":1557,"date":"2024-12-22T19:37:32","date_gmt":"2024-12-22T18:37:32","guid":{"rendered":"https:\/\/blogsaverroes.juntadeandalucia.es\/ceip-abderraman1\/?p=1557"},"modified":"2024-12-22T19:46:14","modified_gmt":"2024-12-22T18:46:14","slug":"fiesta-de-navidad-24-25","status":"publish","type":"post","link":"https:\/\/blogsaverroes.juntadeandalucia.es\/ceip-abderraman1\/fiesta-de-navidad-24-25\/","title":{"rendered":"FIESTA DE NAVIDAD 24\/25"},"content":{"rendered":"<div dir=\"auto\">&nbsp;<\/div>\n<div dir=\"auto\">El pasado viernes cerramos por todo lo alto el trimestre con nuestra fiesta de Navidad.<\/div>\n<div dir=\"auto\">Un d\u00eda de muchas emociones e ilusiones, donde nuestro alumnado disfrut\u00f3, bail\u00f3, cant\u00f3 sin dejar de sonre\u00edr.<\/div>\n<div dir=\"auto\">Las familias pudieron disfrutar de las actuaciones y vivimos una ma\u00f1ana m\u00e1gica con la llegada de los Reyes Magos<\/div>\n<div dir=\"auto\">Una vez m\u00e1s, agradecemos al AMPA su colaboraci\u00f3n, su dedicaci\u00f3n y esfuerzo, montando un bel\u00e9n en sus independencias que nuestros ni\u00f1os \/as tambi\u00e9n visitaron.<\/div>\n<div dir=\"auto\">Con nuestros mayores deseos para todos y todas, os deseamos unas felices fiestas y un pr\u00f3spero a\u00f1o 2025, cargado de ilusiones, sonrisas, amistad, compa\u00f1erismo y respeto entre todos.<\/div>\n<div dir=\"auto\"><span class=\"html-span xexx8yu x4uap5 x18d9i69 xkhd6sd x1hl2dhg x16tdsg8 x1vvkbs x3nfvp2 x1j61x8r x1fcty0u xdj266r xat24cr xgzva0m xhhsvwb xxymvpz xlup9mm x1kky2od\"><img loading=\"lazy\" decoding=\"async\" class=\"xz74otr\" src=\"https:\/\/static.xx.fbcdn.net\/images\/emoji.php\/v9\/t7\/1\/16\/1f384.png\" alt=\"\ud83c\udf84\" width=\"16\" height=\"16\"><\/span><span class=\"html-span xexx8yu x4uap5 x18d9i69 xkhd6sd x1hl2dhg x16tdsg8 x1vvkbs x3nfvp2 x1j61x8r x1fcty0u xdj266r xat24cr xgzva0m xhhsvwb xxymvpz xlup9mm x1kky2od\"><img loading=\"lazy\" decoding=\"async\" class=\"xz74otr\" src=\"https:\/\/static.xx.fbcdn.net\/images\/emoji.php\/v9\/t7\/1\/16\/1f384.png\" alt=\"\ud83c\udf84\" width=\"16\" height=\"16\"><\/span><span class=\"html-span xexx8yu x4uap5 x18d9i69 xkhd6sd x1hl2dhg x16tdsg8 x1vvkbs x3nfvp2 x1j61x8r x1fcty0u xdj266r xat24cr xgzva0m xhhsvwb xxymvpz xlup9mm x1kky2od\"><img loading=\"lazy\" decoding=\"async\" class=\"xz74otr\" src=\"https:\/\/static.xx.fbcdn.net\/images\/emoji.php\/v9\/t7\/1\/16\/1f384.png\" alt=\"\ud83c\udf84\" width=\"16\" height=\"16\"><\/span>FELIZ NAVIDAD <span class=\"html-span xexx8yu x4uap5 x18d9i69 xkhd6sd x1hl2dhg x16tdsg8 x1vvkbs x3nfvp2 x1j61x8r x1fcty0u xdj266r xat24cr xgzva0m xhhsvwb xxymvpz xlup9mm x1kky2od\"><img loading=\"lazy\" decoding=\"async\" class=\"xz74otr\" src=\"https:\/\/static.xx.fbcdn.net\/images\/emoji.php\/v9\/t7\/1\/16\/1f384.png\" alt=\"\ud83c\udf84\" width=\"16\" height=\"16\"><\/span><span class=\"html-span xexx8yu x4uap5 x18d9i69 xkhd6sd x1hl2dhg x16tdsg8 x1vvkbs x3nfvp2 x1j61x8r x1fcty0u xdj266r xat24cr xgzva0m xhhsvwb xxymvpz xlup9mm x1kky2od\"><img loading=\"lazy\" decoding=\"async\" class=\"xz74otr\" src=\"https:\/\/static.xx.fbcdn.net\/images\/emoji.php\/v9\/t7\/1\/16\/1f384.png\" alt=\"\ud83c\udf84\" width=\"16\" height=\"16\"><\/span><span class=\"html-span xexx8yu x4uap5 x18d9i69 xkhd6sd x1hl2dhg x16tdsg8 x1vvkbs x3nfvp2 x1j61x8r x1fcty0u xdj266r xat24cr xgzva0m xhhsvwb xxymvpz xlup9mm x1kky2od\"><img loading=\"lazy\" decoding=\"async\" class=\"xz74otr\" src=\"https:\/\/static.xx.fbcdn.net\/images\/emoji.php\/v9\/t7\/1\/16\/1f384.png\" alt=\"\ud83c\udf84\" width=\"16\" height=\"16\"><\/span><\/div>\n<div dir=\"auto\">Pod\u00e9is ver el v\u00eddeo recopilatorio en el siguiente enlace:<\/div>\n<div dir=\"auto\"><a href=\"https:\/\/www.facebook.com\/100011355651299\/videos\/604075142276406\">Navidad<\/a><\/div>\n<div dir=\"auto\">Y, aqu\u00ed, los v\u00eddeos de todas las actuaciones:<\/div>\n<div dir=\"auto\">\n<div style=\"width: 474px;\" class=\"wp-video\"><!--[if lt IE 9]><script>document.createElement('video');<\/script><![endif]-->\n<video class=\"wp-video-shortcode\" id=\"video-1557-1\" width=\"474\" height=\"267\" preload=\"metadata\" controls=\"controls\"><source type=\"video\/mp4\" src=\"https:\/\/blogsaverroes.juntadeandalucia.es\/ceip-abderraman1\/files\/2024\/12\/VIDEO-2024-12-22-13-24-25-1.mp4?_=1\" \/><a href=\"https:\/\/blogsaverroes.juntadeandalucia.es\/ceip-abderraman1\/files\/2024\/12\/VIDEO-2024-12-22-13-24-25-1.mp4\">https:\/\/blogsaverroes.juntadeandalucia.es\/ceip-abderraman1\/files\/2024\/12\/VIDEO-2024-12-22-13-24-25-1.mp4<\/a><\/video><\/div>\n<div style=\"width: 474px;\" class=\"wp-video\"><video class=\"wp-video-shortcode\" id=\"video-1557-2\" width=\"474\" height=\"267\" preload=\"metadata\" controls=\"controls\"><source type=\"video\/mp4\" src=\"https:\/\/blogsaverroes.juntadeandalucia.es\/ceip-abderraman1\/files\/2024\/12\/VIDEO-2024-12-22-13-24-26-1.mp4?_=2\" \/><a href=\"https:\/\/blogsaverroes.juntadeandalucia.es\/ceip-abderraman1\/files\/2024\/12\/VIDEO-2024-12-22-13-24-26-1.mp4\">https:\/\/blogsaverroes.juntadeandalucia.es\/ceip-abderraman1\/files\/2024\/12\/VIDEO-2024-12-22-13-24-26-1.mp4<\/a><\/video><\/div>\n<div style=\"width: 474px;\" class=\"wp-video\"><video class=\"wp-video-shortcode\" id=\"video-1557-3\" width=\"474\" height=\"267\" preload=\"metadata\" controls=\"controls\"><source type=\"video\/mp4\" src=\"https:\/\/blogsaverroes.juntadeandalucia.es\/ceip-abderraman1\/files\/2024\/12\/VIDEO-2024-12-22-13-24-26-2.mp4?_=3\" \/><a href=\"https:\/\/blogsaverroes.juntadeandalucia.es\/ceip-abderraman1\/files\/2024\/12\/VIDEO-2024-12-22-13-24-26-2.mp4\">https:\/\/blogsaverroes.juntadeandalucia.es\/ceip-abderraman1\/files\/2024\/12\/VIDEO-2024-12-22-13-24-26-2.mp4<\/a><\/video><\/div>\n<div style=\"width: 474px;\" class=\"wp-video\"><video class=\"wp-video-shortcode\" id=\"video-1557-4\" width=\"474\" height=\"267\" preload=\"metadata\" controls=\"controls\"><source type=\"video\/mp4\" src=\"https:\/\/blogsaverroes.juntadeandalucia.es\/ceip-abderraman1\/files\/2024\/12\/VIDEO-2024-12-22-13-24-26-3.mp4?_=4\" \/><a href=\"https:\/\/blogsaverroes.juntadeandalucia.es\/ceip-abderraman1\/files\/2024\/12\/VIDEO-2024-12-22-13-24-26-3.mp4\">https:\/\/blogsaverroes.juntadeandalucia.es\/ceip-abderraman1\/files\/2024\/12\/VIDEO-2024-12-22-13-24-26-3.mp4<\/a><\/video><\/div>\n<div style=\"width: 474px;\" class=\"wp-video\"><video class=\"wp-video-shortcode\" id=\"video-1557-5\" width=\"474\" height=\"267\" preload=\"metadata\" controls=\"controls\"><source type=\"video\/mp4\" src=\"https:\/\/blogsaverroes.juntadeandalucia.es\/ceip-abderraman1\/files\/2024\/12\/VIDEO-2024-12-22-13-24-26-4.mp4?_=5\" \/><a href=\"https:\/\/blogsaverroes.juntadeandalucia.es\/ceip-abderraman1\/files\/2024\/12\/VIDEO-2024-12-22-13-24-26-4.mp4\">https:\/\/blogsaverroes.juntadeandalucia.es\/ceip-abderraman1\/files\/2024\/12\/VIDEO-2024-12-22-13-24-26-4.mp4<\/a><\/video><\/div>\n<div style=\"width: 474px;\" class=\"wp-video\"><video class=\"wp-video-shortcode\" id=\"video-1557-6\" width=\"474\" height=\"267\" preload=\"metadata\" controls=\"controls\"><source type=\"video\/mp4\" src=\"https:\/\/blogsaverroes.juntadeandalucia.es\/ceip-abderraman1\/files\/2024\/12\/VIDEO-2024-12-22-13-24-26-6.mp4?_=6\" \/><a href=\"https:\/\/blogsaverroes.juntadeandalucia.es\/ceip-abderraman1\/files\/2024\/12\/VIDEO-2024-12-22-13-24-26-6.mp4\">https:\/\/blogsaverroes.juntadeandalucia.es\/ceip-abderraman1\/files\/2024\/12\/VIDEO-2024-12-22-13-24-26-6.mp4<\/a><\/video><\/div>\n<div style=\"width: 474px;\" class=\"wp-video\"><video class=\"wp-video-shortcode\" id=\"video-1557-7\" width=\"474\" height=\"267\" preload=\"metadata\" controls=\"controls\"><source type=\"video\/mp4\" src=\"https:\/\/blogsaverroes.juntadeandalucia.es\/ceip-abderraman1\/files\/2024\/12\/VIDEO-2024-12-22-13-24-27.mp4?_=7\" \/><a href=\"https:\/\/blogsaverroes.juntadeandalucia.es\/ceip-abderraman1\/files\/2024\/12\/VIDEO-2024-12-22-13-24-27.mp4\">https:\/\/blogsaverroes.juntadeandalucia.es\/ceip-abderraman1\/files\/2024\/12\/VIDEO-2024-12-22-13-24-27.mp4<\/a><\/video><\/div>\n<div style=\"width: 474px;\" class=\"wp-video\"><video class=\"wp-video-shortcode\" id=\"video-1557-8\" width=\"474\" height=\"267\" preload=\"metadata\" controls=\"controls\"><source type=\"video\/mp4\" src=\"https:\/\/blogsaverroes.juntadeandalucia.es\/ceip-abderraman1\/files\/2024\/12\/VIDEO-2024-12-22-13-24-27-1.mp4?_=8\" \/><a href=\"https:\/\/blogsaverroes.juntadeandalucia.es\/ceip-abderraman1\/files\/2024\/12\/VIDEO-2024-12-22-13-24-27-1.mp4\">https:\/\/blogsaverroes.juntadeandalucia.es\/ceip-abderraman1\/files\/2024\/12\/VIDEO-2024-12-22-13-24-27-1.mp4<\/a><\/video><\/div>\n<div style=\"width: 474px;\" class=\"wp-video\"><video class=\"wp-video-shortcode\" id=\"video-1557-9\" width=\"474\" height=\"267\" preload=\"metadata\" controls=\"controls\"><source type=\"video\/mp4\" src=\"https:\/\/blogsaverroes.juntadeandalucia.es\/ceip-abderraman1\/files\/2024\/12\/VIDEO-2024-12-22-13-24-27-2.mp4?_=9\" \/><a href=\"https:\/\/blogsaverroes.juntadeandalucia.es\/ceip-abderraman1\/files\/2024\/12\/VIDEO-2024-12-22-13-24-27-2.mp4\">https:\/\/blogsaverroes.juntadeandalucia.es\/ceip-abderraman1\/files\/2024\/12\/VIDEO-2024-12-22-13-24-27-2.mp4<\/a><\/video><\/div>\n<\/div>\n<div dir=\"auto\">\n<div style=\"width: 474px;\" class=\"wp-video\"><video class=\"wp-video-shortcode\" id=\"video-1557-10\" width=\"474\" height=\"267\" preload=\"metadata\" controls=\"controls\"><source type=\"video\/mp4\" src=\"https:\/\/blogsaverroes.juntadeandalucia.es\/ceip-abderraman1\/files\/2024\/12\/VIDEO-2024-12-22-13-24-25.mp4?_=10\" \/><a href=\"https:\/\/blogsaverroes.juntadeandalucia.es\/ceip-abderraman1\/files\/2024\/12\/VIDEO-2024-12-22-13-24-25.mp4\">https:\/\/blogsaverroes.juntadeandalucia.es\/ceip-abderraman1\/files\/2024\/12\/VIDEO-2024-12-22-13-24-25.mp4<\/a><\/video><\/div>\n<\/div>\n","protected":false},"excerpt":{"rendered":"<p>&nbsp; El pasado viernes cerramos por todo lo alto el trimestre con nuestra fiesta de Navidad. Un d\u00eda de muchas emociones e ilusiones, donde nuestro alumnado disfrut\u00f3, bail\u00f3, cant\u00f3 sin dejar de sonre\u00edr. Las familias pudieron disfrutar de las actuaciones y vivimos una ma\u00f1ana m\u00e1gica con la llegada de los Reyes Magos Una vez m\u00e1s, &hellip; <a href=\"https:\/\/blogsaverroes.juntadeandalucia.es\/ceip-abderraman1\/fiesta-de-navidad-24-25\/\" class=\"more-link\">Seguir leyendo <span class=\"screen-reader-text\">FIESTA DE NAVIDAD 24\/25<\/span> <span class=\"meta-nav\">&rarr;<\/span><\/a><\/p>\n","protected":false},"author":18849,"featured_media":1558,"comment_status":"closed","ping_status":"open","sticky":false,"template":"","format":"standard","meta":{"ngg_post_thumbnail":0,"footnotes":""},"categories":[14],"tags":[],"aioseo_notices":[],"_links":{"self":[{"href":"https:\/\/blogsaverroes.juntadeandalucia.es\/ceip-abderraman1\/wp-json\/wp\/v2\/posts\/1557"}],"collection":[{"href":"https:\/\/blogsaverroes.juntadeandalucia.es\/ceip-abderraman1\/wp-json\/wp\/v2\/posts"}],"about":[{"href":"https:\/\/blogsaverroes.juntadeandalucia.es\/ceip-abderraman1\/wp-json\/wp\/v2\/types\/post"}],"author":[{"embeddable":true,"href":"https:\/\/blogsaverroes.juntadeandalucia.es\/ceip-abderraman1\/wp-json\/wp\/v2\/users\/18849"}],"replies":[{"embeddable":true,"href":"https:\/\/blogsaverroes.juntadeandalucia.es\/ceip-abderraman1\/wp-json\/wp\/v2\/comments?post=1557"}],"version-history":[{"count":3,"href":"https:\/\/blogsaverroes.juntadeandalucia.es\/ceip-abderraman1\/wp-json\/wp\/v2\/posts\/1557\/revisions"}],"predecessor-version":[{"id":1571,"href":"https:\/\/blogsaverroes.juntadeandalucia.es\/ceip-abderraman1\/wp-json\/wp\/v2\/posts\/1557\/revisions\/1571"}],"wp:featuredmedia":[{"embeddable":true,"href":"https:\/\/blogsaverroes.juntadeandalucia.es\/ceip-abderraman1\/wp-json\/wp\/v2\/media\/1558"}],"wp:attachment":[{"href":"https:\/\/blogsaverroes.juntadeandalucia.es\/ceip-abderraman1\/wp-json\/wp\/v2\/media?parent=1557"}],"wp:term":[{"taxonomy":"category","embeddable":true,"href":"https:\/\/blogsaverroes.juntadeandalucia.es\/ceip-abderraman1\/wp-json\/wp\/v2\/categories?post=1557"},{"taxonomy":"post_tag","embeddable":true,"href":"https:\/\/blogsaverroes.juntadeandalucia.es\/ceip-abderraman1\/wp-json\/wp\/v2\/tags?post=1557"}],"curies":[{"name":"wp","href":"https:\/\/api.w.org\/{rel}","templated":true}]}}