{"id":1722,"date":"2025-05-11T19:19:58","date_gmt":"2025-05-11T18:19:58","guid":{"rendered":"https:\/\/blogsaverroes.juntadeandalucia.es\/ceip-abderraman1\/?p=1722"},"modified":"2025-05-11T19:19:58","modified_gmt":"2025-05-11T18:19:58","slug":"semana-cultural-4","status":"publish","type":"post","link":"https:\/\/blogsaverroes.juntadeandalucia.es\/ceip-abderraman1\/semana-cultural-4\/","title":{"rendered":"SEMANA CULTURAL"},"content":{"rendered":"<div dir=\"auto\">Charlas enfermera<\/div>\n<div dir=\"auto\"><img loading=\"lazy\" decoding=\"async\" class=\"alignleft size-medium wp-image-1723\" src=\"https:\/\/blogsaverroes.juntadeandalucia.es\/ceip-abderraman1\/files\/2025\/05\/charla-enfermera-3o-300x169.jpg\" alt=\"\" width=\"300\" height=\"169\" srcset=\"https:\/\/blogsaverroes.juntadeandalucia.es\/ceip-abderraman1\/files\/2025\/05\/charla-enfermera-3o-300x169.jpg 300w, https:\/\/blogsaverroes.juntadeandalucia.es\/ceip-abderraman1\/files\/2025\/05\/charla-enfermera-3o-1024x576.jpg 1024w, https:\/\/blogsaverroes.juntadeandalucia.es\/ceip-abderraman1\/files\/2025\/05\/charla-enfermera-3o-768x432.jpg 768w, https:\/\/blogsaverroes.juntadeandalucia.es\/ceip-abderraman1\/files\/2025\/05\/charla-enfermera-3o-1536x864.jpg 1536w, https:\/\/blogsaverroes.juntadeandalucia.es\/ceip-abderraman1\/files\/2025\/05\/charla-enfermera-3o.jpg 2048w\" sizes=\"(max-width: 300px) 100vw, 300px\" \/>El pasado martes 22 de abril, el alumnado del 2\u00ba Ciclo, disfrut\u00f3 de una interesante y divertida charla impartida por Inma, nuestra enfermera, sobre la importancia de mantener h\u00e1bitos de vida saludables.<\/div>\n<div dir=\"auto\">Durante la sesi\u00f3n, repasamos aspectos fundamentales para cuidar nuestra salud: la importancia del ejercicio f\u00edsico, el descanso, la higiene personal, el tiempo de ocio y, por supuesto, la alimentaci\u00f3n.<\/div>\n<div dir=\"auto\">Inma nos explic\u00f3 qu\u00e9 significa tener una alimentaci\u00f3n saludable y los beneficios que conlleva para nuestro cuerpo. Como broche final, \u00a1elaboramos entre todos un men\u00fa saludable!<\/div>\n<div dir=\"auto\">Fue una actividad muy enriquecedora en la que aprendimos mucho mientras nos divert\u00edamos. \u00a1Gracias, Inma!<\/div>\n<div dir=\"auto\">En el siguiente enlace pod\u00e9is consultar todas las im\u00e1genes de la actividad.<\/div>\n<div dir=\"auto\"><a href=\"https:\/\/www.facebook.com\/permalink.php?story_fbid=pfbid0YAfFgu9QG9dbBcRkY1tbh5cs3nVjHwVqsagHUawPa98f6BHZUGXPD9gjPBbzHhQml&amp;id=100011355651299\">Charla<\/a><\/div>\n","protected":false},"excerpt":{"rendered":"<p>Charlas enfermera El pasado martes 22 de abril, el alumnado del 2\u00ba Ciclo, disfrut\u00f3 de una interesante y divertida charla impartida por Inma, nuestra enfermera, sobre la importancia de mantener h\u00e1bitos de vida saludables. Durante la sesi\u00f3n, repasamos aspectos fundamentales para cuidar nuestra salud: la importancia del ejercicio f\u00edsico, el descanso, la higiene personal, el &hellip; <a href=\"https:\/\/blogsaverroes.juntadeandalucia.es\/ceip-abderraman1\/semana-cultural-4\/\" class=\"more-link\">Seguir leyendo <span class=\"screen-reader-text\">SEMANA CULTURAL<\/span> <span class=\"meta-nav\">&rarr;<\/span><\/a><\/p>\n","protected":false},"author":18849,"featured_media":1723,"comment_status":"closed","ping_status":"open","sticky":false,"template":"","format":"standard","meta":{"ngg_post_thumbnail":0,"footnotes":""},"categories":[18],"tags":[],"aioseo_notices":[],"_links":{"self":[{"href":"https:\/\/blogsaverroes.juntadeandalucia.es\/ceip-abderraman1\/wp-json\/wp\/v2\/posts\/1722"}],"collection":[{"href":"https:\/\/blogsaverroes.juntadeandalucia.es\/ceip-abderraman1\/wp-json\/wp\/v2\/posts"}],"about":[{"href":"https:\/\/blogsaverroes.juntadeandalucia.es\/ceip-abderraman1\/wp-json\/wp\/v2\/types\/post"}],"author":[{"embeddable":true,"href":"https:\/\/blogsaverroes.juntadeandalucia.es\/ceip-abderraman1\/wp-json\/wp\/v2\/users\/18849"}],"replies":[{"embeddable":true,"href":"https:\/\/blogsaverroes.juntadeandalucia.es\/ceip-abderraman1\/wp-json\/wp\/v2\/comments?post=1722"}],"version-history":[{"count":1,"href":"https:\/\/blogsaverroes.juntadeandalucia.es\/ceip-abderraman1\/wp-json\/wp\/v2\/posts\/1722\/revisions"}],"predecessor-version":[{"id":1724,"href":"https:\/\/blogsaverroes.juntadeandalucia.es\/ceip-abderraman1\/wp-json\/wp\/v2\/posts\/1722\/revisions\/1724"}],"wp:featuredmedia":[{"embeddable":true,"href":"https:\/\/blogsaverroes.juntadeandalucia.es\/ceip-abderraman1\/wp-json\/wp\/v2\/media\/1723"}],"wp:attachment":[{"href":"https:\/\/blogsaverroes.juntadeandalucia.es\/ceip-abderraman1\/wp-json\/wp\/v2\/media?parent=1722"}],"wp:term":[{"taxonomy":"category","embeddable":true,"href":"https:\/\/blogsaverroes.juntadeandalucia.es\/ceip-abderraman1\/wp-json\/wp\/v2\/categories?post=1722"},{"taxonomy":"post_tag","embeddable":true,"href":"https:\/\/blogsaverroes.juntadeandalucia.es\/ceip-abderraman1\/wp-json\/wp\/v2\/tags?post=1722"}],"curies":[{"name":"wp","href":"https:\/\/api.w.org\/{rel}","templated":true}]}}