{"id":1894,"date":"2026-02-13T14:02:31","date_gmt":"2026-02-13T13:02:31","guid":{"rendered":"https:\/\/blogsaverroes.juntadeandalucia.es\/ceip-abderraman1\/?p=1894"},"modified":"2026-02-13T14:02:31","modified_gmt":"2026-02-13T13:02:31","slug":"taller-huerto","status":"publish","type":"post","link":"https:\/\/blogsaverroes.juntadeandalucia.es\/ceip-abderraman1\/taller-huerto\/","title":{"rendered":"TALLER HUERTO"},"content":{"rendered":"<div dir=\"auto\">Hoy hemos participado el alumnado de 5\u00ba y 6\u00baen un taller donde el alumnado ha reflexionado sobre los grandes retos de nuestro planeta: el cambio clim\u00e1tico, el consumo responsable y la importancia de una sociedad m\u00e1s justa y sostenible.<\/div>\n<div dir=\"auto\">A trav\u00e9s de din\u00e1micas participativas, hemos aprendido que cada peque\u00f1o gesto cuenta para cuidar nuestro entorno y construir un futuro mejor.<\/div>\n<div dir=\"auto\">Gracias a @elbrote_educacion_ambiental pir contar von nosotros, siempre es un plscer recibiros y seguir aprendiendo sobre nuestra naturaleza.<\/div>\n<div dir=\"auto\">&nbsp;<\/div>\n<div dir=\"auto\"><a href=\"https:\/\/www.facebook.com\/permalink.php?story_fbid=pfbid0Zh4LF3wus7vhdqNtpBvZJD7Yj7bbxUhbPivrJEM9eWoXbHQiW3vQ1XNztEa3L3ujl&amp;id=100011355651299\">ENLACE AL REPORTAJE.<\/a><\/div>\n","protected":false},"excerpt":{"rendered":"<p>Hoy hemos participado el alumnado de 5\u00ba y 6\u00baen un taller donde el alumnado ha reflexionado sobre los grandes retos de nuestro planeta: el cambio clim\u00e1tico, el consumo responsable y la importancia de una sociedad m\u00e1s justa y sostenible. A trav\u00e9s de din\u00e1micas participativas, hemos aprendido que cada peque\u00f1o gesto cuenta para cuidar nuestro entorno &hellip; <a href=\"https:\/\/blogsaverroes.juntadeandalucia.es\/ceip-abderraman1\/taller-huerto\/\" class=\"more-link\">Seguir leyendo <span class=\"screen-reader-text\">TALLER HUERTO<\/span> <span class=\"meta-nav\">&rarr;<\/span><\/a><\/p>\n","protected":false},"author":18849,"featured_media":1895,"comment_status":"closed","ping_status":"open","sticky":false,"template":"","format":"standard","meta":{"ngg_post_thumbnail":0,"footnotes":""},"categories":[17],"tags":[],"aioseo_notices":[],"_links":{"self":[{"href":"https:\/\/blogsaverroes.juntadeandalucia.es\/ceip-abderraman1\/wp-json\/wp\/v2\/posts\/1894"}],"collection":[{"href":"https:\/\/blogsaverroes.juntadeandalucia.es\/ceip-abderraman1\/wp-json\/wp\/v2\/posts"}],"about":[{"href":"https:\/\/blogsaverroes.juntadeandalucia.es\/ceip-abderraman1\/wp-json\/wp\/v2\/types\/post"}],"author":[{"embeddable":true,"href":"https:\/\/blogsaverroes.juntadeandalucia.es\/ceip-abderraman1\/wp-json\/wp\/v2\/users\/18849"}],"replies":[{"embeddable":true,"href":"https:\/\/blogsaverroes.juntadeandalucia.es\/ceip-abderraman1\/wp-json\/wp\/v2\/comments?post=1894"}],"version-history":[{"count":1,"href":"https:\/\/blogsaverroes.juntadeandalucia.es\/ceip-abderraman1\/wp-json\/wp\/v2\/posts\/1894\/revisions"}],"predecessor-version":[{"id":1896,"href":"https:\/\/blogsaverroes.juntadeandalucia.es\/ceip-abderraman1\/wp-json\/wp\/v2\/posts\/1894\/revisions\/1896"}],"wp:featuredmedia":[{"embeddable":true,"href":"https:\/\/blogsaverroes.juntadeandalucia.es\/ceip-abderraman1\/wp-json\/wp\/v2\/media\/1895"}],"wp:attachment":[{"href":"https:\/\/blogsaverroes.juntadeandalucia.es\/ceip-abderraman1\/wp-json\/wp\/v2\/media?parent=1894"}],"wp:term":[{"taxonomy":"category","embeddable":true,"href":"https:\/\/blogsaverroes.juntadeandalucia.es\/ceip-abderraman1\/wp-json\/wp\/v2\/categories?post=1894"},{"taxonomy":"post_tag","embeddable":true,"href":"https:\/\/blogsaverroes.juntadeandalucia.es\/ceip-abderraman1\/wp-json\/wp\/v2\/tags?post=1894"}],"curies":[{"name":"wp","href":"https:\/\/api.w.org\/{rel}","templated":true}]}}