{"id":1337,"date":"2022-11-23T21:07:34","date_gmt":"2022-11-23T20:07:34","guid":{"rendered":"https:\/\/blogsaverroes.juntadeandalucia.es\/ceip-guzman-el-bueno-gaucin\/?p=1337"},"modified":"2022-11-23T21:09:12","modified_gmt":"2022-11-23T20:09:12","slug":"colaboracion-con-avoi-curso-2021-2022","status":"publish","type":"post","link":"https:\/\/blogsaverroes.juntadeandalucia.es\/ceip-guzman-el-bueno-gaucin\/colaboracion-con-avoi-curso-2021-2022\/","title":{"rendered":"Colaboraci\u00f3n con AVOI curso 2021\/2022"},"content":{"rendered":"<p>Queridas familias,&nbsp;<\/p>\n<p>como recordar\u00e9is, el pasado curso colaboramos con la fundaci\u00f3n AVOI. Hoy nos ha llegado este bonito mensaje de agradecimiento que queremos compartir con vosotros. Juntos somos m\u00e1s fuertes.&nbsp;<\/p>\n<p><em>El pasado viernes, las asociaciones H\u00e9roes Hasta la M\u00e9dula, Paula y la F\u00e1brica de M\u00e9dula y AVOI, entregamos una donaci\u00f3n de 10.000 euros al Grupo del Instituto de Investigaci\u00f3n de la Fundaci\u00f3n Josep Carreras, que lucha contra la Leucemia Infantil, a cargo del Dr. Pablo Men\u00e9ndez.<\/em><br \/>\n<em>Se ha conseguido Gracias al Proyecto \u201cDona M\u00e9dula y Sangre y ser\u00e1s mi H\u00e9roe\u201d, donde han participado unos 100 centros escolares entre M\u00e1laga y Granada. <\/em><br \/>\n<em>Much\u00edsimas gracias a todos los colegios participantes, profesores\/as, AMPAS, ayuntamientos, Fundaci\u00f3n Caixa, Diputaci\u00f3n de M\u00e1laga y Granada, y a todos aquellos colaboradores que han hecho posible llevarlo a cabo.<\/em><br \/>\n<em>Pero nuestro mayor agradecimiento es hacia todos los ni\u00f1os y ni\u00f1as que han participado, pues, con su ejemplo han llevado en volandas el mensaje de nuestro querido Pablo R\u00e1ez, promoviendo la donaci\u00f3n de m\u00e9dula \u00f3sea. <\/em><br \/>\n<em>#siemprefuerte<\/em><br \/>\n<em>#donamedulaysangreyserasmiheroe<\/em><br \/>\n<em>#heroeshastalamedula<\/em><br \/>\n<em>#paulaylafabricaddmedula<\/em><br \/>\n<em>#avoi<\/em><\/p>\n","protected":false},"excerpt":{"rendered":"<p>Queridas familias,&nbsp; como recordar\u00e9is, el pasado curso colaboramos con la fundaci\u00f3n AVOI. Hoy nos ha llegado este bonito mensaje de agradecimiento que queremos compartir con vosotros. Juntos somos m\u00e1s fuertes.&nbsp; El pasado viernes, las asociaciones H\u00e9roes Hasta la M\u00e9dula, Paula y la F\u00e1brica de M\u00e9dula y AVOI, entregamos una donaci\u00f3n de 10.000 euros al Grupo [&hellip;]<\/p>\n","protected":false},"author":15618,"featured_media":1340,"comment_status":"closed","ping_status":"open","sticky":false,"template":"","format":"standard","meta":{"_et_pb_use_builder":"","_et_pb_old_content":"","_et_gb_content_width":"","ngg_post_thumbnail":0,"footnotes":""},"categories":[1],"tags":[],"aioseo_notices":[],"_links":{"self":[{"href":"https:\/\/blogsaverroes.juntadeandalucia.es\/ceip-guzman-el-bueno-gaucin\/wp-json\/wp\/v2\/posts\/1337"}],"collection":[{"href":"https:\/\/blogsaverroes.juntadeandalucia.es\/ceip-guzman-el-bueno-gaucin\/wp-json\/wp\/v2\/posts"}],"about":[{"href":"https:\/\/blogsaverroes.juntadeandalucia.es\/ceip-guzman-el-bueno-gaucin\/wp-json\/wp\/v2\/types\/post"}],"author":[{"embeddable":true,"href":"https:\/\/blogsaverroes.juntadeandalucia.es\/ceip-guzman-el-bueno-gaucin\/wp-json\/wp\/v2\/users\/15618"}],"replies":[{"embeddable":true,"href":"https:\/\/blogsaverroes.juntadeandalucia.es\/ceip-guzman-el-bueno-gaucin\/wp-json\/wp\/v2\/comments?post=1337"}],"version-history":[{"count":2,"href":"https:\/\/blogsaverroes.juntadeandalucia.es\/ceip-guzman-el-bueno-gaucin\/wp-json\/wp\/v2\/posts\/1337\/revisions"}],"predecessor-version":[{"id":1341,"href":"https:\/\/blogsaverroes.juntadeandalucia.es\/ceip-guzman-el-bueno-gaucin\/wp-json\/wp\/v2\/posts\/1337\/revisions\/1341"}],"wp:featuredmedia":[{"embeddable":true,"href":"https:\/\/blogsaverroes.juntadeandalucia.es\/ceip-guzman-el-bueno-gaucin\/wp-json\/wp\/v2\/media\/1340"}],"wp:attachment":[{"href":"https:\/\/blogsaverroes.juntadeandalucia.es\/ceip-guzman-el-bueno-gaucin\/wp-json\/wp\/v2\/media?parent=1337"}],"wp:term":[{"taxonomy":"category","embeddable":true,"href":"https:\/\/blogsaverroes.juntadeandalucia.es\/ceip-guzman-el-bueno-gaucin\/wp-json\/wp\/v2\/categories?post=1337"},{"taxonomy":"post_tag","embeddable":true,"href":"https:\/\/blogsaverroes.juntadeandalucia.es\/ceip-guzman-el-bueno-gaucin\/wp-json\/wp\/v2\/tags?post=1337"}],"curies":[{"name":"wp","href":"https:\/\/api.w.org\/{rel}","templated":true}]}}