{"id":2271,"date":"2022-02-25T12:35:55","date_gmt":"2022-02-25T12:35:55","guid":{"rendered":"https:\/\/blogsaverroes.juntadeandalucia.es\/ceip-laujar\/?p=2271"},"modified":"2022-05-27T08:10:59","modified_gmt":"2022-05-27T08:10:59","slug":"periodico-escolar","status":"publish","type":"post","link":"https:\/\/blogsaverroes.juntadeandalucia.es\/ceip-laujar\/periodico-escolar\/","title":{"rendered":"Peri\u00f3dico Escolar \u00abLA VOZ DE L@S NI\u00d1@S\u00bb N\u00ba 2"},"content":{"rendered":"<p><a href=\"https:\/\/drive.google.com\/file\/d\/1ZCqVZ-68xlOHfI79cAeo9IvKcpNkuo9n\/view?usp=sharing\" target=\"_blank\" rel=\"noopener noreferrer\"><img loading=\"lazy\" decoding=\"async\" class=\"aligncenter wp-image-2311\" src=\"https:\/\/blogsaverroes.juntadeandalucia.es\/ceip-laujar\/files\/2022\/02\/Periodico-LAUJAR-N\u00aa-2-PEQUE\u00d1O-ICONO_.jpg\" alt=\"\" width=\"223\" height=\"315\" srcset=\"https:\/\/blogsaverroes.juntadeandalucia.es\/ceip-laujar\/files\/2022\/02\/Periodico-LAUJAR-N\u00aa-2-PEQUE\u00d1O-ICONO_.jpg 1131w, https:\/\/blogsaverroes.juntadeandalucia.es\/ceip-laujar\/files\/2022\/02\/Periodico-LAUJAR-N\u00aa-2-PEQUE\u00d1O-ICONO_-212x300.jpg 212w, https:\/\/blogsaverroes.juntadeandalucia.es\/ceip-laujar\/files\/2022\/02\/Periodico-LAUJAR-N\u00aa-2-PEQUE\u00d1O-ICONO_-724x1024.jpg 724w, https:\/\/blogsaverroes.juntadeandalucia.es\/ceip-laujar\/files\/2022\/02\/Periodico-LAUJAR-N\u00aa-2-PEQUE\u00d1O-ICONO_-768x1087.jpg 768w, https:\/\/blogsaverroes.juntadeandalucia.es\/ceip-laujar\/files\/2022\/02\/Periodico-LAUJAR-N\u00aa-2-PEQUE\u00d1O-ICONO_-1086x1536.jpg 1086w, https:\/\/blogsaverroes.juntadeandalucia.es\/ceip-laujar\/files\/2022\/02\/Periodico-LAUJAR-N\u00aa-2-PEQUE\u00d1O-ICONO_-1448x2048.jpg 1448w\" sizes=\"(max-width: 223px) 100vw, 223px\" \/><\/a><\/p>\n<p style=\"text-align: center\"><em><strong>LA VOZ DE L@S NI\u00d1@S N\u00ba 2<\/strong><\/em><\/p>\n<p>Nuestro segundo n\u00famero est\u00e1 dedicado \u00edntegramente a un tema de gran importancia actualmente: la Paz y la solidaridad.<\/p>\n","protected":false},"excerpt":{"rendered":"<p>LA VOZ DE L@S NI\u00d1@S N\u00ba 2 Nuestro segundo n\u00famero est\u00e1 dedicado \u00edntegramente a un tema de gran importancia actualmente: la Paz y la solidaridad.<\/p>\n","protected":false},"author":14429,"featured_media":2311,"comment_status":"open","ping_status":"open","sticky":false,"template":"","format":"standard","meta":{"ngg_post_thumbnail":0,"footnotes":""},"categories":[784],"tags":[],"aioseo_notices":[],"_links":{"self":[{"href":"https:\/\/blogsaverroes.juntadeandalucia.es\/ceip-laujar\/wp-json\/wp\/v2\/posts\/2271"}],"collection":[{"href":"https:\/\/blogsaverroes.juntadeandalucia.es\/ceip-laujar\/wp-json\/wp\/v2\/posts"}],"about":[{"href":"https:\/\/blogsaverroes.juntadeandalucia.es\/ceip-laujar\/wp-json\/wp\/v2\/types\/post"}],"author":[{"embeddable":true,"href":"https:\/\/blogsaverroes.juntadeandalucia.es\/ceip-laujar\/wp-json\/wp\/v2\/users\/14429"}],"replies":[{"embeddable":true,"href":"https:\/\/blogsaverroes.juntadeandalucia.es\/ceip-laujar\/wp-json\/wp\/v2\/comments?post=2271"}],"version-history":[{"count":9,"href":"https:\/\/blogsaverroes.juntadeandalucia.es\/ceip-laujar\/wp-json\/wp\/v2\/posts\/2271\/revisions"}],"predecessor-version":[{"id":2317,"href":"https:\/\/blogsaverroes.juntadeandalucia.es\/ceip-laujar\/wp-json\/wp\/v2\/posts\/2271\/revisions\/2317"}],"wp:featuredmedia":[{"embeddable":true,"href":"https:\/\/blogsaverroes.juntadeandalucia.es\/ceip-laujar\/wp-json\/wp\/v2\/media\/2311"}],"wp:attachment":[{"href":"https:\/\/blogsaverroes.juntadeandalucia.es\/ceip-laujar\/wp-json\/wp\/v2\/media?parent=2271"}],"wp:term":[{"taxonomy":"category","embeddable":true,"href":"https:\/\/blogsaverroes.juntadeandalucia.es\/ceip-laujar\/wp-json\/wp\/v2\/categories?post=2271"},{"taxonomy":"post_tag","embeddable":true,"href":"https:\/\/blogsaverroes.juntadeandalucia.es\/ceip-laujar\/wp-json\/wp\/v2\/tags?post=2271"}],"curies":[{"name":"wp","href":"https:\/\/api.w.org\/{rel}","templated":true}]}}