{"id":2470,"date":"2025-03-05T11:18:45","date_gmt":"2025-03-05T11:18:45","guid":{"rendered":"https:\/\/blogsaverroes.juntadeandalucia.es\/ceip-laujar\/?p=2470"},"modified":"2025-03-05T11:18:45","modified_gmt":"2025-03-05T11:18:45","slug":"dia-de-andalucia","status":"publish","type":"post","link":"https:\/\/blogsaverroes.juntadeandalucia.es\/ceip-laujar\/dia-de-andalucia\/","title":{"rendered":"D\u00eda de Andaluc\u00eda"},"content":{"rendered":"<p>Durante la semana pasada en nuestro cole estuvimos celebrando el d\u00eda de<em><strong> Andaluc\u00eda<\/strong><\/em> con diferentes actividades.<\/p>\n<p><strong>En el ciclo de infantil<\/strong>, han hecho murales, un cuento sobre Andaluc\u00eda, han trabajado el himno y han hecho abanicos.<\/p>\n\n\t\t<style>\n\t\t\t#gallery-1 {\n\t\t\t\tmargin: auto;\n\t\t\t}\n\t\t\t#gallery-1 .gallery-item {\n\t\t\t\tfloat: left;\n\t\t\t\tmargin-top: 10px;\n\t\t\t\ttext-align: center;\n\t\t\t\twidth: 33%;\n\t\t\t}\n\t\t\t#gallery-1 img {\n\t\t\t\tborder: 2px solid #cfcfcf;\n\t\t\t}\n\t\t\t#gallery-1 .gallery-caption {\n\t\t\t\tmargin-left: 0;\n\t\t\t}\n\t\t\t\/* see gallery_shortcode() in wp-includes\/media.php *\/\n\t\t<\/style>\n\t\t<div id='gallery-1' class='gallery galleryid-2470 gallery-columns-3 gallery-size-thumbnail'><dl class='gallery-item'>\n\t\t\t<dt class='gallery-icon portrait'>\n\t\t\t\t<a href='https:\/\/blogsaverroes.juntadeandalucia.es\/ceip-laujar\/dia-de-andalucia\/whatsapp-image-2025-02-26-at-14-26-52\/'><img loading=\"lazy\" decoding=\"async\" width=\"150\" height=\"150\" src=\"https:\/\/blogsaverroes.juntadeandalucia.es\/ceip-laujar\/files\/2025\/03\/WhatsApp-Image-2025-02-26-at-14.26.52-150x150.jpeg\" class=\"attachment-thumbnail size-thumbnail\" alt=\"\" aria-describedby=\"gallery-1-2471\" \/><\/a>\n\t\t\t<\/dt>\n\t\t\t\t<dd class='wp-caption-text gallery-caption' id='gallery-1-2471'>\n\t\t\t\tMural realizado por 3 a\u00f1os\n\t\t\t\t<\/dd><\/dl><dl class='gallery-item'>\n\t\t\t<dt class='gallery-icon portrait'>\n\t\t\t\t<a href='https:\/\/blogsaverroes.juntadeandalucia.es\/ceip-laujar\/dia-de-andalucia\/whatsapp-image-2025-02-26-at-14-25-53\/'><img loading=\"lazy\" decoding=\"async\" width=\"150\" height=\"150\" src=\"https:\/\/blogsaverroes.juntadeandalucia.es\/ceip-laujar\/files\/2025\/03\/WhatsApp-Image-2025-02-26-at-14.25.53-150x150.jpeg\" class=\"attachment-thumbnail size-thumbnail\" alt=\"\" aria-describedby=\"gallery-1-2472\" \/><\/a>\n\t\t\t<\/dt>\n\t\t\t\t<dd class='wp-caption-text gallery-caption' id='gallery-1-2472'>\n\t\t\t\tAbanicos realizados por 3 a\u00f1os\n\t\t\t\t<\/dd><\/dl><dl class='gallery-item'>\n\t\t\t<dt class='gallery-icon portrait'>\n\t\t\t\t<a href='https:\/\/blogsaverroes.juntadeandalucia.es\/ceip-laujar\/dia-de-andalucia\/whatsapp-image-2025-02-26-at-13-59-37\/'><img loading=\"lazy\" decoding=\"async\" width=\"150\" height=\"150\" src=\"https:\/\/blogsaverroes.juntadeandalucia.es\/ceip-laujar\/files\/2025\/03\/WhatsApp-Image-2025-02-26-at-13.59.37-150x150.jpeg\" class=\"attachment-thumbnail size-thumbnail\" alt=\"\" aria-describedby=\"gallery-1-2473\" \/><\/a>\n\t\t\t<\/dt>\n\t\t\t\t<dd class='wp-caption-text gallery-caption' id='gallery-1-2473'>\n\t\t\t\tActividades realizadas por 5 a\u00f1os.\n\t\t\t\t<\/dd><\/dl><br style=\"clear: both\" \/><dl class='gallery-item'>\n\t\t\t<dt class='gallery-icon portrait'>\n\t\t\t\t<a href='https:\/\/blogsaverroes.juntadeandalucia.es\/ceip-laujar\/dia-de-andalucia\/whatsapp-image-2025-02-25-at-15-47-41\/'><img loading=\"lazy\" decoding=\"async\" width=\"150\" height=\"150\" src=\"https:\/\/blogsaverroes.juntadeandalucia.es\/ceip-laujar\/files\/2025\/03\/WhatsApp-Image-2025-02-25-at-15.47.41-150x150.jpeg\" class=\"attachment-thumbnail size-thumbnail\" alt=\"\" aria-describedby=\"gallery-1-2474\" \/><\/a>\n\t\t\t<\/dt>\n\t\t\t\t<dd class='wp-caption-text gallery-caption' id='gallery-1-2474'>\n\t\t\t\tMural realizado por 5 a\u00f1os.\n\t\t\t\t<\/dd><\/dl><dl class='gallery-item'>\n\t\t\t<dt class='gallery-icon landscape'>\n\t\t\t\t<a href='https:\/\/blogsaverroes.juntadeandalucia.es\/ceip-laujar\/dia-de-andalucia\/attachment\/2\/'><img loading=\"lazy\" decoding=\"async\" width=\"150\" height=\"150\" src=\"https:\/\/blogsaverroes.juntadeandalucia.es\/ceip-laujar\/files\/2025\/03\/2-150x150.jpeg\" class=\"attachment-thumbnail size-thumbnail\" alt=\"\" aria-describedby=\"gallery-1-2475\" \/><\/a>\n\t\t\t<\/dt>\n\t\t\t\t<dd class='wp-caption-text gallery-caption' id='gallery-1-2475'>\n\t\t\t\tViseras realizadas por 4 a\u00f1os.\n\t\t\t\t<\/dd><\/dl><dl class='gallery-item'>\n\t\t\t<dt class='gallery-icon landscape'>\n\t\t\t\t<a href='https:\/\/blogsaverroes.juntadeandalucia.es\/ceip-laujar\/dia-de-andalucia\/attachment\/1\/'><img loading=\"lazy\" decoding=\"async\" width=\"150\" height=\"150\" src=\"https:\/\/blogsaverroes.juntadeandalucia.es\/ceip-laujar\/files\/2025\/03\/1-150x150.jpeg\" class=\"attachment-thumbnail size-thumbnail\" alt=\"\" aria-describedby=\"gallery-1-2476\" \/><\/a>\n\t\t\t<\/dt>\n\t\t\t\t<dd class='wp-caption-text gallery-caption' id='gallery-1-2476'>\n\t\t\t\tHimno trabajado en 4 a\u00f1os.\n\t\t\t\t<\/dd><\/dl><br style=\"clear: both\" \/>\n\t\t<\/div>\n\n<p>&nbsp;<\/p>\n<p><strong>En el ciclo de primaria<\/strong>, se han trabajado las diferentes provincias: Sus monumentos y lugares de inter\u00e9s, la gastronom\u00eda de estas, sus personajes m\u00e1s famosos, sus lugares de inter\u00e9s, sus fiestas y tradiciones&#8230; Aprovechando que estos murales se han colgado en los diferentes pasillos, se realizo una ruta por ellos y cada curso expuso su provincia al resto de cursos.<\/p>\n\n\t\t<style>\n\t\t\t#gallery-2 {\n\t\t\t\tmargin: auto;\n\t\t\t}\n\t\t\t#gallery-2 .gallery-item {\n\t\t\t\tfloat: left;\n\t\t\t\tmargin-top: 10px;\n\t\t\t\ttext-align: center;\n\t\t\t\twidth: 33%;\n\t\t\t}\n\t\t\t#gallery-2 img {\n\t\t\t\tborder: 2px solid #cfcfcf;\n\t\t\t}\n\t\t\t#gallery-2 .gallery-caption {\n\t\t\t\tmargin-left: 0;\n\t\t\t}\n\t\t\t\/* see gallery_shortcode() in wp-includes\/media.php *\/\n\t\t<\/style>\n\t\t<div id='gallery-2' class='gallery galleryid-2470 gallery-columns-3 gallery-size-thumbnail'><dl class='gallery-item'>\n\t\t\t<dt class='gallery-icon portrait'>\n\t\t\t\t<a href='https:\/\/blogsaverroes.juntadeandalucia.es\/ceip-laujar\/dia-de-andalucia\/whatsapp-image-2025-03-05-at-11-44-53\/'><img loading=\"lazy\" decoding=\"async\" width=\"150\" height=\"150\" src=\"https:\/\/blogsaverroes.juntadeandalucia.es\/ceip-laujar\/files\/2025\/03\/WhatsApp-Image-2025-03-05-at-11.44.53-150x150.jpeg\" class=\"attachment-thumbnail size-thumbnail\" alt=\"\" \/><\/a>\n\t\t\t<\/dt><\/dl><dl class='gallery-item'>\n\t\t\t<dt class='gallery-icon landscape'>\n\t\t\t\t<a href='https:\/\/blogsaverroes.juntadeandalucia.es\/ceip-laujar\/dia-de-andalucia\/attachment\/4\/'><img loading=\"lazy\" decoding=\"async\" width=\"150\" height=\"150\" src=\"https:\/\/blogsaverroes.juntadeandalucia.es\/ceip-laujar\/files\/2025\/03\/4-150x150.jpeg\" class=\"attachment-thumbnail size-thumbnail\" alt=\"\" \/><\/a>\n\t\t\t<\/dt><\/dl><dl class='gallery-item'>\n\t\t\t<dt class='gallery-icon landscape'>\n\t\t\t\t<a href='https:\/\/blogsaverroes.juntadeandalucia.es\/ceip-laujar\/dia-de-andalucia\/attachment\/3\/'><img loading=\"lazy\" decoding=\"async\" width=\"150\" height=\"150\" src=\"https:\/\/blogsaverroes.juntadeandalucia.es\/ceip-laujar\/files\/2025\/03\/3-150x150.jpeg\" class=\"attachment-thumbnail size-thumbnail\" alt=\"\" \/><\/a>\n\t\t\t<\/dt><\/dl><br style=\"clear: both\" \/><dl class='gallery-item'>\n\t\t\t<dt class='gallery-icon landscape'>\n\t\t\t\t<a href='https:\/\/blogsaverroes.juntadeandalucia.es\/ceip-laujar\/dia-de-andalucia\/2-2\/'><img loading=\"lazy\" decoding=\"async\" width=\"150\" height=\"150\" src=\"https:\/\/blogsaverroes.juntadeandalucia.es\/ceip-laujar\/files\/2025\/03\/2-1-150x150.jpeg\" class=\"attachment-thumbnail size-thumbnail\" alt=\"\" \/><\/a>\n\t\t\t<\/dt><\/dl><dl class='gallery-item'>\n\t\t\t<dt class='gallery-icon landscape'>\n\t\t\t\t<a href='https:\/\/blogsaverroes.juntadeandalucia.es\/ceip-laujar\/dia-de-andalucia\/1-2\/'><img loading=\"lazy\" decoding=\"async\" width=\"150\" height=\"150\" src=\"https:\/\/blogsaverroes.juntadeandalucia.es\/ceip-laujar\/files\/2025\/03\/1-1-150x150.jpeg\" class=\"attachment-thumbnail size-thumbnail\" alt=\"\" \/><\/a>\n\t\t\t<\/dt><\/dl><dl class='gallery-item'>\n\t\t\t<dt class='gallery-icon portrait'>\n\t\t\t\t<a href='https:\/\/blogsaverroes.juntadeandalucia.es\/ceip-laujar\/dia-de-andalucia\/whatsapp-image-2025-02-26-at-14-03-03-1\/'><img loading=\"lazy\" decoding=\"async\" width=\"150\" height=\"150\" src=\"https:\/\/blogsaverroes.juntadeandalucia.es\/ceip-laujar\/files\/2025\/03\/WhatsApp-Image-2025-02-26-at-14.03.03-1-150x150.jpeg\" class=\"attachment-thumbnail size-thumbnail\" alt=\"\" \/><\/a>\n\t\t\t<\/dt><\/dl><br style=\"clear: both\" \/><dl class='gallery-item'>\n\t\t\t<dt class='gallery-icon landscape'>\n\t\t\t\t<a href='https:\/\/blogsaverroes.juntadeandalucia.es\/ceip-laujar\/dia-de-andalucia\/whatsapp-image-2025-02-26-at-14-03-03\/'><img loading=\"lazy\" decoding=\"async\" width=\"150\" height=\"150\" src=\"https:\/\/blogsaverroes.juntadeandalucia.es\/ceip-laujar\/files\/2025\/03\/WhatsApp-Image-2025-02-26-at-14.03.03-150x150.jpeg\" class=\"attachment-thumbnail size-thumbnail\" alt=\"\" \/><\/a>\n\t\t\t<\/dt><\/dl><dl class='gallery-item'>\n\t\t\t<dt class='gallery-icon portrait'>\n\t\t\t\t<a href='https:\/\/blogsaverroes.juntadeandalucia.es\/ceip-laujar\/dia-de-andalucia\/whatsapp-image-2025-03-05-at-12-14-26\/'><img loading=\"lazy\" decoding=\"async\" width=\"150\" height=\"150\" src=\"https:\/\/blogsaverroes.juntadeandalucia.es\/ceip-laujar\/files\/2025\/03\/WhatsApp-Image-2025-03-05-at-12.14.26-150x150.jpeg\" class=\"attachment-thumbnail size-thumbnail\" alt=\"\" \/><\/a>\n\t\t\t<\/dt><\/dl><dl class='gallery-item'>\n\t\t\t<dt class='gallery-icon portrait'>\n\t\t\t\t<a href='https:\/\/blogsaverroes.juntadeandalucia.es\/ceip-laujar\/dia-de-andalucia\/whatsapp-image-2025-03-05-at-12-13-48\/'><img loading=\"lazy\" decoding=\"async\" width=\"150\" height=\"150\" src=\"https:\/\/blogsaverroes.juntadeandalucia.es\/ceip-laujar\/files\/2025\/03\/WhatsApp-Image-2025-03-05-at-12.13.48-150x150.jpeg\" class=\"attachment-thumbnail size-thumbnail\" alt=\"\" \/><\/a>\n\t\t\t<\/dt><\/dl><br style=\"clear: both\" \/>\n\t\t<\/div>\n\n<p>El d\u00eda 26 tambi\u00e9n escuchamos el himno de Andaluc\u00eda al entrar y en el recreo degustamos un desayuno muy rico y variado, desde pan con aceite, pan con aceite y tomate o pan con aceite, tomate y jam\u00f3n&#8230; tuvimos para todos los gustos.\u00a0<a href=\"https:\/\/blogsaverroes.juntadeandalucia.es\/ceip-laujar\/files\/2025\/03\/WhatsApp-Image-2025-03-05-at-11.44.531.jpeg\"><br \/>\n<img loading=\"lazy\" decoding=\"async\" class=\"aligncenter size-medium wp-image-2484\" src=\"https:\/\/blogsaverroes.juntadeandalucia.es\/ceip-laujar\/files\/2025\/03\/WhatsApp-Image-2025-03-05-at-11.44.531-225x300.jpeg\" alt=\"\" width=\"225\" height=\"300\" srcset=\"https:\/\/blogsaverroes.juntadeandalucia.es\/ceip-laujar\/files\/2025\/03\/WhatsApp-Image-2025-03-05-at-11.44.531-225x300.jpeg 225w, https:\/\/blogsaverroes.juntadeandalucia.es\/ceip-laujar\/files\/2025\/03\/WhatsApp-Image-2025-03-05-at-11.44.531-768x1024.jpeg 768w, https:\/\/blogsaverroes.juntadeandalucia.es\/ceip-laujar\/files\/2025\/03\/WhatsApp-Image-2025-03-05-at-11.44.531-1152x1536.jpeg 1152w, https:\/\/blogsaverroes.juntadeandalucia.es\/ceip-laujar\/files\/2025\/03\/WhatsApp-Image-2025-03-05-at-11.44.531.jpeg 1200w\" sizes=\"(max-width: 225px) 100vw, 225px\" \/><\/a><\/p>\n<p>Hemos celebrado el d\u00eda de nuestra comunidad con un mont\u00f3n de actividades y lo hemos pasado genial.<\/p>\n","protected":false},"excerpt":{"rendered":"<p>Durante la semana pasada en nuestro cole estuvimos celebrando el d\u00eda de Andaluc\u00eda con diferentes actividades. En el ciclo de infantil, han hecho murales, un cuento sobre Andaluc\u00eda, han trabajado el himno y han&#46;&#46;&#46;<\/p>\n","protected":false},"author":15961,"featured_media":2485,"comment_status":"open","ping_status":"open","sticky":false,"template":"","format":"standard","meta":{"ngg_post_thumbnail":0,"footnotes":""},"categories":[11909],"tags":[],"aioseo_notices":[],"_links":{"self":[{"href":"https:\/\/blogsaverroes.juntadeandalucia.es\/ceip-laujar\/wp-json\/wp\/v2\/posts\/2470"}],"collection":[{"href":"https:\/\/blogsaverroes.juntadeandalucia.es\/ceip-laujar\/wp-json\/wp\/v2\/posts"}],"about":[{"href":"https:\/\/blogsaverroes.juntadeandalucia.es\/ceip-laujar\/wp-json\/wp\/v2\/types\/post"}],"author":[{"embeddable":true,"href":"https:\/\/blogsaverroes.juntadeandalucia.es\/ceip-laujar\/wp-json\/wp\/v2\/users\/15961"}],"replies":[{"embeddable":true,"href":"https:\/\/blogsaverroes.juntadeandalucia.es\/ceip-laujar\/wp-json\/wp\/v2\/comments?post=2470"}],"version-history":[{"count":2,"href":"https:\/\/blogsaverroes.juntadeandalucia.es\/ceip-laujar\/wp-json\/wp\/v2\/posts\/2470\/revisions"}],"predecessor-version":[{"id":2489,"href":"https:\/\/blogsaverroes.juntadeandalucia.es\/ceip-laujar\/wp-json\/wp\/v2\/posts\/2470\/revisions\/2489"}],"wp:featuredmedia":[{"embeddable":true,"href":"https:\/\/blogsaverroes.juntadeandalucia.es\/ceip-laujar\/wp-json\/wp\/v2\/media\/2485"}],"wp:attachment":[{"href":"https:\/\/blogsaverroes.juntadeandalucia.es\/ceip-laujar\/wp-json\/wp\/v2\/media?parent=2470"}],"wp:term":[{"taxonomy":"category","embeddable":true,"href":"https:\/\/blogsaverroes.juntadeandalucia.es\/ceip-laujar\/wp-json\/wp\/v2\/categories?post=2470"},{"taxonomy":"post_tag","embeddable":true,"href":"https:\/\/blogsaverroes.juntadeandalucia.es\/ceip-laujar\/wp-json\/wp\/v2\/tags?post=2470"}],"curies":[{"name":"wp","href":"https:\/\/api.w.org\/{rel}","templated":true}]}}