{"id":2491,"date":"2025-03-10T10:50:39","date_gmt":"2025-03-10T10:50:39","guid":{"rendered":"https:\/\/blogsaverroes.juntadeandalucia.es\/ceip-laujar\/?p=2491"},"modified":"2025-03-26T12:15:10","modified_gmt":"2025-03-26T12:15:10","slug":"carnaval-en-el-cole","status":"publish","type":"post","link":"https:\/\/blogsaverroes.juntadeandalucia.es\/ceip-laujar\/carnaval-en-el-cole\/","title":{"rendered":"Carnaval en el cole."},"content":{"rendered":"<p>El pasado martes 4 de marzo, celebramos el tradicional carnaval. Este a\u00f1o en vez de hacer el pasacalles tradicional, nos fuimos al sal\u00f3n Pedro Murillo Velarde, d\u00f3nde cada grupo hizo un baile relacionado con la tem\u00e1tica de su disfraz.<\/p>\n<p>Este a\u00f1o la tem\u00e1tica era de cuentos, pero cada alumno\/a se disfrazaba libremente, aunque muchos grupos eligieron un disfraz por grupo.<\/p>\n<p>Despu\u00e9s del festival, volvimos a clases y continuamos con un desayuno por tutor\u00edas.<\/p>\n<p>Fue una jornada muy divertida y en la que lo pasamos en grande.<\/p>\n<p>Os dejamos algunas fotos ( Pr\u00f3ximamente colgaremos las del resto de grupos).<\/p>\n<p>&nbsp;<\/p>\n\n\t\t<style>\n\t\t\t#gallery-1 {\n\t\t\t\tmargin: auto;\n\t\t\t}\n\t\t\t#gallery-1 .gallery-item {\n\t\t\t\tfloat: left;\n\t\t\t\tmargin-top: 10px;\n\t\t\t\ttext-align: center;\n\t\t\t\twidth: 33%;\n\t\t\t}\n\t\t\t#gallery-1 img {\n\t\t\t\tborder: 2px solid #cfcfcf;\n\t\t\t}\n\t\t\t#gallery-1 .gallery-caption {\n\t\t\t\tmargin-left: 0;\n\t\t\t}\n\t\t\t\/* see gallery_shortcode() in wp-includes\/media.php *\/\n\t\t<\/style>\n\t\t<div id='gallery-1' class='gallery galleryid-2491 gallery-columns-3 gallery-size-thumbnail'><dl class='gallery-item'>\n\t\t\t<dt class='gallery-icon landscape'>\n\t\t\t\t<a href='https:\/\/blogsaverroes.juntadeandalucia.es\/ceip-laujar\/carnaval-en-el-cole\/attachment\/1742984240757\/'><img loading=\"lazy\" decoding=\"async\" width=\"150\" height=\"150\" src=\"https:\/\/blogsaverroes.juntadeandalucia.es\/ceip-laujar\/files\/2025\/03\/1742984240757-150x150.jpg\" class=\"attachment-thumbnail size-thumbnail\" alt=\"\" aria-describedby=\"gallery-1-2495\" \/><\/a>\n\t\t\t<\/dt>\n\t\t\t\t<dd class='wp-caption-text gallery-caption' id='gallery-1-2495'>\n\t\t\t\tDecoraci\u00f3n de las puertas\n\t\t\t\t<\/dd><\/dl><dl class='gallery-item'>\n\t\t\t<dt class='gallery-icon landscape'>\n\t\t\t\t<a href='https:\/\/blogsaverroes.juntadeandalucia.es\/ceip-laujar\/carnaval-en-el-cole\/4-anos\/'><img loading=\"lazy\" decoding=\"async\" width=\"150\" height=\"150\" src=\"https:\/\/blogsaverroes.juntadeandalucia.es\/ceip-laujar\/files\/2025\/03\/4-anos--150x150.jpg\" class=\"attachment-thumbnail size-thumbnail\" alt=\"4 a\u00f1os\" aria-describedby=\"gallery-1-2496\" \/><\/a>\n\t\t\t<\/dt>\n\t\t\t\t<dd class='wp-caption-text gallery-caption' id='gallery-1-2496'>\n\t\t\t\t4  A\u00f1os\n\t\t\t\t<\/dd><\/dl><dl class='gallery-item'>\n\t\t\t<dt class='gallery-icon landscape'>\n\t\t\t\t<a href='https:\/\/blogsaverroes.juntadeandalucia.es\/ceip-laujar\/carnaval-en-el-cole\/3ob\/'><img loading=\"lazy\" decoding=\"async\" width=\"150\" height=\"150\" src=\"https:\/\/blogsaverroes.juntadeandalucia.es\/ceip-laujar\/files\/2025\/03\/3ob-150x150.jpg\" class=\"attachment-thumbnail size-thumbnail\" alt=\"\" aria-describedby=\"gallery-1-2492\" \/><\/a>\n\t\t\t<\/dt>\n\t\t\t\t<dd class='wp-caption-text gallery-caption' id='gallery-1-2492'>\n\t\t\t\tEl Rey Le\u00f3n\n\t\t\t\t<\/dd><\/dl><br style=\"clear: both\" \/><dl class='gallery-item'>\n\t\t\t<dt class='gallery-icon landscape'>\n\t\t\t\t<a href='https:\/\/blogsaverroes.juntadeandalucia.es\/ceip-laujar\/carnaval-en-el-cole\/5o\/'><img loading=\"lazy\" decoding=\"async\" width=\"150\" height=\"150\" src=\"https:\/\/blogsaverroes.juntadeandalucia.es\/ceip-laujar\/files\/2025\/03\/5o-150x150.jpg\" class=\"attachment-thumbnail size-thumbnail\" alt=\"\" aria-describedby=\"gallery-1-2494\" \/><\/a>\n\t\t\t<\/dt>\n\t\t\t\t<dd class='wp-caption-text gallery-caption' id='gallery-1-2494'>\n\t\t\t\tLos descendientes.\n\t\t\t\t<\/dd><\/dl><dl class='gallery-item'>\n\t\t\t<dt class='gallery-icon landscape'>\n\t\t\t\t<a href='https:\/\/blogsaverroes.juntadeandalucia.es\/ceip-laujar\/carnaval-en-el-cole\/6o\/'><img loading=\"lazy\" decoding=\"async\" width=\"150\" height=\"150\" src=\"https:\/\/blogsaverroes.juntadeandalucia.es\/ceip-laujar\/files\/2025\/03\/6o-150x150.jpg\" class=\"attachment-thumbnail size-thumbnail\" alt=\"\" aria-describedby=\"gallery-1-2493\" \/><\/a>\n\t\t\t<\/dt>\n\t\t\t\t<dd class='wp-caption-text gallery-caption' id='gallery-1-2493'>\n\t\t\t\tAladd\u00edn \n\t\t\t\t<\/dd><\/dl><dl class='gallery-item'>\n\t\t\t<dt class='gallery-icon landscape'>\n\t\t\t\t<a href='https:\/\/blogsaverroes.juntadeandalucia.es\/ceip-laujar\/carnaval-en-el-cole\/3%e2%81%b0b\/'><img loading=\"lazy\" decoding=\"async\" width=\"150\" height=\"150\" src=\"https:\/\/blogsaverroes.juntadeandalucia.es\/ceip-laujar\/files\/2025\/03\/3\u2070B-150x150.jpg\" class=\"attachment-thumbnail size-thumbnail\" alt=\"\" aria-describedby=\"gallery-1-2503\" \/><\/a>\n\t\t\t<\/dt>\n\t\t\t\t<dd class='wp-caption-text gallery-caption' id='gallery-1-2503'>\n\t\t\t\t3\u00ba A\n\t\t\t\t<\/dd><\/dl><br style=\"clear: both\" \/>\n\t\t<\/div>\n\n<p>&nbsp;<\/p>\n<p>&nbsp;<\/p>\n","protected":false},"excerpt":{"rendered":"<p>El pasado martes 4 de marzo, celebramos el tradicional carnaval. Este a\u00f1o en vez de hacer el pasacalles tradicional, nos fuimos al sal\u00f3n Pedro Murillo Velarde, d\u00f3nde cada grupo hizo un baile relacionado con&#46;&#46;&#46;<\/p>\n","protected":false},"author":15961,"featured_media":2495,"comment_status":"open","ping_status":"open","sticky":false,"template":"","format":"standard","meta":{"ngg_post_thumbnail":0,"footnotes":""},"categories":[11909],"tags":[],"aioseo_notices":[],"_links":{"self":[{"href":"https:\/\/blogsaverroes.juntadeandalucia.es\/ceip-laujar\/wp-json\/wp\/v2\/posts\/2491"}],"collection":[{"href":"https:\/\/blogsaverroes.juntadeandalucia.es\/ceip-laujar\/wp-json\/wp\/v2\/posts"}],"about":[{"href":"https:\/\/blogsaverroes.juntadeandalucia.es\/ceip-laujar\/wp-json\/wp\/v2\/types\/post"}],"author":[{"embeddable":true,"href":"https:\/\/blogsaverroes.juntadeandalucia.es\/ceip-laujar\/wp-json\/wp\/v2\/users\/15961"}],"replies":[{"embeddable":true,"href":"https:\/\/blogsaverroes.juntadeandalucia.es\/ceip-laujar\/wp-json\/wp\/v2\/comments?post=2491"}],"version-history":[{"count":2,"href":"https:\/\/blogsaverroes.juntadeandalucia.es\/ceip-laujar\/wp-json\/wp\/v2\/posts\/2491\/revisions"}],"predecessor-version":[{"id":2504,"href":"https:\/\/blogsaverroes.juntadeandalucia.es\/ceip-laujar\/wp-json\/wp\/v2\/posts\/2491\/revisions\/2504"}],"wp:featuredmedia":[{"embeddable":true,"href":"https:\/\/blogsaverroes.juntadeandalucia.es\/ceip-laujar\/wp-json\/wp\/v2\/media\/2495"}],"wp:attachment":[{"href":"https:\/\/blogsaverroes.juntadeandalucia.es\/ceip-laujar\/wp-json\/wp\/v2\/media?parent=2491"}],"wp:term":[{"taxonomy":"category","embeddable":true,"href":"https:\/\/blogsaverroes.juntadeandalucia.es\/ceip-laujar\/wp-json\/wp\/v2\/categories?post=2491"},{"taxonomy":"post_tag","embeddable":true,"href":"https:\/\/blogsaverroes.juntadeandalucia.es\/ceip-laujar\/wp-json\/wp\/v2\/tags?post=2491"}],"curies":[{"name":"wp","href":"https:\/\/api.w.org\/{rel}","templated":true}]}}