{"id":2549,"date":"2025-05-12T09:44:03","date_gmt":"2025-05-12T09:44:03","guid":{"rendered":"https:\/\/blogsaverroes.juntadeandalucia.es\/ceip-laujar\/?p=2549"},"modified":"2025-05-12T09:44:03","modified_gmt":"2025-05-12T09:44:03","slug":"dia-de-europa","status":"publish","type":"post","link":"https:\/\/blogsaverroes.juntadeandalucia.es\/ceip-laujar\/dia-de-europa\/","title":{"rendered":"D\u00eda de Europa"},"content":{"rendered":"<p><strong>El D\u00eda de Europa<\/strong> celebra cada <strong>9 de mayo<\/strong> la paz y la unidad en el continente. La fecha marca el aniversario de la \u00ab<a href=\"https:\/\/european-union.europa.eu\/principles-countries-history\/history-eu\/1945-59\/schuman-declaration-may-1950_es\">Declaraci\u00f3n Schuman<\/a>\u00bb, una propuesta hist\u00f3rica presentada en 1950 por <strong>Robert Schuman<\/strong>, ministro franc\u00e9s de Asuntos Exteriores, que sent\u00f3 las bases de la cooperaci\u00f3n europea. La propuesta de Schuman se considera el comienzo de lo que hoy es la Uni\u00f3n Europea.<\/p>\n<p>En este 2025, el D\u00eda de Europa constituye una ocasi\u00f3n especial, dado que celebramos setenta y cinco a\u00f1os desde la Declaraci\u00f3n Schuman.<\/p>\n<p>Puedes consultar toda la informaci\u00f3n de la <strong>Uni\u00f3n Europa<\/strong> en la siguiente p\u00e1gina: <a href=\"https:\/\/european-union.europa.eu\/index_es\">https:\/\/european-union.europa.eu\/index_es<\/a><\/p>\n<p>En nuestro cole hemos celebrado el d\u00eda de Europa con diferentes actividades en los diferentes cursos.<\/p>\n<p>Os dejamos algunas de las im\u00e1genes de estas actividades:<\/p>\n\n\t\t<style>\n\t\t\t#gallery-1 {\n\t\t\t\tmargin: auto;\n\t\t\t}\n\t\t\t#gallery-1 .gallery-item {\n\t\t\t\tfloat: left;\n\t\t\t\tmargin-top: 10px;\n\t\t\t\ttext-align: center;\n\t\t\t\twidth: 33%;\n\t\t\t}\n\t\t\t#gallery-1 img {\n\t\t\t\tborder: 2px solid #cfcfcf;\n\t\t\t}\n\t\t\t#gallery-1 .gallery-caption {\n\t\t\t\tmargin-left: 0;\n\t\t\t}\n\t\t\t\/* see gallery_shortcode() in wp-includes\/media.php *\/\n\t\t<\/style>\n\t\t<div id='gallery-1' class='gallery galleryid-2549 gallery-columns-3 gallery-size-thumbnail'><dl class='gallery-item'>\n\t\t\t<dt class='gallery-icon landscape'>\n\t\t\t\t<a href='https:\/\/blogsaverroes.juntadeandalucia.es\/ceip-laujar\/dia-de-europa\/images\/'><img loading=\"lazy\" decoding=\"async\" width=\"150\" height=\"150\" src=\"https:\/\/blogsaverroes.juntadeandalucia.es\/ceip-laujar\/files\/2025\/05\/images-150x150.png\" class=\"attachment-thumbnail size-thumbnail\" alt=\"\" \/><\/a>\n\t\t\t<\/dt><\/dl><dl class='gallery-item'>\n\t\t\t<dt class='gallery-icon portrait'>\n\t\t\t\t<a href='https:\/\/blogsaverroes.juntadeandalucia.es\/ceip-laujar\/dia-de-europa\/whatsapp-image-2025-05-09-at-14-05-02\/'><img loading=\"lazy\" decoding=\"async\" width=\"150\" height=\"150\" src=\"https:\/\/blogsaverroes.juntadeandalucia.es\/ceip-laujar\/files\/2025\/05\/WhatsApp-Image-2025-05-09-at-14.05.02-150x150.jpeg\" class=\"attachment-thumbnail size-thumbnail\" alt=\"\" \/><\/a>\n\t\t\t<\/dt><\/dl><dl class='gallery-item'>\n\t\t\t<dt class='gallery-icon portrait'>\n\t\t\t\t<a href='https:\/\/blogsaverroes.juntadeandalucia.es\/ceip-laujar\/dia-de-europa\/whatsapp-image-2025-05-09-at-14-05-08\/'><img loading=\"lazy\" decoding=\"async\" width=\"150\" height=\"150\" src=\"https:\/\/blogsaverroes.juntadeandalucia.es\/ceip-laujar\/files\/2025\/05\/WhatsApp-Image-2025-05-09-at-14.05.08-150x150.jpeg\" class=\"attachment-thumbnail size-thumbnail\" alt=\"\" \/><\/a>\n\t\t\t<\/dt><\/dl><br style=\"clear: both\" \/><dl class='gallery-item'>\n\t\t\t<dt class='gallery-icon landscape'>\n\t\t\t\t<a href='https:\/\/blogsaverroes.juntadeandalucia.es\/ceip-laujar\/dia-de-europa\/whatsapp-image-2025-05-09-at-14-13-57\/'><img loading=\"lazy\" decoding=\"async\" width=\"150\" height=\"150\" src=\"https:\/\/blogsaverroes.juntadeandalucia.es\/ceip-laujar\/files\/2025\/05\/WhatsApp-Image-2025-05-09-at-14.13.57-150x150.jpeg\" class=\"attachment-thumbnail size-thumbnail\" alt=\"\" \/><\/a>\n\t\t\t<\/dt><\/dl><dl class='gallery-item'>\n\t\t\t<dt class='gallery-icon landscape'>\n\t\t\t\t<a href='https:\/\/blogsaverroes.juntadeandalucia.es\/ceip-laujar\/dia-de-europa\/whatsapp-image-2025-05-09-at-14-14-15\/'><img loading=\"lazy\" decoding=\"async\" width=\"150\" height=\"150\" src=\"https:\/\/blogsaverroes.juntadeandalucia.es\/ceip-laujar\/files\/2025\/05\/WhatsApp-Image-2025-05-09-at-14.14.15-150x150.jpeg\" class=\"attachment-thumbnail size-thumbnail\" alt=\"\" \/><\/a>\n\t\t\t<\/dt><\/dl><dl class='gallery-item'>\n\t\t\t<dt class='gallery-icon portrait'>\n\t\t\t\t<a href='https:\/\/blogsaverroes.juntadeandalucia.es\/ceip-laujar\/dia-de-europa\/whatsapp-image-2025-05-09-at-14-14-43\/'><img loading=\"lazy\" decoding=\"async\" width=\"150\" height=\"150\" src=\"https:\/\/blogsaverroes.juntadeandalucia.es\/ceip-laujar\/files\/2025\/05\/WhatsApp-Image-2025-05-09-at-14.14.43-150x150.jpeg\" class=\"attachment-thumbnail size-thumbnail\" alt=\"\" \/><\/a>\n\t\t\t<\/dt><\/dl><br style=\"clear: both\" \/>\n\t\t<\/div>\n\n","protected":false},"excerpt":{"rendered":"<p>El D\u00eda de Europa celebra cada 9 de mayo la paz y la unidad en el continente. La fecha marca el aniversario de la \u00abDeclaraci\u00f3n Schuman\u00bb, una propuesta hist\u00f3rica presentada en 1950 por Robert&#46;&#46;&#46;<\/p>\n","protected":false},"author":15961,"featured_media":2555,"comment_status":"open","ping_status":"open","sticky":false,"template":"","format":"standard","meta":{"ngg_post_thumbnail":0,"footnotes":""},"categories":[11909],"tags":[],"aioseo_notices":[],"_links":{"self":[{"href":"https:\/\/blogsaverroes.juntadeandalucia.es\/ceip-laujar\/wp-json\/wp\/v2\/posts\/2549"}],"collection":[{"href":"https:\/\/blogsaverroes.juntadeandalucia.es\/ceip-laujar\/wp-json\/wp\/v2\/posts"}],"about":[{"href":"https:\/\/blogsaverroes.juntadeandalucia.es\/ceip-laujar\/wp-json\/wp\/v2\/types\/post"}],"author":[{"embeddable":true,"href":"https:\/\/blogsaverroes.juntadeandalucia.es\/ceip-laujar\/wp-json\/wp\/v2\/users\/15961"}],"replies":[{"embeddable":true,"href":"https:\/\/blogsaverroes.juntadeandalucia.es\/ceip-laujar\/wp-json\/wp\/v2\/comments?post=2549"}],"version-history":[{"count":1,"href":"https:\/\/blogsaverroes.juntadeandalucia.es\/ceip-laujar\/wp-json\/wp\/v2\/posts\/2549\/revisions"}],"predecessor-version":[{"id":2556,"href":"https:\/\/blogsaverroes.juntadeandalucia.es\/ceip-laujar\/wp-json\/wp\/v2\/posts\/2549\/revisions\/2556"}],"wp:featuredmedia":[{"embeddable":true,"href":"https:\/\/blogsaverroes.juntadeandalucia.es\/ceip-laujar\/wp-json\/wp\/v2\/media\/2555"}],"wp:attachment":[{"href":"https:\/\/blogsaverroes.juntadeandalucia.es\/ceip-laujar\/wp-json\/wp\/v2\/media?parent=2549"}],"wp:term":[{"taxonomy":"category","embeddable":true,"href":"https:\/\/blogsaverroes.juntadeandalucia.es\/ceip-laujar\/wp-json\/wp\/v2\/categories?post=2549"},{"taxonomy":"post_tag","embeddable":true,"href":"https:\/\/blogsaverroes.juntadeandalucia.es\/ceip-laujar\/wp-json\/wp\/v2\/tags?post=2549"}],"curies":[{"name":"wp","href":"https:\/\/api.w.org\/{rel}","templated":true}]}}