{"id":1653,"date":"2023-12-12T20:08:48","date_gmt":"2023-12-12T19:08:48","guid":{"rendered":"https:\/\/blogsaverroes.juntadeandalucia.es\/ceip-maestro-jose-duran\/?p=1653"},"modified":"2023-12-14T21:28:09","modified_gmt":"2023-12-14T20:28:09","slug":"1653-2","status":"publish","type":"post","link":"https:\/\/blogsaverroes.juntadeandalucia.es\/ceip-maestro-jose-duran\/1653-2\/","title":{"rendered":"Visita d\u00f3lmenes y museo de Antequera"},"content":{"rendered":"<p>El 12 de diciembre el alumnado de segundo ciclo y de 5\u00ba de primaria ha visitado el conjunto arqueol\u00f3gico d\u00f3lmenes de Antequera, declarado patrimonio mundial de la Unesco en 2016. Este conjunto lo conforman los D\u00f3lmenes de Menga, Viera y El Romeral &nbsp;y es considerado como uno de los mejores y m\u00e1s conocidos exponentes del megalitismo europeo. Los megalitos constituyen las primeras formas de arquitectura monumental en la Prehistoria europea, desarroll\u00e1ndose, de acuerdo con los datos actualmente disponibles, desde comienzos del V milenio antes de nuestra era, per\u00edodo Neol\u00edtico, hace unos 6.500 a\u00f1os.<\/p>\n<p><img loading=\"lazy\" decoding=\"async\" class=\"aligncenter size-large wp-image-1656\" src=\"https:\/\/blogsaverroes.juntadeandalucia.es\/ceip-maestro-jose-duran\/files\/2023\/12\/20231212_103626-1024x768.jpg\" alt=\"\" width=\"1024\" height=\"768\" srcset=\"https:\/\/blogsaverroes.juntadeandalucia.es\/ceip-maestro-jose-duran\/files\/2023\/12\/20231212_103626-980x735.jpg 980w, https:\/\/blogsaverroes.juntadeandalucia.es\/ceip-maestro-jose-duran\/files\/2023\/12\/20231212_103626-480x360.jpg 480w\" sizes=\"(min-width: 0px) and (max-width: 480px) 480px, (min-width: 481px) and (max-width: 980px) 980px, (min-width: 981px) 1024px, 100vw\" \/><\/p>\n<p>Nada mas llegar al recinto se ha proyectado un video donde se explica de forma exhaustiva el proceso constructivo del domen de Menga y se ha destacado su complejidad para la \u00e9poca, as\u00ed como la particularidad de su orientaci\u00f3n hacia el noroeste, algo totalmente an\u00f3malo en el contexto cultural en el que se sit\u00faa.&nbsp;<\/p>\n\n\t\t<style type=\"text\/css\">\n\t\t\t#gallery-1 {\n\t\t\t\tmargin: auto;\n\t\t\t}\n\t\t\t#gallery-1 .gallery-item {\n\t\t\t\tfloat: left;\n\t\t\t\tmargin-top: 10px;\n\t\t\t\ttext-align: center;\n\t\t\t\twidth: 50%;\n\t\t\t}\n\t\t\t#gallery-1 img {\n\t\t\t\tborder: 2px solid #cfcfcf;\n\t\t\t}\n\t\t\t#gallery-1 .gallery-caption {\n\t\t\t\tmargin-left: 0;\n\t\t\t}\n\t\t\t\/* see gallery_shortcode() in wp-includes\/media.php *\/\n\t\t<\/style>\n\t\t<div id='gallery-1' class='gallery galleryid-1653 gallery-columns-2 gallery-size-large'><dl class='gallery-item'>\n\t\t\t<dt class='gallery-icon landscape'>\n\t\t\t\t<a href='https:\/\/blogsaverroes.juntadeandalucia.es\/ceip-maestro-jose-duran\/1653-2\/20231212_094146\/'><img loading=\"lazy\" decoding=\"async\" width=\"1024\" height=\"768\" src=\"https:\/\/blogsaverroes.juntadeandalucia.es\/ceip-maestro-jose-duran\/files\/2023\/12\/20231212_094146-1024x768.jpg\" class=\"attachment-large size-large\" alt=\"\" srcset=\"https:\/\/blogsaverroes.juntadeandalucia.es\/ceip-maestro-jose-duran\/files\/2023\/12\/20231212_094146-980x735.jpg 980w, https:\/\/blogsaverroes.juntadeandalucia.es\/ceip-maestro-jose-duran\/files\/2023\/12\/20231212_094146-480x360.jpg 480w\" sizes=\"(min-width: 0px) and (max-width: 480px) 480px, (min-width: 481px) and (max-width: 980px) 980px, (min-width: 981px) 1024px, 100vw\" \/><\/a>\n\t\t\t<\/dt><\/dl><dl class='gallery-item'>\n\t\t\t<dt class='gallery-icon landscape'>\n\t\t\t\t<a href='https:\/\/blogsaverroes.juntadeandalucia.es\/ceip-maestro-jose-duran\/1653-2\/20231212_100352\/'><img loading=\"lazy\" decoding=\"async\" width=\"1024\" height=\"768\" src=\"https:\/\/blogsaverroes.juntadeandalucia.es\/ceip-maestro-jose-duran\/files\/2023\/12\/20231212_100352-1024x768.jpg\" class=\"attachment-large size-large\" alt=\"\" srcset=\"https:\/\/blogsaverroes.juntadeandalucia.es\/ceip-maestro-jose-duran\/files\/2023\/12\/20231212_100352-980x735.jpg 980w, https:\/\/blogsaverroes.juntadeandalucia.es\/ceip-maestro-jose-duran\/files\/2023\/12\/20231212_100352-480x360.jpg 480w\" sizes=\"(min-width: 0px) and (max-width: 480px) 480px, (min-width: 481px) and (max-width: 980px) 980px, (min-width: 981px) 1024px, 100vw\" \/><\/a>\n\t\t\t<\/dt><\/dl><br style=\"clear: both\" \/>\n\t\t<\/div>\n\n<p>Despu\u00e9s de escuchar todas estas interesantes explicaciones por parte de las gu\u00edas, se ha procedido a la visita de los dos d\u00f3lmenes que est\u00e1n presentes en este recinto.<\/p>\n\n\t\t<style type=\"text\/css\">\n\t\t\t#gallery-2 {\n\t\t\t\tmargin: auto;\n\t\t\t}\n\t\t\t#gallery-2 .gallery-item {\n\t\t\t\tfloat: left;\n\t\t\t\tmargin-top: 10px;\n\t\t\t\ttext-align: center;\n\t\t\t\twidth: 50%;\n\t\t\t}\n\t\t\t#gallery-2 img {\n\t\t\t\tborder: 2px solid #cfcfcf;\n\t\t\t}\n\t\t\t#gallery-2 .gallery-caption {\n\t\t\t\tmargin-left: 0;\n\t\t\t}\n\t\t\t\/* see gallery_shortcode() in wp-includes\/media.php *\/\n\t\t<\/style>\n\t\t<div id='gallery-2' class='gallery galleryid-1653 gallery-columns-2 gallery-size-large'><dl class='gallery-item'>\n\t\t\t<dt class='gallery-icon portrait'>\n\t\t\t\t<a href='https:\/\/blogsaverroes.juntadeandalucia.es\/ceip-maestro-jose-duran\/1653-2\/20231212_104343\/'><img loading=\"lazy\" decoding=\"async\" width=\"768\" height=\"1024\" src=\"https:\/\/blogsaverroes.juntadeandalucia.es\/ceip-maestro-jose-duran\/files\/2023\/12\/20231212_104343-768x1024.jpg\" class=\"attachment-large size-large\" alt=\"\" \/><\/a>\n\t\t\t<\/dt><\/dl><dl class='gallery-item'>\n\t\t\t<dt class='gallery-icon portrait'>\n\t\t\t\t<a href='https:\/\/blogsaverroes.juntadeandalucia.es\/ceip-maestro-jose-duran\/1653-2\/foto-de-maripaz-1\/'><img loading=\"lazy\" decoding=\"async\" width=\"768\" height=\"1024\" src=\"https:\/\/blogsaverroes.juntadeandalucia.es\/ceip-maestro-jose-duran\/files\/2023\/12\/Foto-de-Maripaz-1-768x1024.jpg\" class=\"attachment-large size-large\" alt=\"\" \/><\/a>\n\t\t\t<\/dt><\/dl><br style=\"clear: both\" \/><dl class='gallery-item'>\n\t\t\t<dt class='gallery-icon landscape'>\n\t\t\t\t<a href='https:\/\/blogsaverroes.juntadeandalucia.es\/ceip-maestro-jose-duran\/1653-2\/20231212_102332\/'><img loading=\"lazy\" decoding=\"async\" width=\"1024\" height=\"768\" src=\"https:\/\/blogsaverroes.juntadeandalucia.es\/ceip-maestro-jose-duran\/files\/2023\/12\/20231212_102332-1024x768.jpg\" class=\"attachment-large size-large\" alt=\"\" srcset=\"https:\/\/blogsaverroes.juntadeandalucia.es\/ceip-maestro-jose-duran\/files\/2023\/12\/20231212_102332-980x735.jpg 980w, https:\/\/blogsaverroes.juntadeandalucia.es\/ceip-maestro-jose-duran\/files\/2023\/12\/20231212_102332-480x360.jpg 480w\" sizes=\"(min-width: 0px) and (max-width: 480px) 480px, (min-width: 481px) and (max-width: 980px) 980px, (min-width: 981px) 1024px, 100vw\" \/><\/a>\n\t\t\t<\/dt><\/dl><dl class='gallery-item'>\n\t\t\t<dt class='gallery-icon landscape'>\n\t\t\t\t<a href='https:\/\/blogsaverroes.juntadeandalucia.es\/ceip-maestro-jose-duran\/1653-2\/20231212_103004\/'><img loading=\"lazy\" decoding=\"async\" width=\"1024\" height=\"768\" src=\"https:\/\/blogsaverroes.juntadeandalucia.es\/ceip-maestro-jose-duran\/files\/2023\/12\/20231212_103004-1024x768.jpg\" class=\"attachment-large size-large\" alt=\"\" srcset=\"https:\/\/blogsaverroes.juntadeandalucia.es\/ceip-maestro-jose-duran\/files\/2023\/12\/20231212_103004-980x735.jpg 980w, https:\/\/blogsaverroes.juntadeandalucia.es\/ceip-maestro-jose-duran\/files\/2023\/12\/20231212_103004-480x360.jpg 480w\" sizes=\"(min-width: 0px) and (max-width: 480px) 480px, (min-width: 481px) and (max-width: 980px) 980px, (min-width: 981px) 1024px, 100vw\" \/><\/a>\n\t\t\t<\/dt><\/dl><br style=\"clear: both\" \/>\n\t\t<\/div>\n\n<p>Esta visita cultural ha continuado en el museo de Antequera, donde adem\u00e1s de conocer las costumbres y utensilios de la prehistoria hemos conocido a &#8220;Paquito&#8221;, el hombre m\u00e1s antiguo que se ha encontrado en Antequera.<\/p>\n\n\t\t<style type=\"text\/css\">\n\t\t\t#gallery-3 {\n\t\t\t\tmargin: auto;\n\t\t\t}\n\t\t\t#gallery-3 .gallery-item {\n\t\t\t\tfloat: left;\n\t\t\t\tmargin-top: 10px;\n\t\t\t\ttext-align: center;\n\t\t\t\twidth: 50%;\n\t\t\t}\n\t\t\t#gallery-3 img {\n\t\t\t\tborder: 2px solid #cfcfcf;\n\t\t\t}\n\t\t\t#gallery-3 .gallery-caption {\n\t\t\t\tmargin-left: 0;\n\t\t\t}\n\t\t\t\/* see gallery_shortcode() in wp-includes\/media.php *\/\n\t\t<\/style>\n\t\t<div id='gallery-3' class='gallery galleryid-1653 gallery-columns-2 gallery-size-large'><dl class='gallery-item'>\n\t\t\t<dt class='gallery-icon landscape'>\n\t\t\t\t<a href='https:\/\/blogsaverroes.juntadeandalucia.es\/ceip-maestro-jose-duran\/1653-2\/20231212_120618\/'><img loading=\"lazy\" decoding=\"async\" width=\"1024\" height=\"768\" src=\"https:\/\/blogsaverroes.juntadeandalucia.es\/ceip-maestro-jose-duran\/files\/2023\/12\/20231212_120618-1024x768.jpg\" class=\"attachment-large size-large\" alt=\"\" srcset=\"https:\/\/blogsaverroes.juntadeandalucia.es\/ceip-maestro-jose-duran\/files\/2023\/12\/20231212_120618-980x735.jpg 980w, https:\/\/blogsaverroes.juntadeandalucia.es\/ceip-maestro-jose-duran\/files\/2023\/12\/20231212_120618-480x360.jpg 480w\" sizes=\"(min-width: 0px) and (max-width: 480px) 480px, (min-width: 481px) and (max-width: 980px) 980px, (min-width: 981px) 1024px, 100vw\" \/><\/a>\n\t\t\t<\/dt><\/dl><dl class='gallery-item'>\n\t\t\t<dt class='gallery-icon landscape'>\n\t\t\t\t<a href='https:\/\/blogsaverroes.juntadeandalucia.es\/ceip-maestro-jose-duran\/1653-2\/20231212_120616\/'><img loading=\"lazy\" decoding=\"async\" width=\"1024\" height=\"768\" src=\"https:\/\/blogsaverroes.juntadeandalucia.es\/ceip-maestro-jose-duran\/files\/2023\/12\/20231212_120616-1024x768.jpg\" class=\"attachment-large size-large\" alt=\"\" srcset=\"https:\/\/blogsaverroes.juntadeandalucia.es\/ceip-maestro-jose-duran\/files\/2023\/12\/20231212_120616-980x735.jpg 980w, https:\/\/blogsaverroes.juntadeandalucia.es\/ceip-maestro-jose-duran\/files\/2023\/12\/20231212_120616-480x360.jpg 480w\" sizes=\"(min-width: 0px) and (max-width: 480px) 480px, (min-width: 481px) and (max-width: 980px) 980px, (min-width: 981px) 1024px, 100vw\" \/><\/a>\n\t\t\t<\/dt><\/dl><br style=\"clear: both\" \/>\n\t\t<\/div>\n\n<p><img loading=\"lazy\" decoding=\"async\" class=\"aligncenter size-large wp-image-1666\" src=\"https:\/\/blogsaverroes.juntadeandalucia.es\/ceip-maestro-jose-duran\/files\/2023\/12\/20231212_121748-1024x768.jpg\" alt=\"\" width=\"1024\" height=\"768\" srcset=\"https:\/\/blogsaverroes.juntadeandalucia.es\/ceip-maestro-jose-duran\/files\/2023\/12\/20231212_121748-980x735.jpg 980w, https:\/\/blogsaverroes.juntadeandalucia.es\/ceip-maestro-jose-duran\/files\/2023\/12\/20231212_121748-480x360.jpg 480w\" sizes=\"(min-width: 0px) and (max-width: 480px) 480px, (min-width: 481px) and (max-width: 980px) 980px, (min-width: 981px) 1024px, 100vw\" \/><\/p>\n<p>Despu\u00e9s hemos pasado a conocer el estilo de vida y como se organizaba la sociedad en la \u00e9poca de los romanos, los mosaicos con los que decoraban sus casas y los utensilios que empleaban en su vida diaria y en ocasiones especiales, como los lagrimales. Tambi\u00e9n nos ha impresionado el columbario monumental de Acilia Plecusa, del siglo II d.C., una esclava que pas\u00f3 a ser se\u00f1ora en la ciudad de Singilia Barba.<\/p>\n\n\t\t<style type=\"text\/css\">\n\t\t\t#gallery-4 {\n\t\t\t\tmargin: auto;\n\t\t\t}\n\t\t\t#gallery-4 .gallery-item {\n\t\t\t\tfloat: left;\n\t\t\t\tmargin-top: 10px;\n\t\t\t\ttext-align: center;\n\t\t\t\twidth: 50%;\n\t\t\t}\n\t\t\t#gallery-4 img {\n\t\t\t\tborder: 2px solid #cfcfcf;\n\t\t\t}\n\t\t\t#gallery-4 .gallery-caption {\n\t\t\t\tmargin-left: 0;\n\t\t\t}\n\t\t\t\/* see gallery_shortcode() in wp-includes\/media.php *\/\n\t\t<\/style>\n\t\t<div id='gallery-4' class='gallery galleryid-1653 gallery-columns-2 gallery-size-large'><dl class='gallery-item'>\n\t\t\t<dt class='gallery-icon portrait'>\n\t\t\t\t<a href='https:\/\/blogsaverroes.juntadeandalucia.es\/ceip-maestro-jose-duran\/1653-2\/20231212_123814\/'><img loading=\"lazy\" decoding=\"async\" width=\"768\" height=\"1024\" src=\"https:\/\/blogsaverroes.juntadeandalucia.es\/ceip-maestro-jose-duran\/files\/2023\/12\/20231212_123814-768x1024.jpg\" class=\"attachment-large size-large\" alt=\"\" \/><\/a>\n\t\t\t<\/dt><\/dl><dl class='gallery-item'>\n\t\t\t<dt class='gallery-icon landscape'>\n\t\t\t\t<a href='https:\/\/blogsaverroes.juntadeandalucia.es\/ceip-maestro-jose-duran\/1653-2\/20231212_123911\/'><img loading=\"lazy\" decoding=\"async\" width=\"1024\" height=\"768\" src=\"https:\/\/blogsaverroes.juntadeandalucia.es\/ceip-maestro-jose-duran\/files\/2023\/12\/20231212_123911-1024x768.jpg\" class=\"attachment-large size-large\" alt=\"\" srcset=\"https:\/\/blogsaverroes.juntadeandalucia.es\/ceip-maestro-jose-duran\/files\/2023\/12\/20231212_123911-980x735.jpg 980w, https:\/\/blogsaverroes.juntadeandalucia.es\/ceip-maestro-jose-duran\/files\/2023\/12\/20231212_123911-480x360.jpg 480w\" sizes=\"(min-width: 0px) and (max-width: 480px) 480px, (min-width: 481px) and (max-width: 980px) 980px, (min-width: 981px) 1024px, 100vw\" \/><\/a>\n\t\t\t<\/dt><\/dl><br style=\"clear: both\" \/>\n\t\t<\/div>\n\n<p>La visita ha terminado con la escultura romana de bronce que representa a un adolescente, declarado Bien de Inter\u00e9s Cultural por la Junta de Andaluc\u00eda, el &#8220;Efebo&#8221;. Todos hemos buscado el golpe que tiene en la espalda que le di\u00f3 alguien mientras cavaba en el campo con una azada. Gracias a este suceso se pudo desenterrar y podemos disfrutar de esta escultura en el museo.<\/p>\n\n\t\t<style type=\"text\/css\">\n\t\t\t#gallery-5 {\n\t\t\t\tmargin: auto;\n\t\t\t}\n\t\t\t#gallery-5 .gallery-item {\n\t\t\t\tfloat: left;\n\t\t\t\tmargin-top: 10px;\n\t\t\t\ttext-align: center;\n\t\t\t\twidth: 50%;\n\t\t\t}\n\t\t\t#gallery-5 img {\n\t\t\t\tborder: 2px solid #cfcfcf;\n\t\t\t}\n\t\t\t#gallery-5 .gallery-caption {\n\t\t\t\tmargin-left: 0;\n\t\t\t}\n\t\t\t\/* see gallery_shortcode() in wp-includes\/media.php *\/\n\t\t<\/style>\n\t\t<div id='gallery-5' class='gallery galleryid-1653 gallery-columns-2 gallery-size-large'><dl class='gallery-item'>\n\t\t\t<dt class='gallery-icon landscape'>\n\t\t\t\t<a href='https:\/\/blogsaverroes.juntadeandalucia.es\/ceip-maestro-jose-duran\/1653-2\/20231212_125536\/'><img loading=\"lazy\" decoding=\"async\" width=\"1024\" height=\"768\" src=\"https:\/\/blogsaverroes.juntadeandalucia.es\/ceip-maestro-jose-duran\/files\/2023\/12\/20231212_125536-1024x768.jpg\" class=\"attachment-large size-large\" alt=\"\" srcset=\"https:\/\/blogsaverroes.juntadeandalucia.es\/ceip-maestro-jose-duran\/files\/2023\/12\/20231212_125536-980x735.jpg 980w, https:\/\/blogsaverroes.juntadeandalucia.es\/ceip-maestro-jose-duran\/files\/2023\/12\/20231212_125536-480x360.jpg 480w\" sizes=\"(min-width: 0px) and (max-width: 480px) 480px, (min-width: 481px) and (max-width: 980px) 980px, (min-width: 981px) 1024px, 100vw\" \/><\/a>\n\t\t\t<\/dt><\/dl><dl class='gallery-item'>\n\t\t\t<dt class='gallery-icon landscape'>\n\t\t\t\t<a href='https:\/\/blogsaverroes.juntadeandalucia.es\/ceip-maestro-jose-duran\/1653-2\/20231212_125747\/'><img loading=\"lazy\" decoding=\"async\" width=\"1024\" height=\"768\" src=\"https:\/\/blogsaverroes.juntadeandalucia.es\/ceip-maestro-jose-duran\/files\/2023\/12\/20231212_125747-1024x768.jpg\" class=\"attachment-large size-large\" alt=\"\" srcset=\"https:\/\/blogsaverroes.juntadeandalucia.es\/ceip-maestro-jose-duran\/files\/2023\/12\/20231212_125747-980x735.jpg 980w, https:\/\/blogsaverroes.juntadeandalucia.es\/ceip-maestro-jose-duran\/files\/2023\/12\/20231212_125747-480x360.jpg 480w\" sizes=\"(min-width: 0px) and (max-width: 480px) 480px, (min-width: 481px) and (max-width: 980px) 980px, (min-width: 981px) 1024px, 100vw\" \/><\/a>\n\t\t\t<\/dt><\/dl><br style=\"clear: both\" \/><dl class='gallery-item'>\n\t\t\t<dt class='gallery-icon landscape'>\n\t\t\t\t<a href='https:\/\/blogsaverroes.juntadeandalucia.es\/ceip-maestro-jose-duran\/1653-2\/20231212_125853\/'><img loading=\"lazy\" decoding=\"async\" width=\"1024\" height=\"768\" src=\"https:\/\/blogsaverroes.juntadeandalucia.es\/ceip-maestro-jose-duran\/files\/2023\/12\/20231212_125853-1024x768.jpg\" class=\"attachment-large size-large\" alt=\"\" srcset=\"https:\/\/blogsaverroes.juntadeandalucia.es\/ceip-maestro-jose-duran\/files\/2023\/12\/20231212_125853-980x735.jpg 980w, https:\/\/blogsaverroes.juntadeandalucia.es\/ceip-maestro-jose-duran\/files\/2023\/12\/20231212_125853-480x360.jpg 480w\" sizes=\"(min-width: 0px) and (max-width: 480px) 480px, (min-width: 481px) and (max-width: 980px) 980px, (min-width: 981px) 1024px, 100vw\" \/><\/a>\n\t\t\t<\/dt><\/dl><dl class='gallery-item'>\n\t\t\t<dt class='gallery-icon landscape'>\n\t\t\t\t<a href='https:\/\/blogsaverroes.juntadeandalucia.es\/ceip-maestro-jose-duran\/1653-2\/20231212_130009\/'><img loading=\"lazy\" decoding=\"async\" width=\"1024\" height=\"768\" src=\"https:\/\/blogsaverroes.juntadeandalucia.es\/ceip-maestro-jose-duran\/files\/2023\/12\/20231212_130009-1024x768.jpg\" class=\"attachment-large size-large\" alt=\"\" srcset=\"https:\/\/blogsaverroes.juntadeandalucia.es\/ceip-maestro-jose-duran\/files\/2023\/12\/20231212_130009-980x735.jpg 980w, https:\/\/blogsaverroes.juntadeandalucia.es\/ceip-maestro-jose-duran\/files\/2023\/12\/20231212_130009-480x360.jpg 480w\" sizes=\"(min-width: 0px) and (max-width: 480px) 480px, (min-width: 481px) and (max-width: 980px) 980px, (min-width: 981px) 1024px, 100vw\" \/><\/a>\n\t\t\t<\/dt><\/dl><br style=\"clear: both\" \/>\n\t\t<\/div>\n\n<p>&nbsp;<\/p>\n","protected":false},"excerpt":{"rendered":"<p>El 12 de diciembre el alumnado de segundo ciclo y de 5\u00ba de primaria ha visitado el conjunto arqueol\u00f3gico d\u00f3lmenes de Antequera, declarado patrimonio mundial de la Unesco en 2016. Este conjunto lo conforman los D\u00f3lmenes de Menga, Viera y El Romeral &nbsp;y es considerado como uno de los mejores y m\u00e1s conocidos exponentes del [&hellip;]<\/p>\n","protected":false},"author":11212,"featured_media":1655,"comment_status":"closed","ping_status":"open","sticky":false,"template":"","format":"standard","meta":{"_et_pb_use_builder":"","_et_pb_old_content":"","_et_gb_content_width":"","ngg_post_thumbnail":0,"footnotes":""},"categories":[11,8,21],"tags":[],"aioseo_notices":[],"_links":{"self":[{"href":"https:\/\/blogsaverroes.juntadeandalucia.es\/ceip-maestro-jose-duran\/wp-json\/wp\/v2\/posts\/1653"}],"collection":[{"href":"https:\/\/blogsaverroes.juntadeandalucia.es\/ceip-maestro-jose-duran\/wp-json\/wp\/v2\/posts"}],"about":[{"href":"https:\/\/blogsaverroes.juntadeandalucia.es\/ceip-maestro-jose-duran\/wp-json\/wp\/v2\/types\/post"}],"author":[{"embeddable":true,"href":"https:\/\/blogsaverroes.juntadeandalucia.es\/ceip-maestro-jose-duran\/wp-json\/wp\/v2\/users\/11212"}],"replies":[{"embeddable":true,"href":"https:\/\/blogsaverroes.juntadeandalucia.es\/ceip-maestro-jose-duran\/wp-json\/wp\/v2\/comments?post=1653"}],"version-history":[{"count":6,"href":"https:\/\/blogsaverroes.juntadeandalucia.es\/ceip-maestro-jose-duran\/wp-json\/wp\/v2\/posts\/1653\/revisions"}],"predecessor-version":[{"id":1702,"href":"https:\/\/blogsaverroes.juntadeandalucia.es\/ceip-maestro-jose-duran\/wp-json\/wp\/v2\/posts\/1653\/revisions\/1702"}],"wp:featuredmedia":[{"embeddable":true,"href":"https:\/\/blogsaverroes.juntadeandalucia.es\/ceip-maestro-jose-duran\/wp-json\/wp\/v2\/media\/1655"}],"wp:attachment":[{"href":"https:\/\/blogsaverroes.juntadeandalucia.es\/ceip-maestro-jose-duran\/wp-json\/wp\/v2\/media?parent=1653"}],"wp:term":[{"taxonomy":"category","embeddable":true,"href":"https:\/\/blogsaverroes.juntadeandalucia.es\/ceip-maestro-jose-duran\/wp-json\/wp\/v2\/categories?post=1653"},{"taxonomy":"post_tag","embeddable":true,"href":"https:\/\/blogsaverroes.juntadeandalucia.es\/ceip-maestro-jose-duran\/wp-json\/wp\/v2\/tags?post=1653"}],"curies":[{"name":"wp","href":"https:\/\/api.w.org\/{rel}","templated":true}]}}