{"id":2522,"date":"2025-03-28T12:30:57","date_gmt":"2025-03-28T11:30:57","guid":{"rendered":"https:\/\/blogsaverroes.juntadeandalucia.es\/ceip-maestro-jose-duran\/?p=2522"},"modified":"2025-04-06T13:51:39","modified_gmt":"2025-04-06T12:51:39","slug":"excursion-a-sevilla","status":"publish","type":"post","link":"https:\/\/blogsaverroes.juntadeandalucia.es\/ceip-maestro-jose-duran\/excursion-a-sevilla\/","title":{"rendered":"Excursi\u00f3n a Sevilla"},"content":{"rendered":"<p class=\"\" data-start=\"103\" data-end=\"290\">El pasado <strong data-start=\"113\" data-end=\"128\">27 de marzo<\/strong>, el alumnado de <strong data-start=\"145\" data-end=\"174\">2\u00ba ciclo y 5\u00ba de primaria<\/strong> tuvo la oportunidad de descubrir la magia de <strong data-start=\"220\" data-end=\"231\">Sevilla<\/strong> en una excursi\u00f3n llena de historia, cultura y diversi\u00f3n.<\/p>\n<p class=\"\" data-start=\"292\" data-end=\"601\">Nuestra primera parada fue el <strong data-start=\"322\" data-end=\"349\">Real Alc\u00e1zar de Sevilla<\/strong>, donde nos adentramos en sus impresionantes palacios y jardines, imaginando las historias que han ocurrido entre sus muros. Despu\u00e9s, nos perdimos por las encantadoras calles del <strong data-start=\"528\" data-end=\"552\">barrio de Santa Cruz<\/strong>, descubriendo sus rincones llenos de leyendas.<\/p>\n\n\t\t<style type=\"text\/css\">\n\t\t\t#gallery-1 {\n\t\t\t\tmargin: auto;\n\t\t\t}\n\t\t\t#gallery-1 .gallery-item {\n\t\t\t\tfloat: left;\n\t\t\t\tmargin-top: 10px;\n\t\t\t\ttext-align: center;\n\t\t\t\twidth: 50%;\n\t\t\t}\n\t\t\t#gallery-1 img {\n\t\t\t\tborder: 2px solid #cfcfcf;\n\t\t\t}\n\t\t\t#gallery-1 .gallery-caption {\n\t\t\t\tmargin-left: 0;\n\t\t\t}\n\t\t\t\/* see gallery_shortcode() in wp-includes\/media.php *\/\n\t\t<\/style>\n\t\t<div id='gallery-1' class='gallery galleryid-2522 gallery-columns-2 gallery-size-large'><dl class='gallery-item'>\n\t\t\t<dt class='gallery-icon portrait'>\n\t\t\t\t<a href='https:\/\/blogsaverroes.juntadeandalucia.es\/ceip-maestro-jose-duran\/excursion-a-sevilla\/img-20250328-wa0002\/'><img loading=\"lazy\" decoding=\"async\" width=\"768\" height=\"1024\" src=\"https:\/\/blogsaverroes.juntadeandalucia.es\/ceip-maestro-jose-duran\/files\/2025\/04\/IMG-20250328-WA0002-768x1024.jpg\" class=\"attachment-large size-large\" alt=\"\" \/><\/a>\n\t\t\t<\/dt><\/dl><dl class='gallery-item'>\n\t\t\t<dt class='gallery-icon portrait'>\n\t\t\t\t<a href='https:\/\/blogsaverroes.juntadeandalucia.es\/ceip-maestro-jose-duran\/excursion-a-sevilla\/20250327_114638\/'><img loading=\"lazy\" decoding=\"async\" width=\"768\" height=\"1024\" src=\"https:\/\/blogsaverroes.juntadeandalucia.es\/ceip-maestro-jose-duran\/files\/2025\/04\/20250327_114638-768x1024.jpg\" class=\"attachment-large size-large\" alt=\"\" \/><\/a>\n\t\t\t<\/dt><\/dl><br style=\"clear: both\" \/><dl class='gallery-item'>\n\t\t\t<dt class='gallery-icon portrait'>\n\t\t\t\t<a href='https:\/\/blogsaverroes.juntadeandalucia.es\/ceip-maestro-jose-duran\/excursion-a-sevilla\/20250327_114635\/'><img loading=\"lazy\" decoding=\"async\" width=\"768\" height=\"1024\" src=\"https:\/\/blogsaverroes.juntadeandalucia.es\/ceip-maestro-jose-duran\/files\/2025\/04\/20250327_114635-768x1024.jpg\" class=\"attachment-large size-large\" alt=\"\" \/><\/a>\n\t\t\t<\/dt><\/dl><dl class='gallery-item'>\n\t\t\t<dt class='gallery-icon portrait'>\n\t\t\t\t<a href='https:\/\/blogsaverroes.juntadeandalucia.es\/ceip-maestro-jose-duran\/excursion-a-sevilla\/20250327_114414\/'><img loading=\"lazy\" decoding=\"async\" width=\"768\" height=\"1024\" src=\"https:\/\/blogsaverroes.juntadeandalucia.es\/ceip-maestro-jose-duran\/files\/2025\/04\/20250327_114414-768x1024.jpg\" class=\"attachment-large size-large\" alt=\"\" \/><\/a>\n\t\t\t<\/dt><\/dl><br style=\"clear: both\" \/>\n\t\t<\/div>\n\n<p><img loading=\"lazy\" decoding=\"async\" class=\"alignnone size-large wp-image-2532\" src=\"https:\/\/blogsaverroes.juntadeandalucia.es\/ceip-maestro-jose-duran\/files\/2025\/04\/IMG-20250328-WA0018-1024x768.jpg\" alt=\"\" width=\"1024\" height=\"768\" srcset=\"https:\/\/blogsaverroes.juntadeandalucia.es\/ceip-maestro-jose-duran\/files\/2025\/04\/IMG-20250328-WA0018-980x735.jpg 980w, https:\/\/blogsaverroes.juntadeandalucia.es\/ceip-maestro-jose-duran\/files\/2025\/04\/IMG-20250328-WA0018-480x360.jpg 480w\" sizes=\"(min-width: 0px) and (max-width: 480px) 480px, (min-width: 481px) and (max-width: 980px) 980px, (min-width: 981px) 1024px, 100vw\" \/><\/p>\n\n\t\t<style type=\"text\/css\">\n\t\t\t#gallery-2 {\n\t\t\t\tmargin: auto;\n\t\t\t}\n\t\t\t#gallery-2 .gallery-item {\n\t\t\t\tfloat: left;\n\t\t\t\tmargin-top: 10px;\n\t\t\t\ttext-align: center;\n\t\t\t\twidth: 50%;\n\t\t\t}\n\t\t\t#gallery-2 img {\n\t\t\t\tborder: 2px solid #cfcfcf;\n\t\t\t}\n\t\t\t#gallery-2 .gallery-caption {\n\t\t\t\tmargin-left: 0;\n\t\t\t}\n\t\t\t\/* see gallery_shortcode() in wp-includes\/media.php *\/\n\t\t<\/style>\n\t\t<div id='gallery-2' class='gallery galleryid-2522 gallery-columns-2 gallery-size-large'><dl class='gallery-item'>\n\t\t\t<dt class='gallery-icon portrait'>\n\t\t\t\t<a href='https:\/\/blogsaverroes.juntadeandalucia.es\/ceip-maestro-jose-duran\/excursion-a-sevilla\/img-20250328-wa0004\/'><img loading=\"lazy\" decoding=\"async\" width=\"768\" height=\"1024\" src=\"https:\/\/blogsaverroes.juntadeandalucia.es\/ceip-maestro-jose-duran\/files\/2025\/04\/IMG-20250328-WA0004-768x1024.jpg\" class=\"attachment-large size-large\" alt=\"\" \/><\/a>\n\t\t\t<\/dt><\/dl><dl class='gallery-item'>\n\t\t\t<dt class='gallery-icon portrait'>\n\t\t\t\t<a href='https:\/\/blogsaverroes.juntadeandalucia.es\/ceip-maestro-jose-duran\/excursion-a-sevilla\/img-20250328-wa0003\/'><img loading=\"lazy\" decoding=\"async\" width=\"768\" height=\"1024\" src=\"https:\/\/blogsaverroes.juntadeandalucia.es\/ceip-maestro-jose-duran\/files\/2025\/04\/IMG-20250328-WA0003-768x1024.jpg\" class=\"attachment-large size-large\" alt=\"\" \/><\/a>\n\t\t\t<\/dt><\/dl><br style=\"clear: both\" \/><dl class='gallery-item'>\n\t\t\t<dt class='gallery-icon portrait'>\n\t\t\t\t<a href='https:\/\/blogsaverroes.juntadeandalucia.es\/ceip-maestro-jose-duran\/excursion-a-sevilla\/img-20250328-wa0014\/'><img loading=\"lazy\" decoding=\"async\" width=\"768\" height=\"1024\" src=\"https:\/\/blogsaverroes.juntadeandalucia.es\/ceip-maestro-jose-duran\/files\/2025\/04\/IMG-20250328-WA0014-768x1024.jpg\" class=\"attachment-large size-large\" alt=\"\" \/><\/a>\n\t\t\t<\/dt><\/dl><dl class='gallery-item'>\n\t\t\t<dt class='gallery-icon portrait'>\n\t\t\t\t<a href='https:\/\/blogsaverroes.juntadeandalucia.es\/ceip-maestro-jose-duran\/excursion-a-sevilla\/img-20250328-wa0016\/'><img loading=\"lazy\" decoding=\"async\" width=\"768\" height=\"1024\" src=\"https:\/\/blogsaverroes.juntadeandalucia.es\/ceip-maestro-jose-duran\/files\/2025\/04\/IMG-20250328-WA0016-768x1024.jpg\" class=\"attachment-large size-large\" alt=\"\" \/><\/a>\n\t\t\t<\/dt><\/dl><br style=\"clear: both\" \/>\n\t\t<\/div>\n\n\n\t\t<style type=\"text\/css\">\n\t\t\t#gallery-3 {\n\t\t\t\tmargin: auto;\n\t\t\t}\n\t\t\t#gallery-3 .gallery-item {\n\t\t\t\tfloat: left;\n\t\t\t\tmargin-top: 10px;\n\t\t\t\ttext-align: center;\n\t\t\t\twidth: 50%;\n\t\t\t}\n\t\t\t#gallery-3 img {\n\t\t\t\tborder: 2px solid #cfcfcf;\n\t\t\t}\n\t\t\t#gallery-3 .gallery-caption {\n\t\t\t\tmargin-left: 0;\n\t\t\t}\n\t\t\t\/* see gallery_shortcode() in wp-includes\/media.php *\/\n\t\t<\/style>\n\t\t<div id='gallery-3' class='gallery galleryid-2522 gallery-columns-2 gallery-size-large'><dl class='gallery-item'>\n\t\t\t<dt class='gallery-icon landscape'>\n\t\t\t\t<a href='https:\/\/blogsaverroes.juntadeandalucia.es\/ceip-maestro-jose-duran\/excursion-a-sevilla\/img-20250327-wa0004\/'><img loading=\"lazy\" decoding=\"async\" width=\"1024\" height=\"768\" src=\"https:\/\/blogsaverroes.juntadeandalucia.es\/ceip-maestro-jose-duran\/files\/2025\/04\/IMG-20250327-WA0004-1024x768.jpg\" class=\"attachment-large size-large\" alt=\"\" srcset=\"https:\/\/blogsaverroes.juntadeandalucia.es\/ceip-maestro-jose-duran\/files\/2025\/04\/IMG-20250327-WA0004-980x735.jpg 980w, https:\/\/blogsaverroes.juntadeandalucia.es\/ceip-maestro-jose-duran\/files\/2025\/04\/IMG-20250327-WA0004-480x360.jpg 480w\" sizes=\"(min-width: 0px) and (max-width: 480px) 480px, (min-width: 481px) and (max-width: 980px) 980px, (min-width: 981px) 1024px, 100vw\" \/><\/a>\n\t\t\t<\/dt><\/dl><dl class='gallery-item'>\n\t\t\t<dt class='gallery-icon landscape'>\n\t\t\t\t<a href='https:\/\/blogsaverroes.juntadeandalucia.es\/ceip-maestro-jose-duran\/excursion-a-sevilla\/img-20250328-wa0006\/'><img loading=\"lazy\" decoding=\"async\" width=\"1024\" height=\"768\" src=\"https:\/\/blogsaverroes.juntadeandalucia.es\/ceip-maestro-jose-duran\/files\/2025\/04\/IMG-20250328-WA0006-1024x768.jpg\" class=\"attachment-large size-large\" alt=\"\" srcset=\"https:\/\/blogsaverroes.juntadeandalucia.es\/ceip-maestro-jose-duran\/files\/2025\/04\/IMG-20250328-WA0006-980x735.jpg 980w, https:\/\/blogsaverroes.juntadeandalucia.es\/ceip-maestro-jose-duran\/files\/2025\/04\/IMG-20250328-WA0006-480x360.jpg 480w\" sizes=\"(min-width: 0px) and (max-width: 480px) 480px, (min-width: 481px) and (max-width: 980px) 980px, (min-width: 981px) 1024px, 100vw\" \/><\/a>\n\t\t\t<\/dt><\/dl><br style=\"clear: both\" \/><dl class='gallery-item'>\n\t\t\t<dt class='gallery-icon portrait'>\n\t\t\t\t<a href='https:\/\/blogsaverroes.juntadeandalucia.es\/ceip-maestro-jose-duran\/excursion-a-sevilla\/img-20250328-wa0005\/'><img loading=\"lazy\" decoding=\"async\" width=\"768\" height=\"1024\" src=\"https:\/\/blogsaverroes.juntadeandalucia.es\/ceip-maestro-jose-duran\/files\/2025\/04\/IMG-20250328-WA0005-768x1024.jpg\" class=\"attachment-large size-large\" alt=\"\" \/><\/a>\n\t\t\t<\/dt><\/dl><dl class='gallery-item'>\n\t\t\t<dt class='gallery-icon portrait'>\n\t\t\t\t<a href='https:\/\/blogsaverroes.juntadeandalucia.es\/ceip-maestro-jose-duran\/excursion-a-sevilla\/img-20250328-wa0007\/'><img loading=\"lazy\" decoding=\"async\" width=\"768\" height=\"1024\" src=\"https:\/\/blogsaverroes.juntadeandalucia.es\/ceip-maestro-jose-duran\/files\/2025\/04\/IMG-20250328-WA0007-768x1024.jpg\" class=\"attachment-large size-large\" alt=\"\" \/><\/a>\n\t\t\t<\/dt><\/dl><br style=\"clear: both\" \/>\n\t\t<\/div>\n\n<p class=\"\" data-start=\"603\" data-end=\"1059\">Continuamos la visita con la majestuosidad de la <strong data-start=\"652\" data-end=\"675\">Catedral de Sevilla<\/strong> y su imponente <strong data-start=\"691\" data-end=\"702\">Giralda<\/strong>, una de las torres m\u00e1s emblem\u00e1ticas de la ciudad. M\u00e1s tarde, disfrutamos de la naturaleza y el aire libre en el <strong data-start=\"845\" data-end=\"870\">Parque de Mar\u00eda Luisa<\/strong>, donde hicimos una parada especial en la <strong data-start=\"912\" data-end=\"931\">Plaza de Espa\u00f1a<\/strong>. All\u00ed, entre sus bancos decorados con azulejos y su gran canal, descansamos y almorzamos rodeados de un entorno espectacular.<\/p>\n\n\t\t<style type=\"text\/css\">\n\t\t\t#gallery-4 {\n\t\t\t\tmargin: auto;\n\t\t\t}\n\t\t\t#gallery-4 .gallery-item {\n\t\t\t\tfloat: left;\n\t\t\t\tmargin-top: 10px;\n\t\t\t\ttext-align: center;\n\t\t\t\twidth: 50%;\n\t\t\t}\n\t\t\t#gallery-4 img {\n\t\t\t\tborder: 2px solid #cfcfcf;\n\t\t\t}\n\t\t\t#gallery-4 .gallery-caption {\n\t\t\t\tmargin-left: 0;\n\t\t\t}\n\t\t\t\/* see gallery_shortcode() in wp-includes\/media.php *\/\n\t\t<\/style>\n\t\t<div id='gallery-4' class='gallery galleryid-2522 gallery-columns-2 gallery-size-large'><dl class='gallery-item'>\n\t\t\t<dt class='gallery-icon landscape'>\n\t\t\t\t<a href='https:\/\/blogsaverroes.juntadeandalucia.es\/ceip-maestro-jose-duran\/excursion-a-sevilla\/img-20250327-wa0010\/'><img loading=\"lazy\" decoding=\"async\" width=\"1024\" height=\"576\" src=\"https:\/\/blogsaverroes.juntadeandalucia.es\/ceip-maestro-jose-duran\/files\/2025\/04\/IMG-20250327-WA0010-1024x576.jpeg\" class=\"attachment-large size-large\" alt=\"\" srcset=\"https:\/\/blogsaverroes.juntadeandalucia.es\/ceip-maestro-jose-duran\/files\/2025\/04\/IMG-20250327-WA0010-980x551.jpeg 980w, https:\/\/blogsaverroes.juntadeandalucia.es\/ceip-maestro-jose-duran\/files\/2025\/04\/IMG-20250327-WA0010-480x270.jpeg 480w\" sizes=\"(min-width: 0px) and (max-width: 480px) 480px, (min-width: 481px) and (max-width: 980px) 980px, (min-width: 981px) 1024px, 100vw\" \/><\/a>\n\t\t\t<\/dt><\/dl><dl class='gallery-item'>\n\t\t\t<dt class='gallery-icon landscape'>\n\t\t\t\t<a href='https:\/\/blogsaverroes.juntadeandalucia.es\/ceip-maestro-jose-duran\/excursion-a-sevilla\/img-20250327-wa0053\/'><img loading=\"lazy\" decoding=\"async\" width=\"1024\" height=\"768\" src=\"https:\/\/blogsaverroes.juntadeandalucia.es\/ceip-maestro-jose-duran\/files\/2025\/04\/IMG-20250327-WA0053-1024x768.jpg\" class=\"attachment-large size-large\" alt=\"\" srcset=\"https:\/\/blogsaverroes.juntadeandalucia.es\/ceip-maestro-jose-duran\/files\/2025\/04\/IMG-20250327-WA0053-980x735.jpg 980w, https:\/\/blogsaverroes.juntadeandalucia.es\/ceip-maestro-jose-duran\/files\/2025\/04\/IMG-20250327-WA0053-480x360.jpg 480w\" sizes=\"(min-width: 0px) and (max-width: 480px) 480px, (min-width: 481px) and (max-width: 980px) 980px, (min-width: 981px) 1024px, 100vw\" \/><\/a>\n\t\t\t<\/dt><\/dl><br style=\"clear: both\" \/>\n\t\t<\/div>\n\n<p>&nbsp;<\/p>\n<p><img loading=\"lazy\" decoding=\"async\" class=\"size-large wp-image-2536 aligncenter\" src=\"https:\/\/blogsaverroes.juntadeandalucia.es\/ceip-maestro-jose-duran\/files\/2025\/04\/IMG-20250327-WA0048-768x1024.jpg\" alt=\"\" width=\"768\" height=\"1024\" srcset=\"https:\/\/blogsaverroes.juntadeandalucia.es\/ceip-maestro-jose-duran\/files\/2025\/04\/IMG-20250327-WA0048-768x1024.jpg 768w, https:\/\/blogsaverroes.juntadeandalucia.es\/ceip-maestro-jose-duran\/files\/2025\/04\/IMG-20250327-WA0048-480x640.jpg 480w\" sizes=\"(min-width: 0px) and (max-width: 480px) 480px, (min-width: 481px) 768px, 100vw\" \/><\/p>\n<p>&nbsp;<\/p>\n\n\t\t<style type=\"text\/css\">\n\t\t\t#gallery-5 {\n\t\t\t\tmargin: auto;\n\t\t\t}\n\t\t\t#gallery-5 .gallery-item {\n\t\t\t\tfloat: left;\n\t\t\t\tmargin-top: 10px;\n\t\t\t\ttext-align: center;\n\t\t\t\twidth: 50%;\n\t\t\t}\n\t\t\t#gallery-5 img {\n\t\t\t\tborder: 2px solid #cfcfcf;\n\t\t\t}\n\t\t\t#gallery-5 .gallery-caption {\n\t\t\t\tmargin-left: 0;\n\t\t\t}\n\t\t\t\/* see gallery_shortcode() in wp-includes\/media.php *\/\n\t\t<\/style>\n\t\t<div id='gallery-5' class='gallery galleryid-2522 gallery-columns-2 gallery-size-large'><dl class='gallery-item'>\n\t\t\t<dt class='gallery-icon landscape'>\n\t\t\t\t<a href='https:\/\/blogsaverroes.juntadeandalucia.es\/ceip-maestro-jose-duran\/excursion-a-sevilla\/img-20250328-wa0019\/'><img loading=\"lazy\" decoding=\"async\" width=\"1024\" height=\"768\" src=\"https:\/\/blogsaverroes.juntadeandalucia.es\/ceip-maestro-jose-duran\/files\/2025\/04\/IMG-20250328-WA0019-1024x768.jpg\" class=\"attachment-large size-large\" alt=\"\" srcset=\"https:\/\/blogsaverroes.juntadeandalucia.es\/ceip-maestro-jose-duran\/files\/2025\/04\/IMG-20250328-WA0019-980x735.jpg 980w, https:\/\/blogsaverroes.juntadeandalucia.es\/ceip-maestro-jose-duran\/files\/2025\/04\/IMG-20250328-WA0019-480x360.jpg 480w\" sizes=\"(min-width: 0px) and (max-width: 480px) 480px, (min-width: 481px) and (max-width: 980px) 980px, (min-width: 981px) 1024px, 100vw\" \/><\/a>\n\t\t\t<\/dt><\/dl><dl class='gallery-item'>\n\t\t\t<dt class='gallery-icon landscape'>\n\t\t\t\t<a href='https:\/\/blogsaverroes.juntadeandalucia.es\/ceip-maestro-jose-duran\/excursion-a-sevilla\/img-20250328-wa0020\/'><img loading=\"lazy\" decoding=\"async\" width=\"1024\" height=\"768\" src=\"https:\/\/blogsaverroes.juntadeandalucia.es\/ceip-maestro-jose-duran\/files\/2025\/04\/IMG-20250328-WA0020-1024x768.jpg\" class=\"attachment-large size-large\" alt=\"\" srcset=\"https:\/\/blogsaverroes.juntadeandalucia.es\/ceip-maestro-jose-duran\/files\/2025\/04\/IMG-20250328-WA0020-980x735.jpg 980w, https:\/\/blogsaverroes.juntadeandalucia.es\/ceip-maestro-jose-duran\/files\/2025\/04\/IMG-20250328-WA0020-480x360.jpg 480w\" sizes=\"(min-width: 0px) and (max-width: 480px) 480px, (min-width: 481px) and (max-width: 980px) 980px, (min-width: 981px) 1024px, 100vw\" \/><\/a>\n\t\t\t<\/dt><\/dl><br style=\"clear: both\" \/><dl class='gallery-item'>\n\t\t\t<dt class='gallery-icon landscape'>\n\t\t\t\t<a href='https:\/\/blogsaverroes.juntadeandalucia.es\/ceip-maestro-jose-duran\/excursion-a-sevilla\/img-20250328-wa0022\/'><img loading=\"lazy\" decoding=\"async\" width=\"1024\" height=\"768\" src=\"https:\/\/blogsaverroes.juntadeandalucia.es\/ceip-maestro-jose-duran\/files\/2025\/04\/IMG-20250328-WA0022-1024x768.jpg\" class=\"attachment-large size-large\" alt=\"\" srcset=\"https:\/\/blogsaverroes.juntadeandalucia.es\/ceip-maestro-jose-duran\/files\/2025\/04\/IMG-20250328-WA0022-980x735.jpg 980w, https:\/\/blogsaverroes.juntadeandalucia.es\/ceip-maestro-jose-duran\/files\/2025\/04\/IMG-20250328-WA0022-480x360.jpg 480w\" sizes=\"(min-width: 0px) and (max-width: 480px) 480px, (min-width: 481px) and (max-width: 980px) 980px, (min-width: 981px) 1024px, 100vw\" \/><\/a>\n\t\t\t<\/dt><\/dl><dl class='gallery-item'>\n\t\t\t<dt class='gallery-icon landscape'>\n\t\t\t\t<a href='https:\/\/blogsaverroes.juntadeandalucia.es\/ceip-maestro-jose-duran\/excursion-a-sevilla\/ok1\/'><img loading=\"lazy\" decoding=\"async\" width=\"1024\" height=\"768\" src=\"https:\/\/blogsaverroes.juntadeandalucia.es\/ceip-maestro-jose-duran\/files\/2025\/04\/ok1-1024x768.jpg\" class=\"attachment-large size-large\" alt=\"\" srcset=\"https:\/\/blogsaverroes.juntadeandalucia.es\/ceip-maestro-jose-duran\/files\/2025\/04\/ok1-980x735.jpg 980w, https:\/\/blogsaverroes.juntadeandalucia.es\/ceip-maestro-jose-duran\/files\/2025\/04\/ok1-480x360.jpg 480w\" sizes=\"(min-width: 0px) and (max-width: 480px) 480px, (min-width: 481px) and (max-width: 980px) 980px, (min-width: 981px) 1024px, 100vw\" \/><\/a>\n\t\t\t<\/dt><\/dl><br style=\"clear: both\" \/><dl class='gallery-item'>\n\t\t\t<dt class='gallery-icon landscape'>\n\t\t\t\t<a href='https:\/\/blogsaverroes.juntadeandalucia.es\/ceip-maestro-jose-duran\/excursion-a-sevilla\/20250327_132632\/'><img loading=\"lazy\" decoding=\"async\" width=\"1024\" height=\"768\" src=\"https:\/\/blogsaverroes.juntadeandalucia.es\/ceip-maestro-jose-duran\/files\/2025\/04\/20250327_132632-1024x768.jpg\" class=\"attachment-large size-large\" alt=\"\" srcset=\"https:\/\/blogsaverroes.juntadeandalucia.es\/ceip-maestro-jose-duran\/files\/2025\/04\/20250327_132632-980x735.jpg 980w, https:\/\/blogsaverroes.juntadeandalucia.es\/ceip-maestro-jose-duran\/files\/2025\/04\/20250327_132632-480x360.jpg 480w\" sizes=\"(min-width: 0px) and (max-width: 480px) 480px, (min-width: 481px) and (max-width: 980px) 980px, (min-width: 981px) 1024px, 100vw\" \/><\/a>\n\t\t\t<\/dt><\/dl><dl class='gallery-item'>\n\t\t\t<dt class='gallery-icon landscape'>\n\t\t\t\t<a href='https:\/\/blogsaverroes.juntadeandalucia.es\/ceip-maestro-jose-duran\/excursion-a-sevilla\/ok\/'><img loading=\"lazy\" decoding=\"async\" width=\"1024\" height=\"768\" src=\"https:\/\/blogsaverroes.juntadeandalucia.es\/ceip-maestro-jose-duran\/files\/2025\/04\/ok-1024x768.jpg\" class=\"attachment-large size-large\" alt=\"\" srcset=\"https:\/\/blogsaverroes.juntadeandalucia.es\/ceip-maestro-jose-duran\/files\/2025\/04\/ok-980x735.jpg 980w, https:\/\/blogsaverroes.juntadeandalucia.es\/ceip-maestro-jose-duran\/files\/2025\/04\/ok-480x360.jpg 480w\" sizes=\"(min-width: 0px) and (max-width: 480px) 480px, (min-width: 481px) and (max-width: 980px) 980px, (min-width: 981px) 1024px, 100vw\" \/><\/a>\n\t\t\t<\/dt><\/dl><br style=\"clear: both\" \/>\n\t\t<\/div>\n\n\n\t\t<style type=\"text\/css\">\n\t\t\t#gallery-6 {\n\t\t\t\tmargin: auto;\n\t\t\t}\n\t\t\t#gallery-6 .gallery-item {\n\t\t\t\tfloat: left;\n\t\t\t\tmargin-top: 10px;\n\t\t\t\ttext-align: center;\n\t\t\t\twidth: 50%;\n\t\t\t}\n\t\t\t#gallery-6 img {\n\t\t\t\tborder: 2px solid #cfcfcf;\n\t\t\t}\n\t\t\t#gallery-6 .gallery-caption {\n\t\t\t\tmargin-left: 0;\n\t\t\t}\n\t\t\t\/* see gallery_shortcode() in wp-includes\/media.php *\/\n\t\t<\/style>\n\t\t<div id='gallery-6' class='gallery galleryid-2522 gallery-columns-2 gallery-size-large'><dl class='gallery-item'>\n\t\t\t<dt class='gallery-icon landscape'>\n\t\t\t\t<a href='https:\/\/blogsaverroes.juntadeandalucia.es\/ceip-maestro-jose-duran\/excursion-a-sevilla\/img-20250328-wa0034\/'><img loading=\"lazy\" decoding=\"async\" width=\"1024\" height=\"768\" src=\"https:\/\/blogsaverroes.juntadeandalucia.es\/ceip-maestro-jose-duran\/files\/2025\/04\/IMG-20250328-WA0034-1024x768.jpg\" class=\"attachment-large size-large\" alt=\"\" srcset=\"https:\/\/blogsaverroes.juntadeandalucia.es\/ceip-maestro-jose-duran\/files\/2025\/04\/IMG-20250328-WA0034-980x735.jpg 980w, https:\/\/blogsaverroes.juntadeandalucia.es\/ceip-maestro-jose-duran\/files\/2025\/04\/IMG-20250328-WA0034-480x360.jpg 480w\" sizes=\"(min-width: 0px) and (max-width: 480px) 480px, (min-width: 481px) and (max-width: 980px) 980px, (min-width: 981px) 1024px, 100vw\" \/><\/a>\n\t\t\t<\/dt><\/dl><dl class='gallery-item'>\n\t\t\t<dt class='gallery-icon landscape'>\n\t\t\t\t<a href='https:\/\/blogsaverroes.juntadeandalucia.es\/ceip-maestro-jose-duran\/excursion-a-sevilla\/20250327_133826\/'><img loading=\"lazy\" decoding=\"async\" width=\"1024\" height=\"768\" src=\"https:\/\/blogsaverroes.juntadeandalucia.es\/ceip-maestro-jose-duran\/files\/2025\/04\/20250327_133826-1024x768.jpg\" class=\"attachment-large size-large\" alt=\"\" srcset=\"https:\/\/blogsaverroes.juntadeandalucia.es\/ceip-maestro-jose-duran\/files\/2025\/04\/20250327_133826-980x735.jpg 980w, https:\/\/blogsaverroes.juntadeandalucia.es\/ceip-maestro-jose-duran\/files\/2025\/04\/20250327_133826-480x360.jpg 480w\" sizes=\"(min-width: 0px) and (max-width: 480px) 480px, (min-width: 481px) and (max-width: 980px) 980px, (min-width: 981px) 1024px, 100vw\" \/><\/a>\n\t\t\t<\/dt><\/dl><br style=\"clear: both\" \/>\n\t\t<\/div>\n\n<p class=\"\" data-start=\"1061\" data-end=\"1236\">Para cerrar con broche de oro, realizamos un <strong data-start=\"1106\" data-end=\"1148\">paseo en barco por el r\u00edo Guadalquivir<\/strong>, admirando Sevilla desde una perspectiva diferente y disfrutando de la brisa del r\u00edo.<\/p>\n\n\t\t<style type=\"text\/css\">\n\t\t\t#gallery-7 {\n\t\t\t\tmargin: auto;\n\t\t\t}\n\t\t\t#gallery-7 .gallery-item {\n\t\t\t\tfloat: left;\n\t\t\t\tmargin-top: 10px;\n\t\t\t\ttext-align: center;\n\t\t\t\twidth: 50%;\n\t\t\t}\n\t\t\t#gallery-7 img {\n\t\t\t\tborder: 2px solid #cfcfcf;\n\t\t\t}\n\t\t\t#gallery-7 .gallery-caption {\n\t\t\t\tmargin-left: 0;\n\t\t\t}\n\t\t\t\/* see gallery_shortcode() in wp-includes\/media.php *\/\n\t\t<\/style>\n\t\t<div id='gallery-7' class='gallery galleryid-2522 gallery-columns-2 gallery-size-large'><dl class='gallery-item'>\n\t\t\t<dt class='gallery-icon portrait'>\n\t\t\t\t<a href='https:\/\/blogsaverroes.juntadeandalucia.es\/ceip-maestro-jose-duran\/excursion-a-sevilla\/20250327_162438\/'><img loading=\"lazy\" decoding=\"async\" width=\"768\" height=\"1024\" src=\"https:\/\/blogsaverroes.juntadeandalucia.es\/ceip-maestro-jose-duran\/files\/2025\/04\/20250327_162438-768x1024.jpg\" class=\"attachment-large size-large\" alt=\"\" \/><\/a>\n\t\t\t<\/dt><\/dl><dl class='gallery-item'>\n\t\t\t<dt class='gallery-icon portrait'>\n\t\t\t\t<a href='https:\/\/blogsaverroes.juntadeandalucia.es\/ceip-maestro-jose-duran\/excursion-a-sevilla\/img-20250328-wa0037\/'><img loading=\"lazy\" decoding=\"async\" width=\"768\" height=\"1024\" src=\"https:\/\/blogsaverroes.juntadeandalucia.es\/ceip-maestro-jose-duran\/files\/2025\/04\/IMG-20250328-WA0037-768x1024.jpg\" class=\"attachment-large size-large\" alt=\"\" \/><\/a>\n\t\t\t<\/dt><\/dl><br style=\"clear: both\" \/>\n\t\t<\/div>\n\n<p class=\"\" data-start=\"1238\" data-end=\"1434\">Ha sido una experiencia enriquecedora, en la que hemos aprendido, explorado y convivido con nuestros compa\u00f1eros y profesores. \u00a1Una excursi\u00f3n que sin duda recordaremos con mucha ilusi\u00f3n!<\/p>\n","protected":false},"excerpt":{"rendered":"<p>El pasado 27 de marzo, el alumnado de 2\u00ba ciclo y 5\u00ba de primaria tuvo la oportunidad de descubrir la magia de Sevilla en una excursi\u00f3n llena de historia, cultura y diversi\u00f3n. Nuestra primera parada fue el Real Alc\u00e1zar de Sevilla, donde nos adentramos en sus impresionantes palacios y jardines, imaginando las historias que han [&hellip;]<\/p>\n","protected":false},"author":11212,"featured_media":2523,"comment_status":"closed","ping_status":"open","sticky":false,"template":"","format":"standard","meta":{"_et_pb_use_builder":"","_et_pb_old_content":"","_et_gb_content_width":"","ngg_post_thumbnail":0,"footnotes":""},"categories":[1],"tags":[],"aioseo_notices":[],"_links":{"self":[{"href":"https:\/\/blogsaverroes.juntadeandalucia.es\/ceip-maestro-jose-duran\/wp-json\/wp\/v2\/posts\/2522"}],"collection":[{"href":"https:\/\/blogsaverroes.juntadeandalucia.es\/ceip-maestro-jose-duran\/wp-json\/wp\/v2\/posts"}],"about":[{"href":"https:\/\/blogsaverroes.juntadeandalucia.es\/ceip-maestro-jose-duran\/wp-json\/wp\/v2\/types\/post"}],"author":[{"embeddable":true,"href":"https:\/\/blogsaverroes.juntadeandalucia.es\/ceip-maestro-jose-duran\/wp-json\/wp\/v2\/users\/11212"}],"replies":[{"embeddable":true,"href":"https:\/\/blogsaverroes.juntadeandalucia.es\/ceip-maestro-jose-duran\/wp-json\/wp\/v2\/comments?post=2522"}],"version-history":[{"count":1,"href":"https:\/\/blogsaverroes.juntadeandalucia.es\/ceip-maestro-jose-duran\/wp-json\/wp\/v2\/posts\/2522\/revisions"}],"predecessor-version":[{"id":2551,"href":"https:\/\/blogsaverroes.juntadeandalucia.es\/ceip-maestro-jose-duran\/wp-json\/wp\/v2\/posts\/2522\/revisions\/2551"}],"wp:featuredmedia":[{"embeddable":true,"href":"https:\/\/blogsaverroes.juntadeandalucia.es\/ceip-maestro-jose-duran\/wp-json\/wp\/v2\/media\/2523"}],"wp:attachment":[{"href":"https:\/\/blogsaverroes.juntadeandalucia.es\/ceip-maestro-jose-duran\/wp-json\/wp\/v2\/media?parent=2522"}],"wp:term":[{"taxonomy":"category","embeddable":true,"href":"https:\/\/blogsaverroes.juntadeandalucia.es\/ceip-maestro-jose-duran\/wp-json\/wp\/v2\/categories?post=2522"},{"taxonomy":"post_tag","embeddable":true,"href":"https:\/\/blogsaverroes.juntadeandalucia.es\/ceip-maestro-jose-duran\/wp-json\/wp\/v2\/tags?post=2522"}],"curies":[{"name":"wp","href":"https:\/\/api.w.org\/{rel}","templated":true}]}}