{"id":2640,"date":"2025-05-08T08:48:39","date_gmt":"2025-05-08T07:48:39","guid":{"rendered":"https:\/\/blogsaverroes.juntadeandalucia.es\/ceip-maestro-jose-duran\/?p=2640"},"modified":"2025-05-11T18:31:06","modified_gmt":"2025-05-11T17:31:06","slug":"dia-del-libro","status":"publish","type":"post","link":"https:\/\/blogsaverroes.juntadeandalucia.es\/ceip-maestro-jose-duran\/dia-del-libro\/","title":{"rendered":"D\u00eda del libro"},"content":{"rendered":"<p><span style=\"font-weight: 400\">En nuestro centro, abril huele a cuentos, versos y personajes que cobran vida entre las manos del alumnado. Este a\u00f1o, con motivo del <\/span><b>D\u00eda del Libro<\/b><span style=\"font-weight: 400\">, hemos vivido una semana inolvidable cargada de actividades que han despertado la imaginaci\u00f3n y el amor por la lectura en todas las etapas educativas.<\/span><\/p>\n<p><span style=\"font-weight: 400\">\ud83d\udc67\ud83d\udc66 <\/span><b>Taller de cuentos con La Polea<\/b><b><br \/>\n<\/b><span style=\"font-weight: 400\"> Los m\u00e1s peque\u00f1os asistieron al taller organizado por <\/span><i><span style=\"font-weight: 400\">La Polea con la colaboraci\u00f3n del ayuntamiento de Almargen<\/span><\/i><span style=\"font-weight: 400\">.&nbsp;<\/span><\/p>\n\n\t\t<style type=\"text\/css\">\n\t\t\t#gallery-1 {\n\t\t\t\tmargin: auto;\n\t\t\t}\n\t\t\t#gallery-1 .gallery-item {\n\t\t\t\tfloat: left;\n\t\t\t\tmargin-top: 10px;\n\t\t\t\ttext-align: center;\n\t\t\t\twidth: 50%;\n\t\t\t}\n\t\t\t#gallery-1 img {\n\t\t\t\tborder: 2px solid #cfcfcf;\n\t\t\t}\n\t\t\t#gallery-1 .gallery-caption {\n\t\t\t\tmargin-left: 0;\n\t\t\t}\n\t\t\t\/* see gallery_shortcode() in wp-includes\/media.php *\/\n\t\t<\/style>\n\t\t<div id='gallery-1' class='gallery galleryid-2640 gallery-columns-2 gallery-size-large'><dl class='gallery-item'>\n\t\t\t<dt class='gallery-icon landscape'>\n\t\t\t\t<a href='https:\/\/blogsaverroes.juntadeandalucia.es\/ceip-maestro-jose-duran\/dia-del-libro\/img-20250424-wa0017\/'><img loading=\"lazy\" decoding=\"async\" width=\"1024\" height=\"768\" src=\"https:\/\/blogsaverroes.juntadeandalucia.es\/ceip-maestro-jose-duran\/files\/2025\/05\/IMG-20250424-WA0017-1024x768.jpg\" class=\"attachment-large size-large\" alt=\"\" srcset=\"https:\/\/blogsaverroes.juntadeandalucia.es\/ceip-maestro-jose-duran\/files\/2025\/05\/IMG-20250424-WA0017-980x735.jpg 980w, https:\/\/blogsaverroes.juntadeandalucia.es\/ceip-maestro-jose-duran\/files\/2025\/05\/IMG-20250424-WA0017-480x360.jpg 480w\" sizes=\"(min-width: 0px) and (max-width: 480px) 480px, (min-width: 481px) and (max-width: 980px) 980px, (min-width: 981px) 1024px, 100vw\" \/><\/a>\n\t\t\t<\/dt><\/dl><dl class='gallery-item'>\n\t\t\t<dt class='gallery-icon landscape'>\n\t\t\t\t<a href='https:\/\/blogsaverroes.juntadeandalucia.es\/ceip-maestro-jose-duran\/dia-del-libro\/img-20250424-wa0015\/'><img loading=\"lazy\" decoding=\"async\" width=\"1024\" height=\"768\" src=\"https:\/\/blogsaverroes.juntadeandalucia.es\/ceip-maestro-jose-duran\/files\/2025\/05\/IMG-20250424-WA0015-1024x768.jpg\" class=\"attachment-large size-large\" alt=\"\" srcset=\"https:\/\/blogsaverroes.juntadeandalucia.es\/ceip-maestro-jose-duran\/files\/2025\/05\/IMG-20250424-WA0015-980x735.jpg 980w, https:\/\/blogsaverroes.juntadeandalucia.es\/ceip-maestro-jose-duran\/files\/2025\/05\/IMG-20250424-WA0015-480x360.jpg 480w\" sizes=\"(min-width: 0px) and (max-width: 480px) 480px, (min-width: 481px) and (max-width: 980px) 980px, (min-width: 981px) 1024px, 100vw\" \/><\/a>\n\t\t\t<\/dt><\/dl><br style=\"clear: both\" \/>\n\t\t<\/div>\n\n<p><span style=\"font-weight: 400\">\ud83d\udc2d <\/span><b>Ana Mar\u00eda Raich y sus peque\u00f1os grandes libros<\/b><b><br \/>\n<\/b><span style=\"font-weight: 400\"> Ana Mar\u00eda Raich nos trajo ternura y ense\u00f1anzas con la presentaci\u00f3n de sus libros <\/span><i><span style=\"font-weight: 400\">&#8220;Pomp\u00edn y su sonrisa&#8221;<\/span><\/i><span style=\"font-weight: 400\"> y <\/span><i><span style=\"font-weight: 400\">&#8220;Rat\u00edn y el lodo&#8221;<\/span><\/i><span style=\"font-weight: 400\">. Nuestra escuela se llen\u00f3 de ratoncitos que no solo contaban historias, sino que nos hablaban de emociones, valores y empat\u00eda.<\/span><\/p>\n<p><img loading=\"lazy\" decoding=\"async\" class=\"size-large wp-image-2643 aligncenter\" src=\"https:\/\/blogsaverroes.juntadeandalucia.es\/ceip-maestro-jose-duran\/files\/2025\/05\/20250423_121846-768x1024.jpg\" alt=\"\" width=\"768\" height=\"1024\"><\/p>\n\n\t\t<style type=\"text\/css\">\n\t\t\t#gallery-2 {\n\t\t\t\tmargin: auto;\n\t\t\t}\n\t\t\t#gallery-2 .gallery-item {\n\t\t\t\tfloat: left;\n\t\t\t\tmargin-top: 10px;\n\t\t\t\ttext-align: center;\n\t\t\t\twidth: 50%;\n\t\t\t}\n\t\t\t#gallery-2 img {\n\t\t\t\tborder: 2px solid #cfcfcf;\n\t\t\t}\n\t\t\t#gallery-2 .gallery-caption {\n\t\t\t\tmargin-left: 0;\n\t\t\t}\n\t\t\t\/* see gallery_shortcode() in wp-includes\/media.php *\/\n\t\t<\/style>\n\t\t<div id='gallery-2' class='gallery galleryid-2640 gallery-columns-2 gallery-size-large'><dl class='gallery-item'>\n\t\t\t<dt class='gallery-icon portrait'>\n\t\t\t\t<a href='https:\/\/blogsaverroes.juntadeandalucia.es\/ceip-maestro-jose-duran\/dia-del-libro\/20250423_125318\/'><img loading=\"lazy\" decoding=\"async\" width=\"768\" height=\"1024\" src=\"https:\/\/blogsaverroes.juntadeandalucia.es\/ceip-maestro-jose-duran\/files\/2025\/05\/20250423_125318-768x1024.jpg\" class=\"attachment-large size-large\" alt=\"\" \/><\/a>\n\t\t\t<\/dt><\/dl><dl class='gallery-item'>\n\t\t\t<dt class='gallery-icon portrait'>\n\t\t\t\t<a href='https:\/\/blogsaverroes.juntadeandalucia.es\/ceip-maestro-jose-duran\/dia-del-libro\/img-20250424-wa0013\/'><img loading=\"lazy\" decoding=\"async\" width=\"768\" height=\"1024\" src=\"https:\/\/blogsaverroes.juntadeandalucia.es\/ceip-maestro-jose-duran\/files\/2025\/05\/IMG-20250424-WA0013-768x1024.jpg\" class=\"attachment-large size-large\" alt=\"\" \/><\/a>\n\t\t\t<\/dt><\/dl><br style=\"clear: both\" \/>\n\t\t<\/div>\n\n<p><span style=\"font-weight: 400\">\ud83d\udcd6 <\/span><b>\u00bfY t\u00fa, qu\u00e9 lees? con Daniel Blanco<\/b><b><br \/>\n<\/b><span style=\"font-weight: 400\"> El escritor Daniel Blanco visit\u00f3 nuestro centro y nos regal\u00f3 un encuentro cercano y motivador con el alumnado de5 \u00ba y&nbsp; 6\u00ba de Primaria y 1\u00ba y 2\u00ba de ESO. Nos invit\u00f3 a pensar, a sentir, y sobre todo, a leer con el alma. Una experiencia que dej\u00f3 huella en nuestros j\u00f3venes lectores.<\/span><\/p>\n\n\t\t<style type=\"text\/css\">\n\t\t\t#gallery-3 {\n\t\t\t\tmargin: auto;\n\t\t\t}\n\t\t\t#gallery-3 .gallery-item {\n\t\t\t\tfloat: left;\n\t\t\t\tmargin-top: 10px;\n\t\t\t\ttext-align: center;\n\t\t\t\twidth: 50%;\n\t\t\t}\n\t\t\t#gallery-3 img {\n\t\t\t\tborder: 2px solid #cfcfcf;\n\t\t\t}\n\t\t\t#gallery-3 .gallery-caption {\n\t\t\t\tmargin-left: 0;\n\t\t\t}\n\t\t\t\/* see gallery_shortcode() in wp-includes\/media.php *\/\n\t\t<\/style>\n\t\t<div id='gallery-3' class='gallery galleryid-2640 gallery-columns-2 gallery-size-large'><dl class='gallery-item'>\n\t\t\t<dt class='gallery-icon landscape'>\n\t\t\t\t<a href='https:\/\/blogsaverroes.juntadeandalucia.es\/ceip-maestro-jose-duran\/dia-del-libro\/img-20250424-wa0005\/'><img loading=\"lazy\" decoding=\"async\" width=\"1024\" height=\"576\" src=\"https:\/\/blogsaverroes.juntadeandalucia.es\/ceip-maestro-jose-duran\/files\/2025\/05\/IMG-20250424-WA0005-1024x576.jpg\" class=\"attachment-large size-large\" alt=\"\" srcset=\"https:\/\/blogsaverroes.juntadeandalucia.es\/ceip-maestro-jose-duran\/files\/2025\/05\/IMG-20250424-WA0005-980x551.jpg 980w, https:\/\/blogsaverroes.juntadeandalucia.es\/ceip-maestro-jose-duran\/files\/2025\/05\/IMG-20250424-WA0005-480x270.jpg 480w\" sizes=\"(min-width: 0px) and (max-width: 480px) 480px, (min-width: 481px) and (max-width: 980px) 980px, (min-width: 981px) 1024px, 100vw\" \/><\/a>\n\t\t\t<\/dt><\/dl><dl class='gallery-item'>\n\t\t\t<dt class='gallery-icon landscape'>\n\t\t\t\t<a href='https:\/\/blogsaverroes.juntadeandalucia.es\/ceip-maestro-jose-duran\/dia-del-libro\/img-20250424-wa0001\/'><img loading=\"lazy\" decoding=\"async\" width=\"1024\" height=\"576\" src=\"https:\/\/blogsaverroes.juntadeandalucia.es\/ceip-maestro-jose-duran\/files\/2025\/05\/IMG-20250424-WA0001-1024x576.jpg\" class=\"attachment-large size-large\" alt=\"\" srcset=\"https:\/\/blogsaverroes.juntadeandalucia.es\/ceip-maestro-jose-duran\/files\/2025\/05\/IMG-20250424-WA0001-980x551.jpg 980w, https:\/\/blogsaverroes.juntadeandalucia.es\/ceip-maestro-jose-duran\/files\/2025\/05\/IMG-20250424-WA0001-480x270.jpg 480w\" sizes=\"(min-width: 0px) and (max-width: 480px) 480px, (min-width: 481px) and (max-width: 980px) 980px, (min-width: 981px) 1024px, 100vw\" \/><\/a>\n\t\t\t<\/dt><\/dl><br style=\"clear: both\" \/>\n\t\t<\/div>\n\n<p><span style=\"font-weight: 400\">\ud83c\udfa9 <\/span><b>Cuentacuentos con John Ardila<\/b><b><br \/>\n<\/b><span style=\"font-weight: 400\"> La \u201cMaleta M\u00e1gica\u201d de John Ardila nos trajo cuentos de colores, risas, y mucha fantas\u00eda. Desde Infantil hasta 4\u00ba de Primaria, todos disfrutaron de una sesi\u00f3n \u00fanica que nos record\u00f3 que las palabras pueden transformarse en pura ilusi\u00f3n.<\/span><\/p>\n\n\t\t<style type=\"text\/css\">\n\t\t\t#gallery-4 {\n\t\t\t\tmargin: auto;\n\t\t\t}\n\t\t\t#gallery-4 .gallery-item {\n\t\t\t\tfloat: left;\n\t\t\t\tmargin-top: 10px;\n\t\t\t\ttext-align: center;\n\t\t\t\twidth: 50%;\n\t\t\t}\n\t\t\t#gallery-4 img {\n\t\t\t\tborder: 2px solid #cfcfcf;\n\t\t\t}\n\t\t\t#gallery-4 .gallery-caption {\n\t\t\t\tmargin-left: 0;\n\t\t\t}\n\t\t\t\/* see gallery_shortcode() in wp-includes\/media.php *\/\n\t\t<\/style>\n\t\t<div id='gallery-4' class='gallery galleryid-2640 gallery-columns-2 gallery-size-large'><dl class='gallery-item'>\n\t\t\t<dt class='gallery-icon landscape'>\n\t\t\t\t<a href='https:\/\/blogsaverroes.juntadeandalucia.es\/ceip-maestro-jose-duran\/dia-del-libro\/20250425_111510\/'><img loading=\"lazy\" decoding=\"async\" width=\"1024\" height=\"768\" src=\"https:\/\/blogsaverroes.juntadeandalucia.es\/ceip-maestro-jose-duran\/files\/2025\/05\/20250425_111510-1024x768.jpg\" class=\"attachment-large size-large\" alt=\"\" srcset=\"https:\/\/blogsaverroes.juntadeandalucia.es\/ceip-maestro-jose-duran\/files\/2025\/05\/20250425_111510-980x735.jpg 980w, https:\/\/blogsaverroes.juntadeandalucia.es\/ceip-maestro-jose-duran\/files\/2025\/05\/20250425_111510-480x360.jpg 480w\" sizes=\"(min-width: 0px) and (max-width: 480px) 480px, (min-width: 481px) and (max-width: 980px) 980px, (min-width: 981px) 1024px, 100vw\" \/><\/a>\n\t\t\t<\/dt><\/dl><dl class='gallery-item'>\n\t\t\t<dt class='gallery-icon landscape'>\n\t\t\t\t<a href='https:\/\/blogsaverroes.juntadeandalucia.es\/ceip-maestro-jose-duran\/dia-del-libro\/20250425_110912\/'><img loading=\"lazy\" decoding=\"async\" width=\"1024\" height=\"768\" src=\"https:\/\/blogsaverroes.juntadeandalucia.es\/ceip-maestro-jose-duran\/files\/2025\/05\/20250425_110912-1024x768.jpg\" class=\"attachment-large size-large\" alt=\"\" srcset=\"https:\/\/blogsaverroes.juntadeandalucia.es\/ceip-maestro-jose-duran\/files\/2025\/05\/20250425_110912-980x735.jpg 980w, https:\/\/blogsaverroes.juntadeandalucia.es\/ceip-maestro-jose-duran\/files\/2025\/05\/20250425_110912-480x360.jpg 480w\" sizes=\"(min-width: 0px) and (max-width: 480px) 480px, (min-width: 481px) and (max-width: 980px) 980px, (min-width: 981px) 1024px, 100vw\" \/><\/a>\n\t\t\t<\/dt><\/dl><br style=\"clear: both\" \/>\n\t\t<\/div>\n\n<p><span style=\"font-weight: 400\">\ud83c\udf0d <\/span><b>\u201cEl alma de nuestra Tierra\u201d, con Trinidad \u00c1ngel Sobrino<\/b><b><br \/>\n<\/b><span style=\"font-weight: 400\"> Trini nos emocion\u00f3 con el relato sobre los or\u00edgenes de Almargen, acompa\u00f1ada del ilustrador del cuento, Eloy Trigo Calzado, conectando generaciones a trav\u00e9s de las historias que definen nuestra identidad. Tras finalizar la lectura del libro se realiz\u00f3 un taller de cer\u00e1mica fr\u00eda reproduciendo s\u00edmbolos caracter\u00edsticos de nuestro pueblo.<\/span><\/p>\n<p><span style=\"font-weight: 400\">Adem\u00e1s, recibimos la visita de algunas de las personas que han formado parte del libro <\/span><i><span style=\"font-weight: 400\">&#8220;Relatos y poemas de Almargen&#8221;<\/span><\/i><span style=\"font-weight: 400\">, compartiendo con el alumnado sus vivencias y sus palabras hechas literatura. Tras finalizar la actividad, se entreg\u00f3 al alumnado un folio para que mediante la t\u00e9cnica del folio giratorio plasmaran sus pensamientos en forma de poes\u00eda.<\/span><\/p>\n<p><img loading=\"lazy\" decoding=\"async\" class=\"alignnone size-large wp-image-2653 aligncenter\" src=\"https:\/\/blogsaverroes.juntadeandalucia.es\/ceip-maestro-jose-duran\/files\/2025\/05\/20250430_100304-1024x768.jpg\" alt=\"\" width=\"1024\" height=\"768\" srcset=\"https:\/\/blogsaverroes.juntadeandalucia.es\/ceip-maestro-jose-duran\/files\/2025\/05\/20250430_100304-980x735.jpg 980w, https:\/\/blogsaverroes.juntadeandalucia.es\/ceip-maestro-jose-duran\/files\/2025\/05\/20250430_100304-480x360.jpg 480w\" sizes=\"(min-width: 0px) and (max-width: 480px) 480px, (min-width: 481px) and (max-width: 980px) 980px, (min-width: 981px) 1024px, 100vw\" \/><\/p>\n\n\t\t<style type=\"text\/css\">\n\t\t\t#gallery-5 {\n\t\t\t\tmargin: auto;\n\t\t\t}\n\t\t\t#gallery-5 .gallery-item {\n\t\t\t\tfloat: left;\n\t\t\t\tmargin-top: 10px;\n\t\t\t\ttext-align: center;\n\t\t\t\twidth: 50%;\n\t\t\t}\n\t\t\t#gallery-5 img {\n\t\t\t\tborder: 2px solid #cfcfcf;\n\t\t\t}\n\t\t\t#gallery-5 .gallery-caption {\n\t\t\t\tmargin-left: 0;\n\t\t\t}\n\t\t\t\/* see gallery_shortcode() in wp-includes\/media.php *\/\n\t\t<\/style>\n\t\t<div id='gallery-5' class='gallery galleryid-2640 gallery-columns-2 gallery-size-large'><dl class='gallery-item'>\n\t\t\t<dt class='gallery-icon portrait'>\n\t\t\t\t<a href='https:\/\/blogsaverroes.juntadeandalucia.es\/ceip-maestro-jose-duran\/dia-del-libro\/20250430_104730\/'><img loading=\"lazy\" decoding=\"async\" width=\"768\" height=\"1024\" src=\"https:\/\/blogsaverroes.juntadeandalucia.es\/ceip-maestro-jose-duran\/files\/2025\/05\/20250430_104730-768x1024.jpg\" class=\"attachment-large size-large\" alt=\"\" \/><\/a>\n\t\t\t<\/dt><\/dl><dl class='gallery-item'>\n\t\t\t<dt class='gallery-icon portrait'>\n\t\t\t\t<a href='https:\/\/blogsaverroes.juntadeandalucia.es\/ceip-maestro-jose-duran\/dia-del-libro\/20250430_104908\/'><img loading=\"lazy\" decoding=\"async\" width=\"768\" height=\"1024\" src=\"https:\/\/blogsaverroes.juntadeandalucia.es\/ceip-maestro-jose-duran\/files\/2025\/05\/20250430_104908-768x1024.jpg\" class=\"attachment-large size-large\" alt=\"\" \/><\/a>\n\t\t\t<\/dt><\/dl><br style=\"clear: both\" \/><dl class='gallery-item'>\n\t\t\t<dt class='gallery-icon landscape'>\n\t\t\t\t<a href='https:\/\/blogsaverroes.juntadeandalucia.es\/ceip-maestro-jose-duran\/dia-del-libro\/img-20250430-wa0006\/'><img loading=\"lazy\" decoding=\"async\" width=\"1024\" height=\"576\" src=\"https:\/\/blogsaverroes.juntadeandalucia.es\/ceip-maestro-jose-duran\/files\/2025\/05\/IMG-20250430-WA0006-1024x576.jpg\" class=\"attachment-large size-large\" alt=\"\" srcset=\"https:\/\/blogsaverroes.juntadeandalucia.es\/ceip-maestro-jose-duran\/files\/2025\/05\/IMG-20250430-WA0006-980x551.jpg 980w, https:\/\/blogsaverroes.juntadeandalucia.es\/ceip-maestro-jose-duran\/files\/2025\/05\/IMG-20250430-WA0006-480x270.jpg 480w\" sizes=\"(min-width: 0px) and (max-width: 480px) 480px, (min-width: 481px) and (max-width: 980px) 980px, (min-width: 981px) 1024px, 100vw\" \/><\/a>\n\t\t\t<\/dt><\/dl><dl class='gallery-item'>\n\t\t\t<dt class='gallery-icon landscape'>\n\t\t\t\t<a href='https:\/\/blogsaverroes.juntadeandalucia.es\/ceip-maestro-jose-duran\/dia-del-libro\/img-20250430-wa0007\/'><img loading=\"lazy\" decoding=\"async\" width=\"1024\" height=\"576\" src=\"https:\/\/blogsaverroes.juntadeandalucia.es\/ceip-maestro-jose-duran\/files\/2025\/05\/IMG-20250430-WA0007-1024x576.jpg\" class=\"attachment-large size-large\" alt=\"\" srcset=\"https:\/\/blogsaverroes.juntadeandalucia.es\/ceip-maestro-jose-duran\/files\/2025\/05\/IMG-20250430-WA0007-980x551.jpg 980w, https:\/\/blogsaverroes.juntadeandalucia.es\/ceip-maestro-jose-duran\/files\/2025\/05\/IMG-20250430-WA0007-480x270.jpg 480w\" sizes=\"(min-width: 0px) and (max-width: 480px) 480px, (min-width: 481px) and (max-width: 980px) 980px, (min-width: 981px) 1024px, 100vw\" \/><\/a>\n\t\t\t<\/dt><\/dl><br style=\"clear: both\" \/>\n\t\t<\/div>\n\n<p><img loading=\"lazy\" decoding=\"async\" class=\"alignnone size-large wp-image-2658 aligncenter\" src=\"https:\/\/blogsaverroes.juntadeandalucia.es\/ceip-maestro-jose-duran\/files\/2025\/05\/20250430_145414-768x1024.jpg\" alt=\"\" width=\"768\" height=\"1024\"><\/p>\n<p><span style=\"font-weight: 400\">\ud83d\udcab <\/span><b>Una semana para recordar\u2026<\/b><b><br \/>\n<\/b><span style=\"font-weight: 400\"> Porque leer no solo es abrir un libro, es abrir ventanas al mundo. Gracias a todas las personas que han hecho posible este viaje literario. Nuestro alumnado no solo ha escuchado cuentos: <\/span><b>ha vivido la literatura<\/b><span style=\"font-weight: 400\">.<\/span><\/p>\n<p><span style=\"font-weight: 400\">\ud83d\udcda\u2728 \u00a1Feliz D\u00eda del Libro, hoy y siempre! Porque en cada historia que leemos, sembramos sue\u00f1os.<\/span><\/p>\n","protected":false},"excerpt":{"rendered":"<p>En nuestro centro, abril huele a cuentos, versos y personajes que cobran vida entre las manos del alumnado. Este a\u00f1o, con motivo del D\u00eda del Libro, hemos vivido una semana inolvidable cargada de actividades que han despertado la imaginaci\u00f3n y el amor por la lectura en todas las etapas educativas. \ud83d\udc67\ud83d\udc66 Taller de cuentos con [&hellip;]<\/p>\n","protected":false},"author":11212,"featured_media":2641,"comment_status":"closed","ping_status":"open","sticky":false,"template":"","format":"standard","meta":{"_et_pb_use_builder":"","_et_pb_old_content":"","_et_gb_content_width":"","ngg_post_thumbnail":0,"footnotes":""},"categories":[1],"tags":[],"aioseo_notices":[],"_links":{"self":[{"href":"https:\/\/blogsaverroes.juntadeandalucia.es\/ceip-maestro-jose-duran\/wp-json\/wp\/v2\/posts\/2640"}],"collection":[{"href":"https:\/\/blogsaverroes.juntadeandalucia.es\/ceip-maestro-jose-duran\/wp-json\/wp\/v2\/posts"}],"about":[{"href":"https:\/\/blogsaverroes.juntadeandalucia.es\/ceip-maestro-jose-duran\/wp-json\/wp\/v2\/types\/post"}],"author":[{"embeddable":true,"href":"https:\/\/blogsaverroes.juntadeandalucia.es\/ceip-maestro-jose-duran\/wp-json\/wp\/v2\/users\/11212"}],"replies":[{"embeddable":true,"href":"https:\/\/blogsaverroes.juntadeandalucia.es\/ceip-maestro-jose-duran\/wp-json\/wp\/v2\/comments?post=2640"}],"version-history":[{"count":2,"href":"https:\/\/blogsaverroes.juntadeandalucia.es\/ceip-maestro-jose-duran\/wp-json\/wp\/v2\/posts\/2640\/revisions"}],"predecessor-version":[{"id":2660,"href":"https:\/\/blogsaverroes.juntadeandalucia.es\/ceip-maestro-jose-duran\/wp-json\/wp\/v2\/posts\/2640\/revisions\/2660"}],"wp:featuredmedia":[{"embeddable":true,"href":"https:\/\/blogsaverroes.juntadeandalucia.es\/ceip-maestro-jose-duran\/wp-json\/wp\/v2\/media\/2641"}],"wp:attachment":[{"href":"https:\/\/blogsaverroes.juntadeandalucia.es\/ceip-maestro-jose-duran\/wp-json\/wp\/v2\/media?parent=2640"}],"wp:term":[{"taxonomy":"category","embeddable":true,"href":"https:\/\/blogsaverroes.juntadeandalucia.es\/ceip-maestro-jose-duran\/wp-json\/wp\/v2\/categories?post=2640"},{"taxonomy":"post_tag","embeddable":true,"href":"https:\/\/blogsaverroes.juntadeandalucia.es\/ceip-maestro-jose-duran\/wp-json\/wp\/v2\/tags?post=2640"}],"curies":[{"name":"wp","href":"https:\/\/api.w.org\/{rel}","templated":true}]}}