{"id":2822,"date":"2025-06-18T18:46:13","date_gmt":"2025-06-18T17:46:13","guid":{"rendered":"https:\/\/blogsaverroes.juntadeandalucia.es\/ceip-maestro-jose-duran\/?p=2822"},"modified":"2025-06-18T18:53:00","modified_gmt":"2025-06-18T17:53:00","slug":"emociones-de-libro","status":"publish","type":"post","link":"https:\/\/blogsaverroes.juntadeandalucia.es\/ceip-maestro-jose-duran\/emociones-de-libro\/","title":{"rendered":"Emociones de libro"},"content":{"rendered":"<div dir=\"auto\">&#8220;En un ejercicio de creatividad<img decoding=\"async\" class=\"an1\" src=\"https:\/\/fonts.gstatic.com\/s\/e\/notoemoji\/16.0\/2728\/72.png\" alt=\"\u2728\" data-emoji=\"\u2728\" aria-label=\"\u2728\">\ufe0f y reflexi\u00f3n, los alumnos de 1\u00b0 de ESO han creado una serie de v\u00eddeos emotivos y conmovedores que nos permiten vislumbrar su imaginaci\u00f3n y sensibilidad&nbsp;<img decoding=\"async\" class=\"an1\" src=\"https:\/\/fonts.gstatic.com\/s\/e\/notoemoji\/16.0\/1fa75\/72.png\" alt=\"\ud83e\ude75\" data-emoji=\"\ud83e\ude75\" aria-label=\"\ud83e\ude75\">. Utilizando t\u00edtulos de libros como *El patito feo*, *Invisible*, *Redes* *Juntos*, entre otros, estos j\u00f3venes estudiantes han logrado plasmar sus pensamientos y sentimientos de manera aut\u00e9ntica y po\u00e9tica.<\/div>\n<div dir=\"auto\">&nbsp;<\/div>\n<div dir=\"auto\">A trav\u00e9s de estos v\u00eddeos, podemos apreciar la capacidad de los alumnos para reflexionar sobre sus experiencias y emociones, y para expresarlas de manera creativa y significativa. La combinaci\u00f3n de im\u00e1genes, m\u00fasica<img decoding=\"async\" class=\"an1\" src=\"https:\/\/fonts.gstatic.com\/s\/e\/notoemoji\/16.0\/1f3b6\/72.png\" alt=\"\ud83c\udfb6\" data-emoji=\"\ud83c\udfb6\" aria-label=\"\ud83c\udfb6\"><img decoding=\"async\" class=\"an1\" src=\"https:\/\/fonts.gstatic.com\/s\/e\/notoemoji\/16.0\/1f3bc\/72.png\" alt=\"\ud83c\udfbc\" data-emoji=\"\ud83c\udfbc\" aria-label=\"\ud83c\udfbc\">&nbsp;y palabras ha dado como resultado una verdadera obra de arte que nos deja sin aliento.<\/div>\n<div dir=\"auto\">&nbsp;<\/div>\n<div dir=\"auto\">Esta actividad no solo ha permitido a los alumnos desarrollar su creatividad y habilidades comunicativas, sino que tambi\u00e9n nos ha brindado una visi\u00f3n profunda de sus perspectivas y sentimientos. Es un verdadero testimonio de la capacidad de los j\u00f3venes para expresar sus emociones y pensamientos de manera aut\u00e9ntica y significativa.<\/div>\n<div dir=\"auto\">&nbsp;<\/div>\n<div dir=\"auto\">Felicitaciones a los alumnos de 1\u00b0 de ESO por esta maravillosa creaci\u00f3n. Esperamos que hayan disfrutado compartiendo sus obras con nosotros y que sigan desarrollando su creatividad y pasi\u00f3n por la expresi\u00f3n art\u00edstica.&#8221;<img decoding=\"async\" class=\"an1\" src=\"https:\/\/fonts.gstatic.com\/s\/e\/notoemoji\/16.0\/1f388\/72.png\" alt=\"\ud83c\udf88\" data-emoji=\"\ud83c\udf88\" aria-label=\"\ud83c\udf88\"><\/div>\n<div dir=\"auto\">&nbsp;<\/div>\n<div dir=\"auto\"><iframe loading=\"lazy\" src=\"https:\/\/drive.google.com\/file\/d\/1BSO0wVGiadZrnJ54out5onJisXS-XkkL\/preview\" width=\"640\" height=\"480\"><\/iframe><\/div>\n<div dir=\"auto\"><iframe loading=\"lazy\" src=\"https:\/\/drive.google.com\/file\/d\/1NaWjCM5btLIPdmFQaoLp7O6CVTBPMdlH\/preview\" width=\"640\" height=\"480\"><\/iframe><\/div>\n<div dir=\"auto\"><iframe loading=\"lazy\" src=\"https:\/\/drive.google.com\/file\/d\/1WeK2eLm32emvEc7HqROewnVBRQboFFxk\/preview\" width=\"640\" height=\"480\"><\/iframe><\/div>\n<div dir=\"auto\">&nbsp;<\/div>\n<p>&nbsp;<\/p>\n","protected":false},"excerpt":{"rendered":"<p>&#8220;En un ejercicio de creatividad\ufe0f y reflexi\u00f3n, los alumnos de 1\u00b0 de ESO han creado una serie de v\u00eddeos emotivos y conmovedores que nos permiten vislumbrar su imaginaci\u00f3n y sensibilidad&nbsp;. Utilizando t\u00edtulos de libros como *El patito feo*, *Invisible*, *Redes* *Juntos*, entre otros, estos j\u00f3venes estudiantes han logrado plasmar sus pensamientos y sentimientos de manera [&hellip;]<\/p>\n","protected":false},"author":11212,"featured_media":2823,"comment_status":"closed","ping_status":"open","sticky":false,"template":"","format":"standard","meta":{"_et_pb_use_builder":"","_et_pb_old_content":"","_et_gb_content_width":"","ngg_post_thumbnail":0,"footnotes":""},"categories":[1],"tags":[],"aioseo_notices":[],"_links":{"self":[{"href":"https:\/\/blogsaverroes.juntadeandalucia.es\/ceip-maestro-jose-duran\/wp-json\/wp\/v2\/posts\/2822"}],"collection":[{"href":"https:\/\/blogsaverroes.juntadeandalucia.es\/ceip-maestro-jose-duran\/wp-json\/wp\/v2\/posts"}],"about":[{"href":"https:\/\/blogsaverroes.juntadeandalucia.es\/ceip-maestro-jose-duran\/wp-json\/wp\/v2\/types\/post"}],"author":[{"embeddable":true,"href":"https:\/\/blogsaverroes.juntadeandalucia.es\/ceip-maestro-jose-duran\/wp-json\/wp\/v2\/users\/11212"}],"replies":[{"embeddable":true,"href":"https:\/\/blogsaverroes.juntadeandalucia.es\/ceip-maestro-jose-duran\/wp-json\/wp\/v2\/comments?post=2822"}],"version-history":[{"count":4,"href":"https:\/\/blogsaverroes.juntadeandalucia.es\/ceip-maestro-jose-duran\/wp-json\/wp\/v2\/posts\/2822\/revisions"}],"predecessor-version":[{"id":2827,"href":"https:\/\/blogsaverroes.juntadeandalucia.es\/ceip-maestro-jose-duran\/wp-json\/wp\/v2\/posts\/2822\/revisions\/2827"}],"wp:featuredmedia":[{"embeddable":true,"href":"https:\/\/blogsaverroes.juntadeandalucia.es\/ceip-maestro-jose-duran\/wp-json\/wp\/v2\/media\/2823"}],"wp:attachment":[{"href":"https:\/\/blogsaverroes.juntadeandalucia.es\/ceip-maestro-jose-duran\/wp-json\/wp\/v2\/media?parent=2822"}],"wp:term":[{"taxonomy":"category","embeddable":true,"href":"https:\/\/blogsaverroes.juntadeandalucia.es\/ceip-maestro-jose-duran\/wp-json\/wp\/v2\/categories?post=2822"},{"taxonomy":"post_tag","embeddable":true,"href":"https:\/\/blogsaverroes.juntadeandalucia.es\/ceip-maestro-jose-duran\/wp-json\/wp\/v2\/tags?post=2822"}],"curies":[{"name":"wp","href":"https:\/\/api.w.org\/{rel}","templated":true}]}}