{"id":2926,"date":"2025-10-03T19:10:16","date_gmt":"2025-10-03T18:10:16","guid":{"rendered":"https:\/\/blogsaverroes.juntadeandalucia.es\/ceip-maestro-jose-duran\/?p=2926"},"modified":"2025-11-01T13:32:04","modified_gmt":"2025-11-01T12:32:04","slug":"orientacion","status":"publish","type":"post","link":"https:\/\/blogsaverroes.juntadeandalucia.es\/ceip-maestro-jose-duran\/orientacion\/","title":{"rendered":"Orientaci\u00f3n"},"content":{"rendered":"<p>Esta semana, nuestro alumnado de la ESO ha participado en una emocionante Jornada de Orientaci\u00f3n Activa. El objetivo era claro: fomentar el trabajo en equipo, la toma de decisiones y la resoluci\u00f3n de problemas en un entorno diferente.<\/p>\n<p>La actividad comenz\u00f3 con un circuito de orientaci\u00f3n donde el alumnado, utilizando sus habilidades de pensamiento l\u00f3gico y colaboraci\u00f3n, tuvo que resolver una serie de pistas para encontrar la ruta y los puntos clave.<\/p>\n\n\t\t<style type=\"text\/css\">\n\t\t\t#gallery-1 {\n\t\t\t\tmargin: auto;\n\t\t\t}\n\t\t\t#gallery-1 .gallery-item {\n\t\t\t\tfloat: left;\n\t\t\t\tmargin-top: 10px;\n\t\t\t\ttext-align: center;\n\t\t\t\twidth: 50%;\n\t\t\t}\n\t\t\t#gallery-1 img {\n\t\t\t\tborder: 2px solid #cfcfcf;\n\t\t\t}\n\t\t\t#gallery-1 .gallery-caption {\n\t\t\t\tmargin-left: 0;\n\t\t\t}\n\t\t\t\/* see gallery_shortcode() in wp-includes\/media.php *\/\n\t\t<\/style>\n\t\t<div id='gallery-1' class='gallery galleryid-2926 gallery-columns-2 gallery-size-large'><dl class='gallery-item'>\n\t\t\t<dt class='gallery-icon landscape'>\n\t\t\t\t<a href='https:\/\/blogsaverroes.juntadeandalucia.es\/ceip-maestro-jose-duran\/orientacion\/attachment\/1759912733694\/'><img loading=\"lazy\" decoding=\"async\" width=\"1024\" height=\"768\" src=\"https:\/\/blogsaverroes.juntadeandalucia.es\/ceip-maestro-jose-duran\/files\/2025\/11\/1759912733694-1024x768.jpg\" class=\"attachment-large size-large\" alt=\"\" srcset=\"https:\/\/blogsaverroes.juntadeandalucia.es\/ceip-maestro-jose-duran\/files\/2025\/11\/1759912733694-980x735.jpg 980w, https:\/\/blogsaverroes.juntadeandalucia.es\/ceip-maestro-jose-duran\/files\/2025\/11\/1759912733694-480x360.jpg 480w\" sizes=\"(min-width: 0px) and (max-width: 480px) 480px, (min-width: 481px) and (max-width: 980px) 980px, (min-width: 981px) 1024px, 100vw\" \/><\/a>\n\t\t\t<\/dt><\/dl><dl class='gallery-item'>\n\t\t\t<dt class='gallery-icon landscape'>\n\t\t\t\t<a href='https:\/\/blogsaverroes.juntadeandalucia.es\/ceip-maestro-jose-duran\/orientacion\/attachment\/1759912733752\/'><img loading=\"lazy\" decoding=\"async\" width=\"1024\" height=\"768\" src=\"https:\/\/blogsaverroes.juntadeandalucia.es\/ceip-maestro-jose-duran\/files\/2025\/11\/1759912733752-1024x768.jpg\" class=\"attachment-large size-large\" alt=\"\" srcset=\"https:\/\/blogsaverroes.juntadeandalucia.es\/ceip-maestro-jose-duran\/files\/2025\/11\/1759912733752-980x735.jpg 980w, https:\/\/blogsaverroes.juntadeandalucia.es\/ceip-maestro-jose-duran\/files\/2025\/11\/1759912733752-480x360.jpg 480w\" sizes=\"(min-width: 0px) and (max-width: 480px) 480px, (min-width: 481px) and (max-width: 980px) 980px, (min-width: 981px) 1024px, 100vw\" \/><\/a>\n\t\t\t<\/dt><\/dl><br style=\"clear: both\" \/><dl class='gallery-item'>\n\t\t\t<dt class='gallery-icon portrait'>\n\t\t\t\t<a href='https:\/\/blogsaverroes.juntadeandalucia.es\/ceip-maestro-jose-duran\/orientacion\/attachment\/1759912734215\/'><img loading=\"lazy\" decoding=\"async\" width=\"768\" height=\"1024\" src=\"https:\/\/blogsaverroes.juntadeandalucia.es\/ceip-maestro-jose-duran\/files\/2025\/11\/1759912734215-768x1024.jpg\" class=\"attachment-large size-large\" alt=\"\" \/><\/a>\n\t\t\t<\/dt><\/dl><dl class='gallery-item'>\n\t\t\t<dt class='gallery-icon portrait'>\n\t\t\t\t<a href='https:\/\/blogsaverroes.juntadeandalucia.es\/ceip-maestro-jose-duran\/orientacion\/attachment\/1759912733434\/'><img loading=\"lazy\" decoding=\"async\" width=\"768\" height=\"1024\" src=\"https:\/\/blogsaverroes.juntadeandalucia.es\/ceip-maestro-jose-duran\/files\/2025\/11\/1759912733434-768x1024.jpg\" class=\"attachment-large size-large\" alt=\"\" \/><\/a>\n\t\t\t<\/dt><\/dl><br style=\"clear: both\" \/><dl class='gallery-item'>\n\t\t\t<dt class='gallery-icon landscape'>\n\t\t\t\t<a href='https:\/\/blogsaverroes.juntadeandalucia.es\/ceip-maestro-jose-duran\/orientacion\/attachment\/1759912734163\/'><img loading=\"lazy\" decoding=\"async\" width=\"1024\" height=\"768\" src=\"https:\/\/blogsaverroes.juntadeandalucia.es\/ceip-maestro-jose-duran\/files\/2025\/11\/1759912734163-1024x768.jpg\" class=\"attachment-large size-large\" alt=\"\" srcset=\"https:\/\/blogsaverroes.juntadeandalucia.es\/ceip-maestro-jose-duran\/files\/2025\/11\/1759912734163-980x735.jpg 980w, https:\/\/blogsaverroes.juntadeandalucia.es\/ceip-maestro-jose-duran\/files\/2025\/11\/1759912734163-480x360.jpg 480w\" sizes=\"(min-width: 0px) and (max-width: 480px) 480px, (min-width: 481px) and (max-width: 980px) 980px, (min-width: 981px) 1024px, 100vw\" \/><\/a>\n\t\t\t<\/dt><\/dl><dl class='gallery-item'>\n\t\t\t<dt class='gallery-icon landscape'>\n\t\t\t\t<a href='https:\/\/blogsaverroes.juntadeandalucia.es\/ceip-maestro-jose-duran\/orientacion\/attachment\/1759912734130\/'><img loading=\"lazy\" decoding=\"async\" width=\"1024\" height=\"768\" src=\"https:\/\/blogsaverroes.juntadeandalucia.es\/ceip-maestro-jose-duran\/files\/2025\/11\/1759912734130-1024x768.jpg\" class=\"attachment-large size-large\" alt=\"\" srcset=\"https:\/\/blogsaverroes.juntadeandalucia.es\/ceip-maestro-jose-duran\/files\/2025\/11\/1759912734130-980x735.jpg 980w, https:\/\/blogsaverroes.juntadeandalucia.es\/ceip-maestro-jose-duran\/files\/2025\/11\/1759912734130-480x360.jpg 480w\" sizes=\"(min-width: 0px) and (max-width: 480px) 480px, (min-width: 481px) and (max-width: 980px) 980px, (min-width: 981px) 1024px, 100vw\" \/><\/a>\n\t\t\t<\/dt><\/dl><br style=\"clear: both\" \/><dl class='gallery-item'>\n\t\t\t<dt class='gallery-icon landscape'>\n\t\t\t\t<a href='https:\/\/blogsaverroes.juntadeandalucia.es\/ceip-maestro-jose-duran\/orientacion\/attachment\/1759912733977\/'><img loading=\"lazy\" decoding=\"async\" width=\"1024\" height=\"768\" src=\"https:\/\/blogsaverroes.juntadeandalucia.es\/ceip-maestro-jose-duran\/files\/2025\/11\/1759912733977-1024x768.jpg\" class=\"attachment-large size-large\" alt=\"\" srcset=\"https:\/\/blogsaverroes.juntadeandalucia.es\/ceip-maestro-jose-duran\/files\/2025\/11\/1759912733977-980x735.jpg 980w, https:\/\/blogsaverroes.juntadeandalucia.es\/ceip-maestro-jose-duran\/files\/2025\/11\/1759912733977-480x360.jpg 480w\" sizes=\"(min-width: 0px) and (max-width: 480px) 480px, (min-width: 481px) and (max-width: 980px) 980px, (min-width: 981px) 1024px, 100vw\" \/><\/a>\n\t\t\t<\/dt><\/dl><dl class='gallery-item'>\n\t\t\t<dt class='gallery-icon landscape'>\n\t\t\t\t<a href='https:\/\/blogsaverroes.juntadeandalucia.es\/ceip-maestro-jose-duran\/orientacion\/attachment\/1759912733913\/'><img loading=\"lazy\" decoding=\"async\" width=\"1024\" height=\"768\" src=\"https:\/\/blogsaverroes.juntadeandalucia.es\/ceip-maestro-jose-duran\/files\/2025\/11\/1759912733913-1024x768.jpg\" class=\"attachment-large size-large\" alt=\"\" srcset=\"https:\/\/blogsaverroes.juntadeandalucia.es\/ceip-maestro-jose-duran\/files\/2025\/11\/1759912733913-980x735.jpg 980w, https:\/\/blogsaverroes.juntadeandalucia.es\/ceip-maestro-jose-duran\/files\/2025\/11\/1759912733913-480x360.jpg 480w\" sizes=\"(min-width: 0px) and (max-width: 480px) 480px, (min-width: 481px) and (max-width: 980px) 980px, (min-width: 981px) 1024px, 100vw\" \/><\/a>\n\t\t\t<\/dt><\/dl><br style=\"clear: both\" \/>\n\t\t<\/div>\n\n<p>Tras el desaf\u00edo, nos dirigimos al centro que La Polea gestiona en Casablanca. All\u00ed, nuestros j\u00f3venes interactuaron directamente con los animales de granja y visitaron el huerto ecol\u00f3gico.&nbsp;<\/p>\n\n\t\t<style type=\"text\/css\">\n\t\t\t#gallery-2 {\n\t\t\t\tmargin: auto;\n\t\t\t}\n\t\t\t#gallery-2 .gallery-item {\n\t\t\t\tfloat: left;\n\t\t\t\tmargin-top: 10px;\n\t\t\t\ttext-align: center;\n\t\t\t\twidth: 50%;\n\t\t\t}\n\t\t\t#gallery-2 img {\n\t\t\t\tborder: 2px solid #cfcfcf;\n\t\t\t}\n\t\t\t#gallery-2 .gallery-caption {\n\t\t\t\tmargin-left: 0;\n\t\t\t}\n\t\t\t\/* see gallery_shortcode() in wp-includes\/media.php *\/\n\t\t<\/style>\n\t\t<div id='gallery-2' class='gallery galleryid-2926 gallery-columns-2 gallery-size-large'><dl class='gallery-item'>\n\t\t\t<dt class='gallery-icon landscape'>\n\t\t\t\t<a href='https:\/\/blogsaverroes.juntadeandalucia.es\/ceip-maestro-jose-duran\/orientacion\/attachment\/1759912733845\/'><img loading=\"lazy\" decoding=\"async\" width=\"1024\" height=\"768\" src=\"https:\/\/blogsaverroes.juntadeandalucia.es\/ceip-maestro-jose-duran\/files\/2025\/11\/1759912733845-1024x768.jpg\" class=\"attachment-large size-large\" alt=\"\" srcset=\"https:\/\/blogsaverroes.juntadeandalucia.es\/ceip-maestro-jose-duran\/files\/2025\/11\/1759912733845-980x735.jpg 980w, https:\/\/blogsaverroes.juntadeandalucia.es\/ceip-maestro-jose-duran\/files\/2025\/11\/1759912733845-480x360.jpg 480w\" sizes=\"(min-width: 0px) and (max-width: 480px) 480px, (min-width: 481px) and (max-width: 980px) 980px, (min-width: 981px) 1024px, 100vw\" \/><\/a>\n\t\t\t<\/dt><\/dl><dl class='gallery-item'>\n\t\t\t<dt class='gallery-icon landscape'>\n\t\t\t\t<a href='https:\/\/blogsaverroes.juntadeandalucia.es\/ceip-maestro-jose-duran\/orientacion\/attachment\/1759912734228\/'><img loading=\"lazy\" decoding=\"async\" width=\"1024\" height=\"768\" src=\"https:\/\/blogsaverroes.juntadeandalucia.es\/ceip-maestro-jose-duran\/files\/2025\/11\/1759912734228-1024x768.jpg\" class=\"attachment-large size-large\" alt=\"\" srcset=\"https:\/\/blogsaverroes.juntadeandalucia.es\/ceip-maestro-jose-duran\/files\/2025\/11\/1759912734228-980x735.jpg 980w, https:\/\/blogsaverroes.juntadeandalucia.es\/ceip-maestro-jose-duran\/files\/2025\/11\/1759912734228-480x360.jpg 480w\" sizes=\"(min-width: 0px) and (max-width: 480px) 480px, (min-width: 481px) and (max-width: 980px) 980px, (min-width: 981px) 1024px, 100vw\" \/><\/a>\n\t\t\t<\/dt><\/dl><br style=\"clear: both\" \/>\n\t\t<\/div>\n\n<p>Para finalizar esta jornada de aventura, hicimos una parada en el banco gigante de Almargen, un punto destacado de las Rutas de Bancos Gigantes de Andaluc\u00eda. Un recuerdo fotogr\u00e1fico que simboliza la culminaci\u00f3n de su esfuerzo y la grandeza de nuestra localidad.<\/p>\n<p><img loading=\"lazy\" decoding=\"async\" class=\"size-large wp-image-2941 aligncenter\" src=\"https:\/\/blogsaverroes.juntadeandalucia.es\/ceip-maestro-jose-duran\/files\/2025\/11\/1759912733419-1024x768.jpg\" alt=\"\" width=\"1024\" height=\"768\" srcset=\"https:\/\/blogsaverroes.juntadeandalucia.es\/ceip-maestro-jose-duran\/files\/2025\/11\/1759912733419-980x735.jpg 980w, https:\/\/blogsaverroes.juntadeandalucia.es\/ceip-maestro-jose-duran\/files\/2025\/11\/1759912733419-480x360.jpg 480w\" sizes=\"(min-width: 0px) and (max-width: 480px) 480px, (min-width: 481px) and (max-width: 980px) 980px, (min-width: 981px) 1024px, 100vw\" \/><\/p>\n<p>Agradecemos al Ayuntamiento de Almargen por su constante apoyo a las iniciativas que enriquecen la formaci\u00f3n de nuestro alumnado.<\/p>\n","protected":false},"excerpt":{"rendered":"<p>Esta semana, nuestro alumnado de la ESO ha participado en una emocionante Jornada de Orientaci\u00f3n Activa. El objetivo era claro: fomentar el trabajo en equipo, la toma de decisiones y la resoluci\u00f3n de problemas en un entorno diferente. La actividad comenz\u00f3 con un circuito de orientaci\u00f3n donde el alumnado, utilizando sus habilidades de pensamiento l\u00f3gico [&hellip;]<\/p>\n","protected":false},"author":11212,"featured_media":2927,"comment_status":"closed","ping_status":"open","sticky":false,"template":"","format":"standard","meta":{"_et_pb_use_builder":"","_et_pb_old_content":"","_et_gb_content_width":"","ngg_post_thumbnail":0,"footnotes":""},"categories":[12],"tags":[],"aioseo_notices":[],"_links":{"self":[{"href":"https:\/\/blogsaverroes.juntadeandalucia.es\/ceip-maestro-jose-duran\/wp-json\/wp\/v2\/posts\/2926"}],"collection":[{"href":"https:\/\/blogsaverroes.juntadeandalucia.es\/ceip-maestro-jose-duran\/wp-json\/wp\/v2\/posts"}],"about":[{"href":"https:\/\/blogsaverroes.juntadeandalucia.es\/ceip-maestro-jose-duran\/wp-json\/wp\/v2\/types\/post"}],"author":[{"embeddable":true,"href":"https:\/\/blogsaverroes.juntadeandalucia.es\/ceip-maestro-jose-duran\/wp-json\/wp\/v2\/users\/11212"}],"replies":[{"embeddable":true,"href":"https:\/\/blogsaverroes.juntadeandalucia.es\/ceip-maestro-jose-duran\/wp-json\/wp\/v2\/comments?post=2926"}],"version-history":[{"count":1,"href":"https:\/\/blogsaverroes.juntadeandalucia.es\/ceip-maestro-jose-duran\/wp-json\/wp\/v2\/posts\/2926\/revisions"}],"predecessor-version":[{"id":2943,"href":"https:\/\/blogsaverroes.juntadeandalucia.es\/ceip-maestro-jose-duran\/wp-json\/wp\/v2\/posts\/2926\/revisions\/2943"}],"wp:featuredmedia":[{"embeddable":true,"href":"https:\/\/blogsaverroes.juntadeandalucia.es\/ceip-maestro-jose-duran\/wp-json\/wp\/v2\/media\/2927"}],"wp:attachment":[{"href":"https:\/\/blogsaverroes.juntadeandalucia.es\/ceip-maestro-jose-duran\/wp-json\/wp\/v2\/media?parent=2926"}],"wp:term":[{"taxonomy":"category","embeddable":true,"href":"https:\/\/blogsaverroes.juntadeandalucia.es\/ceip-maestro-jose-duran\/wp-json\/wp\/v2\/categories?post=2926"},{"taxonomy":"post_tag","embeddable":true,"href":"https:\/\/blogsaverroes.juntadeandalucia.es\/ceip-maestro-jose-duran\/wp-json\/wp\/v2\/tags?post=2926"}],"curies":[{"name":"wp","href":"https:\/\/api.w.org\/{rel}","templated":true}]}}