{"id":3194,"date":"2026-03-06T20:30:30","date_gmt":"2026-03-06T19:30:30","guid":{"rendered":"https:\/\/blogsaverroes.juntadeandalucia.es\/ceip-maestro-jose-duran\/?p=3194"},"modified":"2026-03-22T20:47:04","modified_gmt":"2026-03-22T19:47:04","slug":"excursion-a-cordoba","status":"publish","type":"post","link":"https:\/\/blogsaverroes.juntadeandalucia.es\/ceip-maestro-jose-duran\/excursion-a-cordoba\/","title":{"rendered":"Excursi\u00f3n a C\u00f3rdoba"},"content":{"rendered":"<p data-start=\"147\" data-end=\"384\">El pasado jueves, el alumnado de Segundo y Tercer Ciclo de Educaci\u00f3n Primaria y de 1\u00ba y 2\u00ba de ESO disfrut\u00f3 de una jornada inolvidable en la ciudad de C\u00f3rdoba, llena de historia, cultura y aprendizaje fuera del aula.<\/p>\n<p data-start=\"147\" data-end=\"384\"><img loading=\"lazy\" decoding=\"async\" class=\"alignnone size-large wp-image-3222\" src=\"https:\/\/blogsaverroes.juntadeandalucia.es\/ceip-maestro-jose-duran\/files\/2026\/03\/IMG-20260306-WA0019-768x1024.jpg\" alt=\"\" width=\"768\" height=\"1024\"><\/p>\n<p data-start=\"386\" data-end=\"508\">Durante la visita, el alumnado pudo conocer de primera mano algunos de los monumentos m\u00e1s emblem\u00e1ticos de la ciudad:<img loading=\"lazy\" decoding=\"async\" class=\"alignnone size-large wp-image-3208\" src=\"https:\/\/blogsaverroes.juntadeandalucia.es\/ceip-maestro-jose-duran\/files\/2026\/03\/20260305_102744-768x1024.jpg\" alt=\"\" width=\"768\" height=\"1024\"><\/p>\n<ul data-start=\"509\" data-end=\"829\">\n<li data-section-id=\"1kqbztk\" data-start=\"509\" data-end=\"606\">La Mezquita-Catedral de C\u00f3rdoba, donde descubrieron su riqueza arquitect\u00f3nica y cultural.<\/li>\n<\/ul>\n\n\t\t<style type=\"text\/css\">\n\t\t\t#gallery-1 {\n\t\t\t\tmargin: auto;\n\t\t\t}\n\t\t\t#gallery-1 .gallery-item {\n\t\t\t\tfloat: left;\n\t\t\t\tmargin-top: 10px;\n\t\t\t\ttext-align: center;\n\t\t\t\twidth: 50%;\n\t\t\t}\n\t\t\t#gallery-1 img {\n\t\t\t\tborder: 2px solid #cfcfcf;\n\t\t\t}\n\t\t\t#gallery-1 .gallery-caption {\n\t\t\t\tmargin-left: 0;\n\t\t\t}\n\t\t\t\/* see gallery_shortcode() in wp-includes\/media.php *\/\n\t\t<\/style>\n\t\t<div id='gallery-1' class='gallery galleryid-3194 gallery-columns-2 gallery-size-large'><dl class='gallery-item'>\n\t\t\t<dt class='gallery-icon portrait'>\n\t\t\t\t<a href='https:\/\/blogsaverroes.juntadeandalucia.es\/ceip-maestro-jose-duran\/excursion-a-cordoba\/20260305_104254\/'><img loading=\"lazy\" decoding=\"async\" width=\"768\" height=\"1024\" src=\"https:\/\/blogsaverroes.juntadeandalucia.es\/ceip-maestro-jose-duran\/files\/2026\/03\/20260305_104254-768x1024.jpg\" class=\"attachment-large size-large\" alt=\"\" \/><\/a>\n\t\t\t<\/dt><\/dl><dl class='gallery-item'>\n\t\t\t<dt class='gallery-icon portrait'>\n\t\t\t\t<a href='https:\/\/blogsaverroes.juntadeandalucia.es\/ceip-maestro-jose-duran\/excursion-a-cordoba\/20260305_105635\/'><img loading=\"lazy\" decoding=\"async\" width=\"768\" height=\"1024\" src=\"https:\/\/blogsaverroes.juntadeandalucia.es\/ceip-maestro-jose-duran\/files\/2026\/03\/20260305_105635-768x1024.jpg\" class=\"attachment-large size-large\" alt=\"\" \/><\/a>\n\t\t\t<\/dt><\/dl><br style=\"clear: both\" \/><dl class='gallery-item'>\n\t\t\t<dt class='gallery-icon portrait'>\n\t\t\t\t<a href='https:\/\/blogsaverroes.juntadeandalucia.es\/ceip-maestro-jose-duran\/excursion-a-cordoba\/img-20260306-wa0015\/'><img loading=\"lazy\" decoding=\"async\" width=\"768\" height=\"1024\" src=\"https:\/\/blogsaverroes.juntadeandalucia.es\/ceip-maestro-jose-duran\/files\/2026\/03\/IMG-20260306-WA0015-768x1024.jpg\" class=\"attachment-large size-large\" alt=\"\" \/><\/a>\n\t\t\t<\/dt><\/dl><dl class='gallery-item'>\n\t\t\t<dt class='gallery-icon portrait'>\n\t\t\t\t<a href='https:\/\/blogsaverroes.juntadeandalucia.es\/ceip-maestro-jose-duran\/excursion-a-cordoba\/img-20260305-wa0050\/'><img loading=\"lazy\" decoding=\"async\" width=\"768\" height=\"1024\" src=\"https:\/\/blogsaverroes.juntadeandalucia.es\/ceip-maestro-jose-duran\/files\/2026\/03\/IMG-20260305-WA0050-768x1024.jpg\" class=\"attachment-large size-large\" alt=\"\" \/><\/a>\n\t\t\t<\/dt><\/dl><br style=\"clear: both\" \/><dl class='gallery-item'>\n\t\t\t<dt class='gallery-icon portrait'>\n\t\t\t\t<a href='https:\/\/blogsaverroes.juntadeandalucia.es\/ceip-maestro-jose-duran\/excursion-a-cordoba\/img-20260305-wa0046\/'><img loading=\"lazy\" decoding=\"async\" width=\"768\" height=\"1024\" src=\"https:\/\/blogsaverroes.juntadeandalucia.es\/ceip-maestro-jose-duran\/files\/2026\/03\/IMG-20260305-WA0046-768x1024.jpg\" class=\"attachment-large size-large\" alt=\"\" \/><\/a>\n\t\t\t<\/dt><\/dl><dl class='gallery-item'>\n\t\t\t<dt class='gallery-icon portrait'>\n\t\t\t\t<a href='https:\/\/blogsaverroes.juntadeandalucia.es\/ceip-maestro-jose-duran\/excursion-a-cordoba\/img-20260305-wa0039\/'><img loading=\"lazy\" decoding=\"async\" width=\"768\" height=\"1024\" src=\"https:\/\/blogsaverroes.juntadeandalucia.es\/ceip-maestro-jose-duran\/files\/2026\/03\/IMG-20260305-WA0039-768x1024.jpg\" class=\"attachment-large size-large\" alt=\"\" \/><\/a>\n\t\t\t<\/dt><\/dl><br style=\"clear: both\" \/><dl class='gallery-item'>\n\t\t\t<dt class='gallery-icon portrait'>\n\t\t\t\t<a href='https:\/\/blogsaverroes.juntadeandalucia.es\/ceip-maestro-jose-duran\/excursion-a-cordoba\/20260305_113308\/'><img loading=\"lazy\" decoding=\"async\" width=\"768\" height=\"1024\" src=\"https:\/\/blogsaverroes.juntadeandalucia.es\/ceip-maestro-jose-duran\/files\/2026\/03\/20260305_113308-768x1024.jpg\" class=\"attachment-large size-large\" alt=\"\" \/><\/a>\n\t\t\t<\/dt><\/dl><dl class='gallery-item'>\n\t\t\t<dt class='gallery-icon portrait'>\n\t\t\t\t<a href='https:\/\/blogsaverroes.juntadeandalucia.es\/ceip-maestro-jose-duran\/excursion-a-cordoba\/foto-de-maripaz-12\/'><img loading=\"lazy\" decoding=\"async\" width=\"768\" height=\"1024\" src=\"https:\/\/blogsaverroes.juntadeandalucia.es\/ceip-maestro-jose-duran\/files\/2026\/03\/Foto-de-Maripaz-768x1024.jpg\" class=\"attachment-large size-large\" alt=\"\" \/><\/a>\n\t\t\t<\/dt><\/dl><br style=\"clear: both\" \/><dl class='gallery-item'>\n\t\t\t<dt class='gallery-icon portrait'>\n\t\t\t\t<a href='https:\/\/blogsaverroes.juntadeandalucia.es\/ceip-maestro-jose-duran\/excursion-a-cordoba\/img-20260306-wa0014\/'><img loading=\"lazy\" decoding=\"async\" width=\"768\" height=\"1024\" src=\"https:\/\/blogsaverroes.juntadeandalucia.es\/ceip-maestro-jose-duran\/files\/2026\/03\/IMG-20260306-WA0014-768x1024.jpg\" class=\"attachment-large size-large\" alt=\"\" \/><\/a>\n\t\t\t<\/dt><\/dl><dl class='gallery-item'>\n\t\t\t<dt class='gallery-icon portrait'>\n\t\t\t\t<a href='https:\/\/blogsaverroes.juntadeandalucia.es\/ceip-maestro-jose-duran\/excursion-a-cordoba\/img-20260305-wa0053\/'><img loading=\"lazy\" decoding=\"async\" width=\"768\" height=\"1024\" src=\"https:\/\/blogsaverroes.juntadeandalucia.es\/ceip-maestro-jose-duran\/files\/2026\/03\/IMG-20260305-WA0053-768x1024.jpg\" class=\"attachment-large size-large\" alt=\"\" \/><\/a>\n\t\t\t<\/dt><\/dl><br style=\"clear: both\" \/>\n\t\t<\/div>\n\n<ul data-start=\"509\" data-end=\"829\">\n<li data-section-id=\"1uo96cq\" data-start=\"607\" data-end=\"723\">Un paseo por las calles del casco hist\u00f3rico, apreciando la belleza de sus patios, plazas y rincones t\u00edpicos.<\/li>\n<\/ul>\n\n\t\t<style type=\"text\/css\">\n\t\t\t#gallery-2 {\n\t\t\t\tmargin: auto;\n\t\t\t}\n\t\t\t#gallery-2 .gallery-item {\n\t\t\t\tfloat: left;\n\t\t\t\tmargin-top: 10px;\n\t\t\t\ttext-align: center;\n\t\t\t\twidth: 50%;\n\t\t\t}\n\t\t\t#gallery-2 img {\n\t\t\t\tborder: 2px solid #cfcfcf;\n\t\t\t}\n\t\t\t#gallery-2 .gallery-caption {\n\t\t\t\tmargin-left: 0;\n\t\t\t}\n\t\t\t\/* see gallery_shortcode() in wp-includes\/media.php *\/\n\t\t<\/style>\n\t\t<div id='gallery-2' class='gallery galleryid-3194 gallery-columns-2 gallery-size-large'><dl class='gallery-item'>\n\t\t\t<dt class='gallery-icon portrait'>\n\t\t\t\t<a href='https:\/\/blogsaverroes.juntadeandalucia.es\/ceip-maestro-jose-duran\/excursion-a-cordoba\/20260305_121506\/'><img loading=\"lazy\" decoding=\"async\" width=\"768\" height=\"1024\" src=\"https:\/\/blogsaverroes.juntadeandalucia.es\/ceip-maestro-jose-duran\/files\/2026\/03\/20260305_121506-768x1024.jpg\" class=\"attachment-large size-large\" alt=\"\" \/><\/a>\n\t\t\t<\/dt><\/dl><dl class='gallery-item'>\n\t\t\t<dt class='gallery-icon portrait'>\n\t\t\t\t<a href='https:\/\/blogsaverroes.juntadeandalucia.es\/ceip-maestro-jose-duran\/excursion-a-cordoba\/img-20260306-wa0012\/'><img loading=\"lazy\" decoding=\"async\" width=\"768\" height=\"1024\" src=\"https:\/\/blogsaverroes.juntadeandalucia.es\/ceip-maestro-jose-duran\/files\/2026\/03\/IMG-20260306-WA0012-768x1024.jpg\" class=\"attachment-large size-large\" alt=\"\" \/><\/a>\n\t\t\t<\/dt><\/dl><br style=\"clear: both\" \/><dl class='gallery-item'>\n\t\t\t<dt class='gallery-icon portrait'>\n\t\t\t\t<a href='https:\/\/blogsaverroes.juntadeandalucia.es\/ceip-maestro-jose-duran\/excursion-a-cordoba\/img-20260305-wa0031\/'><img loading=\"lazy\" decoding=\"async\" width=\"768\" height=\"1024\" src=\"https:\/\/blogsaverroes.juntadeandalucia.es\/ceip-maestro-jose-duran\/files\/2026\/03\/IMG-20260305-WA0031-768x1024.jpg\" class=\"attachment-large size-large\" alt=\"\" \/><\/a>\n\t\t\t<\/dt><\/dl><dl class='gallery-item'>\n\t\t\t<dt class='gallery-icon portrait'>\n\t\t\t\t<a href='https:\/\/blogsaverroes.juntadeandalucia.es\/ceip-maestro-jose-duran\/excursion-a-cordoba\/img-20260306-wa0007\/'><img loading=\"lazy\" decoding=\"async\" width=\"768\" height=\"1024\" src=\"https:\/\/blogsaverroes.juntadeandalucia.es\/ceip-maestro-jose-duran\/files\/2026\/03\/IMG-20260306-WA0007-768x1024.jpg\" class=\"attachment-large size-large\" alt=\"\" \/><\/a>\n\t\t\t<\/dt><\/dl><br style=\"clear: both\" \/>\n\t\t<\/div>\n\n<p><img loading=\"lazy\" decoding=\"async\" class=\"alignnone size-large wp-image-3201\" src=\"https:\/\/blogsaverroes.juntadeandalucia.es\/ceip-maestro-jose-duran\/files\/2026\/03\/IMG-20260309-WA0000-1-768x1024.jpg\" alt=\"\" width=\"768\" height=\"1024\"><\/p>\n<ul data-start=\"509\" data-end=\"829\">\n<li data-section-id=\"1g5wdy1\" data-start=\"724\" data-end=\"829\">Los Ba\u00f1os \u00c1rabes, donde aprendieron sobre la historia y la vida cotidiana en la C\u00f3rdoba medieval.<\/li>\n<\/ul>\n\n\t\t<style type=\"text\/css\">\n\t\t\t#gallery-3 {\n\t\t\t\tmargin: auto;\n\t\t\t}\n\t\t\t#gallery-3 .gallery-item {\n\t\t\t\tfloat: left;\n\t\t\t\tmargin-top: 10px;\n\t\t\t\ttext-align: center;\n\t\t\t\twidth: 50%;\n\t\t\t}\n\t\t\t#gallery-3 img {\n\t\t\t\tborder: 2px solid #cfcfcf;\n\t\t\t}\n\t\t\t#gallery-3 .gallery-caption {\n\t\t\t\tmargin-left: 0;\n\t\t\t}\n\t\t\t\/* see gallery_shortcode() in wp-includes\/media.php *\/\n\t\t<\/style>\n\t\t<div id='gallery-3' class='gallery galleryid-3194 gallery-columns-2 gallery-size-large'><dl class='gallery-item'>\n\t\t\t<dt class='gallery-icon portrait'>\n\t\t\t\t<a href='https:\/\/blogsaverroes.juntadeandalucia.es\/ceip-maestro-jose-duran\/excursion-a-cordoba\/img-20260306-wa0008\/'><img loading=\"lazy\" decoding=\"async\" width=\"768\" height=\"1024\" src=\"https:\/\/blogsaverroes.juntadeandalucia.es\/ceip-maestro-jose-duran\/files\/2026\/03\/IMG-20260306-WA0008-768x1024.jpg\" class=\"attachment-large size-large\" alt=\"\" \/><\/a>\n\t\t\t<\/dt><\/dl><dl class='gallery-item'>\n\t\t\t<dt class='gallery-icon portrait'>\n\t\t\t\t<a href='https:\/\/blogsaverroes.juntadeandalucia.es\/ceip-maestro-jose-duran\/excursion-a-cordoba\/img-20260306-wa0009\/'><img loading=\"lazy\" decoding=\"async\" width=\"768\" height=\"1024\" src=\"https:\/\/blogsaverroes.juntadeandalucia.es\/ceip-maestro-jose-duran\/files\/2026\/03\/IMG-20260306-WA0009-768x1024.jpg\" class=\"attachment-large size-large\" alt=\"\" \/><\/a>\n\t\t\t<\/dt><\/dl><br style=\"clear: both\" \/>\n\t\t<\/div>\n\n<p data-start=\"831\" data-end=\"1091\">Adem\u00e1s, la jornada incluy\u00f3 una visita al zool\u00f3gico de C\u00f3rdoba, combinando aprendizaje y diversi\u00f3n en un espacio donde pudieron observar de cerca la fauna y reflexionar sobre la importancia del cuidado de los animales y la conservaci\u00f3n del medio ambiente.<\/p>\n\n\t\t<style type=\"text\/css\">\n\t\t\t#gallery-4 {\n\t\t\t\tmargin: auto;\n\t\t\t}\n\t\t\t#gallery-4 .gallery-item {\n\t\t\t\tfloat: left;\n\t\t\t\tmargin-top: 10px;\n\t\t\t\ttext-align: center;\n\t\t\t\twidth: 50%;\n\t\t\t}\n\t\t\t#gallery-4 img {\n\t\t\t\tborder: 2px solid #cfcfcf;\n\t\t\t}\n\t\t\t#gallery-4 .gallery-caption {\n\t\t\t\tmargin-left: 0;\n\t\t\t}\n\t\t\t\/* see gallery_shortcode() in wp-includes\/media.php *\/\n\t\t<\/style>\n\t\t<div id='gallery-4' class='gallery galleryid-3194 gallery-columns-2 gallery-size-large'><dl class='gallery-item'>\n\t\t\t<dt class='gallery-icon landscape'>\n\t\t\t\t<a href='https:\/\/blogsaverroes.juntadeandalucia.es\/ceip-maestro-jose-duran\/excursion-a-cordoba\/20260305_154908\/'><img loading=\"lazy\" decoding=\"async\" width=\"1024\" height=\"768\" src=\"https:\/\/blogsaverroes.juntadeandalucia.es\/ceip-maestro-jose-duran\/files\/2026\/03\/20260305_154908-1024x768.jpg\" class=\"attachment-large size-large\" alt=\"\" srcset=\"https:\/\/blogsaverroes.juntadeandalucia.es\/ceip-maestro-jose-duran\/files\/2026\/03\/20260305_154908-980x735.jpg 980w, https:\/\/blogsaverroes.juntadeandalucia.es\/ceip-maestro-jose-duran\/files\/2026\/03\/20260305_154908-480x360.jpg 480w\" sizes=\"(min-width: 0px) and (max-width: 480px) 480px, (min-width: 481px) and (max-width: 980px) 980px, (min-width: 981px) 1024px, 100vw\" \/><\/a>\n\t\t\t<\/dt><\/dl><dl class='gallery-item'>\n\t\t\t<dt class='gallery-icon landscape'>\n\t\t\t\t<a href='https:\/\/blogsaverroes.juntadeandalucia.es\/ceip-maestro-jose-duran\/excursion-a-cordoba\/20260305_154855\/'><img loading=\"lazy\" decoding=\"async\" width=\"1024\" height=\"768\" src=\"https:\/\/blogsaverroes.juntadeandalucia.es\/ceip-maestro-jose-duran\/files\/2026\/03\/20260305_154855-1024x768.jpg\" class=\"attachment-large size-large\" alt=\"\" srcset=\"https:\/\/blogsaverroes.juntadeandalucia.es\/ceip-maestro-jose-duran\/files\/2026\/03\/20260305_154855-980x735.jpg 980w, https:\/\/blogsaverroes.juntadeandalucia.es\/ceip-maestro-jose-duran\/files\/2026\/03\/20260305_154855-480x360.jpg 480w\" sizes=\"(min-width: 0px) and (max-width: 480px) 480px, (min-width: 481px) and (max-width: 980px) 980px, (min-width: 981px) 1024px, 100vw\" \/><\/a>\n\t\t\t<\/dt><\/dl><br style=\"clear: both\" \/><dl class='gallery-item'>\n\t\t\t<dt class='gallery-icon portrait'>\n\t\t\t\t<a href='https:\/\/blogsaverroes.juntadeandalucia.es\/ceip-maestro-jose-duran\/excursion-a-cordoba\/20260305_154400-1\/'><img loading=\"lazy\" decoding=\"async\" width=\"768\" height=\"1024\" src=\"https:\/\/blogsaverroes.juntadeandalucia.es\/ceip-maestro-jose-duran\/files\/2026\/03\/20260305_154400-1-768x1024.jpg\" class=\"attachment-large size-large\" alt=\"\" \/><\/a>\n\t\t\t<\/dt><\/dl><dl class='gallery-item'>\n\t\t\t<dt class='gallery-icon portrait'>\n\t\t\t\t<a href='https:\/\/blogsaverroes.juntadeandalucia.es\/ceip-maestro-jose-duran\/excursion-a-cordoba\/20260305_155232\/'><img loading=\"lazy\" decoding=\"async\" width=\"768\" height=\"1024\" src=\"https:\/\/blogsaverroes.juntadeandalucia.es\/ceip-maestro-jose-duran\/files\/2026\/03\/20260305_155232-768x1024.jpg\" class=\"attachment-large size-large\" alt=\"\" \/><\/a>\n\t\t\t<\/dt><\/dl><br style=\"clear: both\" \/><dl class='gallery-item'>\n\t\t\t<dt class='gallery-icon portrait'>\n\t\t\t\t<a href='https:\/\/blogsaverroes.juntadeandalucia.es\/ceip-maestro-jose-duran\/excursion-a-cordoba\/20260305_155421\/'><img loading=\"lazy\" decoding=\"async\" width=\"768\" height=\"1024\" src=\"https:\/\/blogsaverroes.juntadeandalucia.es\/ceip-maestro-jose-duran\/files\/2026\/03\/20260305_155421-768x1024.jpg\" class=\"attachment-large size-large\" alt=\"\" \/><\/a>\n\t\t\t<\/dt><\/dl><dl class='gallery-item'>\n\t\t\t<dt class='gallery-icon portrait'>\n\t\t\t\t<a href='https:\/\/blogsaverroes.juntadeandalucia.es\/ceip-maestro-jose-duran\/excursion-a-cordoba\/20260305_155723\/'><img loading=\"lazy\" decoding=\"async\" width=\"768\" height=\"1024\" src=\"https:\/\/blogsaverroes.juntadeandalucia.es\/ceip-maestro-jose-duran\/files\/2026\/03\/20260305_155723-768x1024.jpg\" class=\"attachment-large size-large\" alt=\"\" \/><\/a>\n\t\t\t<\/dt><\/dl><br style=\"clear: both\" \/><dl class='gallery-item'>\n\t\t\t<dt class='gallery-icon portrait'>\n\t\t\t\t<a href='https:\/\/blogsaverroes.juntadeandalucia.es\/ceip-maestro-jose-duran\/excursion-a-cordoba\/20260305_161514\/'><img loading=\"lazy\" decoding=\"async\" width=\"768\" height=\"1024\" src=\"https:\/\/blogsaverroes.juntadeandalucia.es\/ceip-maestro-jose-duran\/files\/2026\/03\/20260305_161514-768x1024.jpg\" class=\"attachment-large size-large\" alt=\"\" \/><\/a>\n\t\t\t<\/dt><\/dl><dl class='gallery-item'>\n\t\t\t<dt class='gallery-icon portrait'>\n\t\t\t\t<a href='https:\/\/blogsaverroes.juntadeandalucia.es\/ceip-maestro-jose-duran\/excursion-a-cordoba\/20260305_161618\/'><img loading=\"lazy\" decoding=\"async\" width=\"768\" height=\"1024\" src=\"https:\/\/blogsaverroes.juntadeandalucia.es\/ceip-maestro-jose-duran\/files\/2026\/03\/20260305_161618-768x1024.jpg\" class=\"attachment-large size-large\" alt=\"\" \/><\/a>\n\t\t\t<\/dt><\/dl><br style=\"clear: both\" \/><dl class='gallery-item'>\n\t\t\t<dt class='gallery-icon portrait'>\n\t\t\t\t<a href='https:\/\/blogsaverroes.juntadeandalucia.es\/ceip-maestro-jose-duran\/excursion-a-cordoba\/img-20260305-wa0030\/'><img loading=\"lazy\" decoding=\"async\" width=\"768\" height=\"1024\" src=\"https:\/\/blogsaverroes.juntadeandalucia.es\/ceip-maestro-jose-duran\/files\/2026\/03\/IMG-20260305-WA0030-768x1024.jpg\" class=\"attachment-large size-large\" alt=\"\" \/><\/a>\n\t\t\t<\/dt><\/dl><dl class='gallery-item'>\n\t\t\t<dt class='gallery-icon portrait'>\n\t\t\t\t<a href='https:\/\/blogsaverroes.juntadeandalucia.es\/ceip-maestro-jose-duran\/excursion-a-cordoba\/img-20260305-wa0048\/'><img loading=\"lazy\" decoding=\"async\" width=\"768\" height=\"1024\" src=\"https:\/\/blogsaverroes.juntadeandalucia.es\/ceip-maestro-jose-duran\/files\/2026\/03\/IMG-20260305-WA0048-768x1024.jpg\" class=\"attachment-large size-large\" alt=\"\" \/><\/a>\n\t\t\t<\/dt><\/dl><br style=\"clear: both\" \/>\n\t\t<\/div>\n\n<p data-start=\"1093\" data-end=\"1332\">Esta excursi\u00f3n ha sido una experiencia enriquecedora que ha permitido al alumnado aprender de manera vivencial, fomentar la convivencia entre compa\u00f1eros y acercarse a la riqueza cultural e hist\u00f3rica de nuestra comunidad aut\u00f3noma.<\/p>\n<p data-start=\"1334\" data-end=\"1419\">Sin duda, un d\u00eda para aprender, descubrir y disfrutar juntos fuera del aula.<\/p>\n","protected":false},"excerpt":{"rendered":"<p>El pasado jueves, el alumnado de Segundo y Tercer Ciclo de Educaci\u00f3n Primaria y de 1\u00ba y 2\u00ba de ESO disfrut\u00f3 de una jornada inolvidable en la ciudad de C\u00f3rdoba, llena de historia, cultura y aprendizaje fuera del aula. Durante la visita, el alumnado pudo conocer de primera mano algunos de los monumentos m\u00e1s emblem\u00e1ticos [&hellip;]<\/p>\n","protected":false},"author":11212,"featured_media":3195,"comment_status":"closed","ping_status":"open","sticky":false,"template":"","format":"standard","meta":{"_et_pb_use_builder":"","_et_pb_old_content":"","_et_gb_content_width":"","ngg_post_thumbnail":0,"footnotes":""},"categories":[1],"tags":[],"aioseo_notices":[],"_links":{"self":[{"href":"https:\/\/blogsaverroes.juntadeandalucia.es\/ceip-maestro-jose-duran\/wp-json\/wp\/v2\/posts\/3194"}],"collection":[{"href":"https:\/\/blogsaverroes.juntadeandalucia.es\/ceip-maestro-jose-duran\/wp-json\/wp\/v2\/posts"}],"about":[{"href":"https:\/\/blogsaverroes.juntadeandalucia.es\/ceip-maestro-jose-duran\/wp-json\/wp\/v2\/types\/post"}],"author":[{"embeddable":true,"href":"https:\/\/blogsaverroes.juntadeandalucia.es\/ceip-maestro-jose-duran\/wp-json\/wp\/v2\/users\/11212"}],"replies":[{"embeddable":true,"href":"https:\/\/blogsaverroes.juntadeandalucia.es\/ceip-maestro-jose-duran\/wp-json\/wp\/v2\/comments?post=3194"}],"version-history":[{"count":1,"href":"https:\/\/blogsaverroes.juntadeandalucia.es\/ceip-maestro-jose-duran\/wp-json\/wp\/v2\/posts\/3194\/revisions"}],"predecessor-version":[{"id":3227,"href":"https:\/\/blogsaverroes.juntadeandalucia.es\/ceip-maestro-jose-duran\/wp-json\/wp\/v2\/posts\/3194\/revisions\/3227"}],"wp:featuredmedia":[{"embeddable":true,"href":"https:\/\/blogsaverroes.juntadeandalucia.es\/ceip-maestro-jose-duran\/wp-json\/wp\/v2\/media\/3195"}],"wp:attachment":[{"href":"https:\/\/blogsaverroes.juntadeandalucia.es\/ceip-maestro-jose-duran\/wp-json\/wp\/v2\/media?parent=3194"}],"wp:term":[{"taxonomy":"category","embeddable":true,"href":"https:\/\/blogsaverroes.juntadeandalucia.es\/ceip-maestro-jose-duran\/wp-json\/wp\/v2\/categories?post=3194"},{"taxonomy":"post_tag","embeddable":true,"href":"https:\/\/blogsaverroes.juntadeandalucia.es\/ceip-maestro-jose-duran\/wp-json\/wp\/v2\/tags?post=3194"}],"curies":[{"name":"wp","href":"https:\/\/api.w.org\/{rel}","templated":true}]}}