{"id":928,"date":"2022-09-01T00:00:41","date_gmt":"2022-08-31T23:00:41","guid":{"rendered":"https:\/\/blogsaverroes.juntadeandalucia.es\/ceip-maestro-rafael-carballar\/?p=928"},"modified":"2022-12-14T11:23:04","modified_gmt":"2022-12-14T10:23:04","slug":"bienvenida","status":"publish","type":"post","link":"https:\/\/blogsaverroes.juntadeandalucia.es\/ceip-maestro-rafael-carballar\/bienvenida\/","title":{"rendered":"Bienvenida"},"content":{"rendered":"<p><a href=\"https:\/\/blogsaverroes.juntadeandalucia.es\/ceip-maestro-rafael-carballar\/files\/2021\/06\/Captura-de-pantalla-2021-06-01-a-las-19.54.24-1-e1622624375377.png\"><img loading=\"lazy\" decoding=\"async\" class=\"aligncenter wp-image-917 \" src=\"https:\/\/blogsaverroes.juntadeandalucia.es\/ceip-maestro-rafael-carballar\/files\/2021\/06\/Captura-de-pantalla-2021-06-01-a-las-19.54.24-1-e1622571064571-300x126.png\" alt=\"\" width=\"220\" height=\"97\"><\/a><\/p>\n<p><a href=\"https:\/\/blogsaverroes.juntadeandalucia.es\/ceip-maestro-rafael-carballar\/files\/2021\/06\/Captura-de-pantalla-2021-06-01-a-las-19.54.24.png\">&nbsp;<\/a><\/p>\n<p><span style=\"font-family: 'courier new', courier, monospace\">La Direcci\u00f3n del <strong>CEIP Maestro Rafael Carballar <\/strong>de Higuera de la Sierra, en nombre de todo el claustro y del personal no docente que completa esta brigada humana, encargada de ofrecer una Educaci\u00f3n de Calidad;&nbsp;&nbsp;os saluda y da la bienvenida a todos los miembros de nuestra comunidad educativa.<\/span><\/p>\n<p><span style=\"font-family: 'courier new', courier, monospace\">Esperamos que su consulta o visita le ofrezca la informaci\u00f3n que precise de forma \u00e1gil y din\u00e1mica. El prop\u00f3sito de nuestra p\u00e1gina Web es servir de utilidad a los alumnos\/as, madres y padres, personal docente y personal de administraci\u00f3n y servicios del centro educativo y a todo aquel que quiera conocernos y se acerque a este espacio.<\/span><\/p>\n<p><span style=\"font-family: 'courier new', courier, monospace\">Ha sido la inquietud de numerosos miembros de nuestro equipo de trabajo la que ha llevado a desarrollar esta p\u00e1gina Web como medio de comunicaci\u00f3n y ventana hacia el exterior.<\/span><\/p>\n<p><span style=\"font-family: 'courier new', courier, monospace\">A todos aquellos que han trabajado y trabajan para hacer realidad este proyecto nuestro m\u00e1s sincero agradecimiento y reconocimiento\u2026<\/span><\/p>\n<p><span style=\"font-family: 'courier new', courier, monospace\">\u2026 y a los que nos visitan por primera vez, nuestra m\u00e1s calurosa bienvenida.<\/span><a href=\"https:\/\/blogsaverroes.juntadeandalucia.es\/ceip-maestro-rafael-carballar\/files\/2021\/05\/logo_Higuera1-removebg-preview-1.png\"><img loading=\"lazy\" decoding=\"async\" class=\"aligncenter size-thumbnail wp-image-753\" src=\"https:\/\/blogsaverroes.juntadeandalucia.es\/ceip-maestro-rafael-carballar\/files\/2021\/05\/logo_Higuera1-removebg-preview-1-232x232.png\" alt=\"\" width=\"232\" height=\"232\"><\/a><\/p>\n<p style=\"text-align: center\"><span style=\"font-family: 'courier new', courier, monospace\"><strong>&nbsp;\u00a1Bienvenidos a ese lugar &#8230;. donde todo es posible!<\/strong>&nbsp;<\/span><\/p>\n","protected":false},"excerpt":{"rendered":"<p>&nbsp; La Direcci\u00f3n del CEIP Maestro Rafael Carballar de Higuera de la Sierra, en nombre de todo el claustro y del personal no docente que completa esta brigada humana, encargada de ofrecer una Educaci\u00f3n&#46;&#46;&#46;<\/p>\n","protected":false},"author":12947,"featured_media":1043,"comment_status":"open","ping_status":"open","sticky":false,"template":"","format":"standard","meta":{"ngg_post_thumbnail":0,"footnotes":""},"categories":[22,1],"tags":[],"aioseo_notices":[],"_links":{"self":[{"href":"https:\/\/blogsaverroes.juntadeandalucia.es\/ceip-maestro-rafael-carballar\/wp-json\/wp\/v2\/posts\/928"}],"collection":[{"href":"https:\/\/blogsaverroes.juntadeandalucia.es\/ceip-maestro-rafael-carballar\/wp-json\/wp\/v2\/posts"}],"about":[{"href":"https:\/\/blogsaverroes.juntadeandalucia.es\/ceip-maestro-rafael-carballar\/wp-json\/wp\/v2\/types\/post"}],"author":[{"embeddable":true,"href":"https:\/\/blogsaverroes.juntadeandalucia.es\/ceip-maestro-rafael-carballar\/wp-json\/wp\/v2\/users\/12947"}],"replies":[{"embeddable":true,"href":"https:\/\/blogsaverroes.juntadeandalucia.es\/ceip-maestro-rafael-carballar\/wp-json\/wp\/v2\/comments?post=928"}],"version-history":[{"count":8,"href":"https:\/\/blogsaverroes.juntadeandalucia.es\/ceip-maestro-rafael-carballar\/wp-json\/wp\/v2\/posts\/928\/revisions"}],"predecessor-version":[{"id":1044,"href":"https:\/\/blogsaverroes.juntadeandalucia.es\/ceip-maestro-rafael-carballar\/wp-json\/wp\/v2\/posts\/928\/revisions\/1044"}],"wp:featuredmedia":[{"embeddable":true,"href":"https:\/\/blogsaverroes.juntadeandalucia.es\/ceip-maestro-rafael-carballar\/wp-json\/wp\/v2\/media\/1043"}],"wp:attachment":[{"href":"https:\/\/blogsaverroes.juntadeandalucia.es\/ceip-maestro-rafael-carballar\/wp-json\/wp\/v2\/media?parent=928"}],"wp:term":[{"taxonomy":"category","embeddable":true,"href":"https:\/\/blogsaverroes.juntadeandalucia.es\/ceip-maestro-rafael-carballar\/wp-json\/wp\/v2\/categories?post=928"},{"taxonomy":"post_tag","embeddable":true,"href":"https:\/\/blogsaverroes.juntadeandalucia.es\/ceip-maestro-rafael-carballar\/wp-json\/wp\/v2\/tags?post=928"}],"curies":[{"name":"wp","href":"https:\/\/api.w.org\/{rel}","templated":true}]}}