{"id":3617,"date":"2023-04-23T12:52:09","date_gmt":"2023-04-23T11:52:09","guid":{"rendered":"https:\/\/blogsaverroes.juntadeandalucia.es\/ceip-manuel-cano-damian\/?p=3617"},"modified":"2023-04-23T12:52:09","modified_gmt":"2023-04-23T11:52:09","slug":"empezando-a-saborear","status":"publish","type":"post","link":"https:\/\/blogsaverroes.juntadeandalucia.es\/ceip-manuel-cano-damian\/empezando-a-saborear\/","title":{"rendered":"EMPEZANDO A SABOREAR"},"content":{"rendered":"<p><img loading=\"lazy\" decoding=\"async\" class=\"size-full wp-image-3618 aligncenter\" src=\"https:\/\/blogsaverroes.juntadeandalucia.es\/ceip-manuel-cano-damian\/files\/2023\/04\/cooltext434232421617756.png\" alt=\"\" width=\"825\" height=\"90\" srcset=\"https:\/\/blogsaverroes.juntadeandalucia.es\/ceip-manuel-cano-damian\/files\/2023\/04\/cooltext434232421617756.png 825w, https:\/\/blogsaverroes.juntadeandalucia.es\/ceip-manuel-cano-damian\/files\/2023\/04\/cooltext434232421617756-300x33.png 300w, https:\/\/blogsaverroes.juntadeandalucia.es\/ceip-manuel-cano-damian\/files\/2023\/04\/cooltext434232421617756-768x84.png 768w\" sizes=\"(max-width: 825px) 100vw, 825px\" \/><\/p>\n<p><span style=\"font-size: 14pt;color: #000000\"><strong>Los pasados d\u00edas, jueves y viernes, 20 y 21 de abril, el alumnado de 5\u00ba y 6\u00ba de primaria asistieron al taller de cocina, \u00abEmpezando a Saborear\u00bb,&nbsp; impartido por el chef Mat\u00edas Vega, presidente de la Cofrad\u00eda del Salmorejo Cordob\u00e9s. Tras degustar el delicioso salmorejo elaborado, visitaron los diferentes stands de la Feria Agroganadera.<\/strong><\/span><\/p>\n<p style=\"text-align: center\"><iframe loading=\"lazy\" src=\"\/\/www.youtube.com\/embed\/GG-E4z-rUXE\" width=\"560\" height=\"314\"><\/iframe><\/p>\n","protected":false},"excerpt":{"rendered":"<p>Los pasados d\u00edas, jueves y viernes, 20 y 21 de abril, el alumnado de 5\u00ba y 6\u00ba de primaria asistieron al taller de cocina, \u00abEmpezando a Saborear\u00bb,&nbsp; impartido por el chef Mat\u00edas Vega, presidente&#46;&#46;&#46;<\/p>\n","protected":false},"author":14491,"featured_media":3619,"comment_status":"closed","ping_status":"open","sticky":false,"template":"","format":"standard","meta":{"ngg_post_thumbnail":0,"footnotes":""},"categories":[3,4],"tags":[],"aioseo_notices":[],"_links":{"self":[{"href":"https:\/\/blogsaverroes.juntadeandalucia.es\/ceip-manuel-cano-damian\/wp-json\/wp\/v2\/posts\/3617"}],"collection":[{"href":"https:\/\/blogsaverroes.juntadeandalucia.es\/ceip-manuel-cano-damian\/wp-json\/wp\/v2\/posts"}],"about":[{"href":"https:\/\/blogsaverroes.juntadeandalucia.es\/ceip-manuel-cano-damian\/wp-json\/wp\/v2\/types\/post"}],"author":[{"embeddable":true,"href":"https:\/\/blogsaverroes.juntadeandalucia.es\/ceip-manuel-cano-damian\/wp-json\/wp\/v2\/users\/14491"}],"replies":[{"embeddable":true,"href":"https:\/\/blogsaverroes.juntadeandalucia.es\/ceip-manuel-cano-damian\/wp-json\/wp\/v2\/comments?post=3617"}],"version-history":[{"count":1,"href":"https:\/\/blogsaverroes.juntadeandalucia.es\/ceip-manuel-cano-damian\/wp-json\/wp\/v2\/posts\/3617\/revisions"}],"predecessor-version":[{"id":3620,"href":"https:\/\/blogsaverroes.juntadeandalucia.es\/ceip-manuel-cano-damian\/wp-json\/wp\/v2\/posts\/3617\/revisions\/3620"}],"wp:featuredmedia":[{"embeddable":true,"href":"https:\/\/blogsaverroes.juntadeandalucia.es\/ceip-manuel-cano-damian\/wp-json\/wp\/v2\/media\/3619"}],"wp:attachment":[{"href":"https:\/\/blogsaverroes.juntadeandalucia.es\/ceip-manuel-cano-damian\/wp-json\/wp\/v2\/media?parent=3617"}],"wp:term":[{"taxonomy":"category","embeddable":true,"href":"https:\/\/blogsaverroes.juntadeandalucia.es\/ceip-manuel-cano-damian\/wp-json\/wp\/v2\/categories?post=3617"},{"taxonomy":"post_tag","embeddable":true,"href":"https:\/\/blogsaverroes.juntadeandalucia.es\/ceip-manuel-cano-damian\/wp-json\/wp\/v2\/tags?post=3617"}],"curies":[{"name":"wp","href":"https:\/\/api.w.org\/{rel}","templated":true}]}}