{"id":3672,"date":"2023-05-01T18:42:42","date_gmt":"2023-05-01T17:42:42","guid":{"rendered":"https:\/\/blogsaverroes.juntadeandalucia.es\/ceip-manuel-cano-damian\/?p=3672"},"modified":"2023-05-01T18:42:42","modified_gmt":"2023-05-01T17:42:42","slug":"convivencia-intercentros","status":"publish","type":"post","link":"https:\/\/blogsaverroes.juntadeandalucia.es\/ceip-manuel-cano-damian\/convivencia-intercentros\/","title":{"rendered":"CONVIVENCIA INTERCENTROS"},"content":{"rendered":"<p><img loading=\"lazy\" decoding=\"async\" class=\"size-full wp-image-3673 aligncenter\" src=\"https:\/\/blogsaverroes.juntadeandalucia.es\/ceip-manuel-cano-damian\/files\/2023\/05\/cooltext434681327159356-1.png\" alt=\"\" width=\"490\" height=\"89\" srcset=\"https:\/\/blogsaverroes.juntadeandalucia.es\/ceip-manuel-cano-damian\/files\/2023\/05\/cooltext434681327159356-1.png 490w, https:\/\/blogsaverroes.juntadeandalucia.es\/ceip-manuel-cano-damian\/files\/2023\/05\/cooltext434681327159356-1-300x54.png 300w\" sizes=\"(max-width: 490px) 100vw, 490px\" \/><\/p>\n<div dir=\"auto\"><span style=\"font-size: 14pt;color: #000000\"><strong>ENCUENTRO INTERCENTROS<\/strong><\/span><\/div>\n<div dir=\"auto\"><span style=\"font-size: 14pt;color: #000000\"><strong>Desde el Proyecto intercentros \u00abEscuela: Espacio de Paz\u00bb, los centros educativos \u00abVirgen de Luna\u00bb, \u00ab<span class=\"xt0psk2\">Manuel Cano<\/span><span class=\"xt0psk2\"> Dami\u00e1n\u00bb<\/span> y \u00abGin\u00e9s de Sep\u00falveda\u00bb de Pozoblanco, hemos puesto en marcha una bonita actividad de encuentro entre los tres colegios. A trav\u00e9s de distintas din\u00e1micas y juegos en el patio, alumnado y profesorado nos hemos conocido, interactuando unos con otros. Con esta actividad se pretende establecer lazos de uni\u00f3n desde el respeto, la admiraci\u00f3n y la colaboraci\u00f3n entre todos. Una enriquecedora experiencia para repetir.<\/strong><\/span><\/div>\n<div dir=\"auto\" style=\"text-align: center\"><iframe loading=\"lazy\" src=\"\/\/www.youtube.com\/embed\/en4cMPcUEd4\" width=\"560\" height=\"314\"><\/iframe><\/div>\n","protected":false},"excerpt":{"rendered":"<p>ENCUENTRO INTERCENTROS Desde el Proyecto intercentros \u00abEscuela: Espacio de Paz\u00bb, los centros educativos \u00abVirgen de Luna\u00bb, \u00abManuel Cano Dami\u00e1n\u00bb y \u00abGin\u00e9s de Sep\u00falveda\u00bb de Pozoblanco, hemos puesto en marcha una bonita actividad de encuentro&#46;&#46;&#46;<\/p>\n","protected":false},"author":14491,"featured_media":3674,"comment_status":"closed","ping_status":"open","sticky":false,"template":"","format":"standard","meta":{"ngg_post_thumbnail":0,"footnotes":""},"categories":[3,4],"tags":[],"aioseo_notices":[],"_links":{"self":[{"href":"https:\/\/blogsaverroes.juntadeandalucia.es\/ceip-manuel-cano-damian\/wp-json\/wp\/v2\/posts\/3672"}],"collection":[{"href":"https:\/\/blogsaverroes.juntadeandalucia.es\/ceip-manuel-cano-damian\/wp-json\/wp\/v2\/posts"}],"about":[{"href":"https:\/\/blogsaverroes.juntadeandalucia.es\/ceip-manuel-cano-damian\/wp-json\/wp\/v2\/types\/post"}],"author":[{"embeddable":true,"href":"https:\/\/blogsaverroes.juntadeandalucia.es\/ceip-manuel-cano-damian\/wp-json\/wp\/v2\/users\/14491"}],"replies":[{"embeddable":true,"href":"https:\/\/blogsaverroes.juntadeandalucia.es\/ceip-manuel-cano-damian\/wp-json\/wp\/v2\/comments?post=3672"}],"version-history":[{"count":2,"href":"https:\/\/blogsaverroes.juntadeandalucia.es\/ceip-manuel-cano-damian\/wp-json\/wp\/v2\/posts\/3672\/revisions"}],"predecessor-version":[{"id":3676,"href":"https:\/\/blogsaverroes.juntadeandalucia.es\/ceip-manuel-cano-damian\/wp-json\/wp\/v2\/posts\/3672\/revisions\/3676"}],"wp:featuredmedia":[{"embeddable":true,"href":"https:\/\/blogsaverroes.juntadeandalucia.es\/ceip-manuel-cano-damian\/wp-json\/wp\/v2\/media\/3674"}],"wp:attachment":[{"href":"https:\/\/blogsaverroes.juntadeandalucia.es\/ceip-manuel-cano-damian\/wp-json\/wp\/v2\/media?parent=3672"}],"wp:term":[{"taxonomy":"category","embeddable":true,"href":"https:\/\/blogsaverroes.juntadeandalucia.es\/ceip-manuel-cano-damian\/wp-json\/wp\/v2\/categories?post=3672"},{"taxonomy":"post_tag","embeddable":true,"href":"https:\/\/blogsaverroes.juntadeandalucia.es\/ceip-manuel-cano-damian\/wp-json\/wp\/v2\/tags?post=3672"}],"curies":[{"name":"wp","href":"https:\/\/api.w.org\/{rel}","templated":true}]}}