{"id":4109,"date":"2023-12-29T17:21:52","date_gmt":"2023-12-29T16:21:52","guid":{"rendered":"https:\/\/blogsaverroes.juntadeandalucia.es\/ceip-manuel-cano-damian\/?p=4109"},"modified":"2023-12-29T17:22:15","modified_gmt":"2023-12-29T16:22:15","slug":"4109-2","status":"publish","type":"post","link":"https:\/\/blogsaverroes.juntadeandalucia.es\/ceip-manuel-cano-damian\/4109-2\/","title":{"rendered":"6\u00ba D\u00cdA DE LA CONSTITUCI\u00d3N"},"content":{"rendered":"<p><img loading=\"lazy\" decoding=\"async\" class=\"size-full wp-image-4110 aligncenter\" src=\"https:\/\/blogsaverroes.juntadeandalucia.es\/ceip-manuel-cano-damian\/files\/2023\/12\/cooltext449912603613935.png\" alt=\"\" width=\"886\" height=\"102\" srcset=\"https:\/\/blogsaverroes.juntadeandalucia.es\/ceip-manuel-cano-damian\/files\/2023\/12\/cooltext449912603613935.png 886w, https:\/\/blogsaverroes.juntadeandalucia.es\/ceip-manuel-cano-damian\/files\/2023\/12\/cooltext449912603613935-300x35.png 300w, https:\/\/blogsaverroes.juntadeandalucia.es\/ceip-manuel-cano-damian\/files\/2023\/12\/cooltext449912603613935-768x88.png 768w\" sizes=\"(max-width: 886px) 100vw, 886px\" \/><\/p>\n<div dir=\"auto\"><span style=\"color: #000000\"><strong><span style=\"font-size: 14pt\">El pasado 5 de diciembre de 2023, con motivo de la celebraci\u00f3n del d\u00eda de la Constituci\u00f3n Espa\u00f1ola, el alumnado de 6\u00ba de primaria visitaron las diferentes dependencias del Excmo. Ayuntamiento de Pozoblanco.<\/span><\/strong><\/span><\/div>\n<div dir=\"auto\"><span style=\"color: #000000\"><strong><span style=\"font-size: 14pt\">\u00a1Gracias a todas las personas que han hecho posible esta agradable y bonita visita!<\/span><\/strong><\/span><\/div>\n<div dir=\"auto\"><img loading=\"lazy\" decoding=\"async\" class=\"size-large wp-image-4111 aligncenter\" src=\"https:\/\/blogsaverroes.juntadeandalucia.es\/ceip-manuel-cano-damian\/files\/2023\/12\/4-1024x771.jpg\" alt=\"\" width=\"1024\" height=\"771\" srcset=\"https:\/\/blogsaverroes.juntadeandalucia.es\/ceip-manuel-cano-damian\/files\/2023\/12\/4-1024x771.jpg 1024w, https:\/\/blogsaverroes.juntadeandalucia.es\/ceip-manuel-cano-damian\/files\/2023\/12\/4-300x226.jpg 300w, https:\/\/blogsaverroes.juntadeandalucia.es\/ceip-manuel-cano-damian\/files\/2023\/12\/4-768x578.jpg 768w, https:\/\/blogsaverroes.juntadeandalucia.es\/ceip-manuel-cano-damian\/files\/2023\/12\/4-1536x1157.jpg 1536w, https:\/\/blogsaverroes.juntadeandalucia.es\/ceip-manuel-cano-damian\/files\/2023\/12\/4.jpg 2048w\" sizes=\"(max-width: 1024px) 100vw, 1024px\" \/> <img loading=\"lazy\" decoding=\"async\" class=\"size-large wp-image-4112 aligncenter\" src=\"https:\/\/blogsaverroes.juntadeandalucia.es\/ceip-manuel-cano-damian\/files\/2023\/12\/12-1024x768.jpg\" alt=\"\" width=\"1024\" height=\"768\" srcset=\"https:\/\/blogsaverroes.juntadeandalucia.es\/ceip-manuel-cano-damian\/files\/2023\/12\/12-1024x768.jpg 1024w, https:\/\/blogsaverroes.juntadeandalucia.es\/ceip-manuel-cano-damian\/files\/2023\/12\/12-300x225.jpg 300w, https:\/\/blogsaverroes.juntadeandalucia.es\/ceip-manuel-cano-damian\/files\/2023\/12\/12-768x576.jpg 768w, https:\/\/blogsaverroes.juntadeandalucia.es\/ceip-manuel-cano-damian\/files\/2023\/12\/12-1536x1152.jpg 1536w, https:\/\/blogsaverroes.juntadeandalucia.es\/ceip-manuel-cano-damian\/files\/2023\/12\/12.jpg 2048w\" sizes=\"(max-width: 1024px) 100vw, 1024px\" \/> <img loading=\"lazy\" decoding=\"async\" class=\"size-large wp-image-4113 aligncenter\" src=\"https:\/\/blogsaverroes.juntadeandalucia.es\/ceip-manuel-cano-damian\/files\/2023\/12\/26-1024x771.jpg\" alt=\"\" width=\"1024\" height=\"771\" srcset=\"https:\/\/blogsaverroes.juntadeandalucia.es\/ceip-manuel-cano-damian\/files\/2023\/12\/26-1024x771.jpg 1024w, https:\/\/blogsaverroes.juntadeandalucia.es\/ceip-manuel-cano-damian\/files\/2023\/12\/26-300x226.jpg 300w, https:\/\/blogsaverroes.juntadeandalucia.es\/ceip-manuel-cano-damian\/files\/2023\/12\/26-768x578.jpg 768w, https:\/\/blogsaverroes.juntadeandalucia.es\/ceip-manuel-cano-damian\/files\/2023\/12\/26-1536x1157.jpg 1536w, https:\/\/blogsaverroes.juntadeandalucia.es\/ceip-manuel-cano-damian\/files\/2023\/12\/26.jpg 2048w\" sizes=\"(max-width: 1024px) 100vw, 1024px\" \/> <img loading=\"lazy\" decoding=\"async\" class=\"size-large wp-image-4114 aligncenter\" src=\"https:\/\/blogsaverroes.juntadeandalucia.es\/ceip-manuel-cano-damian\/files\/2023\/12\/27-1024x771.jpg\" alt=\"\" width=\"1024\" height=\"771\" srcset=\"https:\/\/blogsaverroes.juntadeandalucia.es\/ceip-manuel-cano-damian\/files\/2023\/12\/27-1024x771.jpg 1024w, https:\/\/blogsaverroes.juntadeandalucia.es\/ceip-manuel-cano-damian\/files\/2023\/12\/27-300x226.jpg 300w, https:\/\/blogsaverroes.juntadeandalucia.es\/ceip-manuel-cano-damian\/files\/2023\/12\/27-768x578.jpg 768w, https:\/\/blogsaverroes.juntadeandalucia.es\/ceip-manuel-cano-damian\/files\/2023\/12\/27-1536x1157.jpg 1536w, https:\/\/blogsaverroes.juntadeandalucia.es\/ceip-manuel-cano-damian\/files\/2023\/12\/27.jpg 2048w\" sizes=\"(max-width: 1024px) 100vw, 1024px\" \/><\/div>\n","protected":false},"excerpt":{"rendered":"<p>El pasado 5 de diciembre de 2023, con motivo de la celebraci\u00f3n del d\u00eda de la Constituci\u00f3n Espa\u00f1ola, el alumnado de 6\u00ba de primaria visitaron las diferentes dependencias del Excmo. Ayuntamiento de Pozoblanco. \u00a1Gracias&#46;&#46;&#46;<\/p>\n","protected":false},"author":14491,"featured_media":4112,"comment_status":"closed","ping_status":"open","sticky":false,"template":"","format":"standard","meta":{"ngg_post_thumbnail":0,"footnotes":""},"categories":[3,4],"tags":[],"aioseo_notices":[],"_links":{"self":[{"href":"https:\/\/blogsaverroes.juntadeandalucia.es\/ceip-manuel-cano-damian\/wp-json\/wp\/v2\/posts\/4109"}],"collection":[{"href":"https:\/\/blogsaverroes.juntadeandalucia.es\/ceip-manuel-cano-damian\/wp-json\/wp\/v2\/posts"}],"about":[{"href":"https:\/\/blogsaverroes.juntadeandalucia.es\/ceip-manuel-cano-damian\/wp-json\/wp\/v2\/types\/post"}],"author":[{"embeddable":true,"href":"https:\/\/blogsaverroes.juntadeandalucia.es\/ceip-manuel-cano-damian\/wp-json\/wp\/v2\/users\/14491"}],"replies":[{"embeddable":true,"href":"https:\/\/blogsaverroes.juntadeandalucia.es\/ceip-manuel-cano-damian\/wp-json\/wp\/v2\/comments?post=4109"}],"version-history":[{"count":2,"href":"https:\/\/blogsaverroes.juntadeandalucia.es\/ceip-manuel-cano-damian\/wp-json\/wp\/v2\/posts\/4109\/revisions"}],"predecessor-version":[{"id":4116,"href":"https:\/\/blogsaverroes.juntadeandalucia.es\/ceip-manuel-cano-damian\/wp-json\/wp\/v2\/posts\/4109\/revisions\/4116"}],"wp:featuredmedia":[{"embeddable":true,"href":"https:\/\/blogsaverroes.juntadeandalucia.es\/ceip-manuel-cano-damian\/wp-json\/wp\/v2\/media\/4112"}],"wp:attachment":[{"href":"https:\/\/blogsaverroes.juntadeandalucia.es\/ceip-manuel-cano-damian\/wp-json\/wp\/v2\/media?parent=4109"}],"wp:term":[{"taxonomy":"category","embeddable":true,"href":"https:\/\/blogsaverroes.juntadeandalucia.es\/ceip-manuel-cano-damian\/wp-json\/wp\/v2\/categories?post=4109"},{"taxonomy":"post_tag","embeddable":true,"href":"https:\/\/blogsaverroes.juntadeandalucia.es\/ceip-manuel-cano-damian\/wp-json\/wp\/v2\/tags?post=4109"}],"curies":[{"name":"wp","href":"https:\/\/api.w.org\/{rel}","templated":true}]}}